{"id":53298,"date":"2020-07-11T10:07:47","date_gmt":"2020-07-11T15:07:47","guid":{"rendered":"https:\/\/futbolhoy.co\/?p=53298"},"modified":"2020-07-11T18:03:53","modified_gmt":"2020-07-11T23:03:53","slug":"libertadores-y-sudamericana-tiene-luz-verde","status":"publish","type":"post","link":"https:\/\/futbolhoy.co\/index.php\/2020\/07\/11\/libertadores-y-sudamericana-tiene-luz-verde\/","title":{"rendered":"Libertadores y Sudamericana tienen luz verde"},"content":{"rendered":"<p style=\"text-align: justify;\"><span style=\"font-family: helvetica, arial, sans-serif;\">El <strong>Consejo de la Conmebol<\/strong> anunci\u00f3 que el martes 15 de setiembre se reanudar\u00e1 la <strong>Copa Libertadores<\/strong> y el 27 de octubre la <strong>Copa Sudamericana.<\/strong><\/span><\/p>\n<p style=\"text-align: justify;\"><span style=\"font-family: helvetica, arial, sans-serif;\">La entidad sudamericana aclar\u00f3 en un comunicado que en los dos torneos se observar\u00e1n todas las medidas preventivas establecidas por las autoridades sanitarias en prevenci\u00f3n de la pandemia.<\/span><\/p>\n<p style=\"text-align: justify;\"><span style=\"font-family: helvetica, arial, sans-serif;\">\"Con la aplicaci\u00f3n estricta y responsable de las disposiciones sanitarias por parte de todos los actores del f\u00fatbol, se concretar\u00e1 el anhelo del regreso del f\u00fatbol, siempre cuidando la salud de todos\", dice la nota de la Conmebol.<\/span><\/p>\n<p style=\"text-align: justify;\"><span style=\"font-family: helvetica, arial, sans-serif;\">El Consejo determin\u00f3 que los dos torneos mantengan su formato tradicional, con la realizaci\u00f3n de todos los partidos previstos en el programa original.<\/span><\/p>\n<p style=\"text-align: justify;\"><span style=\"font-family: helvetica, arial, sans-serif;\">Los equipos que por alguna raz\u00f3n relacionada con la pandemia deban disputar sus partidos locales fuera de su sede, podr\u00e1n hacerlo con previa comunicaci\u00f3n en el tiempo que establece el reglamento.<\/span><\/p>\n","protected":false},"excerpt":{"rendered":"<p>El Consejo de la Conmebol anunci\u00f3 que el martes 15 de setiembre se reanudar\u00e1 la Copa Libertadores y el 27 de octubre la Copa Sudamericana. La entidad sudamericana aclar\u00f3 en un comunicado que en los dos torneos se observar\u00e1n todas las medidas preventivas establecidas por las autoridades sanitarias en prevenci\u00f3n de la pandemia. \"Con la [&hellip;]<\/p>\n","protected":false},"author":5,"featured_media":47166,"comment_status":"open","ping_status":"open","sticky":false,"template":"","format":"standard","meta":{"_acf_changed":false,"footnotes":""},"categories":[152],"tags":[121,115,91],"class_list":{"0":"post-53298","1":"post","2":"type-post","3":"status-publish","4":"format-standard","5":"has-post-thumbnail","7":"category-mundo-futbol","8":"tag-conmebol","9":"tag-copa-libertadores","10":"tag-copa-sudamericana"},"acf":[],"yoast_head":"<!-- This site is optimized with the Yoast SEO plugin v26.8 - https:\/\/yoast.com\/product\/yoast-seo-wordpress\/ -->\n<title>Libertadores y Sudamericana tienen luz verde -<\/title>\n<meta name=\"robots\" content=\"index, follow, max-snippet:-1, max-image-preview:large, max-video-preview:-1\" \/>\n<link rel=\"canonical\" href=\"https:\/\/futbolhoy.co\/index.php\/2020\/07\/11\/libertadores-y-sudamericana-tiene-luz-verde\/\" \/>\n<meta property=\"og:locale\" content=\"es_ES\" \/>\n<meta property=\"og:type\" content=\"article\" \/>\n<meta property=\"og:title\" content=\"Libertadores y Sudamericana tienen luz verde -\" \/>\n<meta property=\"og:description\" content=\"El Consejo de la Conmebol anunci\u00f3 que el martes 15 de setiembre se reanudar\u00e1 la Copa Libertadores y el 27 de octubre la Copa Sudamericana. La entidad sudamericana aclar\u00f3 en un comunicado que en los dos torneos se observar\u00e1n todas las medidas preventivas establecidas por las autoridades sanitarias en prevenci\u00f3n de la pandemia. &quot;Con la [&hellip;]\" \/>\n<meta property=\"og:url\" content=\"https:\/\/futbolhoy.co\/index.php\/2020\/07\/11\/libertadores-y-sudamericana-tiene-luz-verde\/\" \/>\n<meta property=\"article:publisher\" content=\"https:\/\/www.facebook.com\/FutbolHoyCol\/\" \/>\n<meta property=\"article:published_time\" content=\"2020-07-11T15:07:47+00:00\" \/>\n<meta property=\"article:modified_time\" content=\"2020-07-11T23:03:53+00:00\" \/>\n<meta property=\"og:image\" content=\"https:\/\/futbolhoy.co\/wp-content\/uploads\/2020\/02\/EP-bTbPWsAUB6UZ.jpg\" \/>\n\t<meta property=\"og:image:width\" content=\"680\" \/>\n\t<meta property=\"og:image:height\" content=\"477\" \/>\n\t<meta property=\"og:image:type\" content=\"image\/jpeg\" \/>\n<meta name=\"author\" content=\"Laura Hern\u00e1ndez\" \/>\n<meta name=\"twitter:card\" content=\"summary_large_image\" \/>\n<meta name=\"twitter:creator\" content=\"@FutbolHoyCol\" \/>\n<meta name=\"twitter:site\" content=\"@FutbolHoyCol\" \/>\n<meta name=\"twitter:label1\" content=\"Escrito por\" \/>\n\t<meta name=\"twitter:data1\" content=\"Laura Hern\u00e1ndez\" \/>\n\t<meta name=\"twitter:label2\" content=\"Tiempo de lectura\" \/>\n\t<meta name=\"twitter:data2\" content=\"1 minuto\" \/>\n<script type=\"application\/ld+json\" class=\"yoast-schema-graph\">{\"@context\":\"https:\/\/schema.org\",\"@graph\":[{\"@type\":\"Article\",\"@id\":\"https:\/\/futbolhoy.co\/index.php\/2020\/07\/11\/libertadores-y-sudamericana-tiene-luz-verde\/#article\",\"isPartOf\":{\"@id\":\"https:\/\/futbolhoy.co\/index.php\/2020\/07\/11\/libertadores-y-sudamericana-tiene-luz-verde\/\"},\"author\":{\"name\":\"Laura Hern\u00e1ndez\",\"@id\":\"https:\/\/futbolhoy.co\/#\/schema\/person\/c4a353a512b127643723a34bb1812f7d\"},\"headline\":\"Libertadores y Sudamericana tienen luz verde\",\"datePublished\":\"2020-07-11T15:07:47+00:00\",\"dateModified\":\"2020-07-11T23:03:53+00:00\",\"mainEntityOfPage\":{\"@id\":\"https:\/\/futbolhoy.co\/index.php\/2020\/07\/11\/libertadores-y-sudamericana-tiene-luz-verde\/\"},\"wordCount\":158,\"commentCount\":0,\"publisher\":{\"@id\":\"https:\/\/futbolhoy.co\/#organization\"},\"image\":{\"@id\":\"https:\/\/futbolhoy.co\/index.php\/2020\/07\/11\/libertadores-y-sudamericana-tiene-luz-verde\/#primaryimage\"},\"thumbnailUrl\":\"https:\/\/futbolhoy.co\/wp-content\/uploads\/2020\/02\/EP-bTbPWsAUB6UZ.jpg\",\"keywords\":[\"Conmebol\",\"Copa Libertadores\",\"Copa Sudam\u00e9ricana\"],\"articleSection\":[\"Mundo Futbol\"],\"inLanguage\":\"es\",\"potentialAction\":[{\"@type\":\"CommentAction\",\"name\":\"Comment\",\"target\":[\"https:\/\/futbolhoy.co\/index.php\/2020\/07\/11\/libertadores-y-sudamericana-tiene-luz-verde\/#respond\"]}]},{\"@type\":\"WebPage\",\"@id\":\"https:\/\/futbolhoy.co\/index.php\/2020\/07\/11\/libertadores-y-sudamericana-tiene-luz-verde\/\",\"url\":\"https:\/\/futbolhoy.co\/index.php\/2020\/07\/11\/libertadores-y-sudamericana-tiene-luz-verde\/\",\"name\":\"Libertadores y Sudamericana tienen luz verde -\",\"isPartOf\":{\"@id\":\"https:\/\/futbolhoy.co\/#website\"},\"primaryImageOfPage\":{\"@id\":\"https:\/\/futbolhoy.co\/index.php\/2020\/07\/11\/libertadores-y-sudamericana-tiene-luz-verde\/#primaryimage\"},\"image\":{\"@id\":\"https:\/\/futbolhoy.co\/index.php\/2020\/07\/11\/libertadores-y-sudamericana-tiene-luz-verde\/#primaryimage\"},\"thumbnailUrl\":\"https:\/\/futbolhoy.co\/wp-content\/uploads\/2020\/02\/EP-bTbPWsAUB6UZ.jpg\",\"datePublished\":\"2020-07-11T15:07:47+00:00\",\"dateModified\":\"2020-07-11T23:03:53+00:00\",\"breadcrumb\":{\"@id\":\"https:\/\/futbolhoy.co\/index.php\/2020\/07\/11\/libertadores-y-sudamericana-tiene-luz-verde\/#breadcrumb\"},\"inLanguage\":\"es\",\"potentialAction\":[{\"@type\":\"ReadAction\",\"target\":[\"https:\/\/futbolhoy.co\/index.php\/2020\/07\/11\/libertadores-y-sudamericana-tiene-luz-verde\/\"]}]},{\"@type\":\"ImageObject\",\"inLanguage\":\"es\",\"@id\":\"https:\/\/futbolhoy.co\/index.php\/2020\/07\/11\/libertadores-y-sudamericana-tiene-luz-verde\/#primaryimage\",\"url\":\"https:\/\/futbolhoy.co\/wp-content\/uploads\/2020\/02\/EP-bTbPWsAUB6UZ.jpg\",\"contentUrl\":\"https:\/\/futbolhoy.co\/wp-content\/uploads\/2020\/02\/EP-bTbPWsAUB6UZ.jpg\",\"width\":680,\"height\":477},{\"@type\":\"BreadcrumbList\",\"@id\":\"https:\/\/futbolhoy.co\/index.php\/2020\/07\/11\/libertadores-y-sudamericana-tiene-luz-verde\/#breadcrumb\",\"itemListElement\":[{\"@type\":\"ListItem\",\"position\":1,\"name\":\"Portada\",\"item\":\"https:\/\/futbolhoy.co\/\"},{\"@type\":\"ListItem\",\"position\":2,\"name\":\"Libertadores y Sudamericana tienen luz verde\"}]},{\"@type\":\"WebSite\",\"@id\":\"https:\/\/futbolhoy.co\/#website\",\"url\":\"https:\/\/futbolhoy.co\/\",\"name\":\"FutbolHoy\",\"description\":\"\",\"publisher\":{\"@id\":\"https:\/\/futbolhoy.co\/#organization\"},\"potentialAction\":[{\"@type\":\"SearchAction\",\"target\":{\"@type\":\"EntryPoint\",\"urlTemplate\":\"https:\/\/futbolhoy.co\/?s={search_term_string}\"},\"query-input\":{\"@type\":\"PropertyValueSpecification\",\"valueRequired\":true,\"valueName\":\"search_term_string\"}}],\"inLanguage\":\"es\"},{\"@type\":\"Organization\",\"@id\":\"https:\/\/futbolhoy.co\/#organization\",\"name\":\"Futbolhoy.co\",\"url\":\"https:\/\/futbolhoy.co\/\",\"logo\":{\"@type\":\"ImageObject\",\"inLanguage\":\"es\",\"@id\":\"https:\/\/futbolhoy.co\/#\/schema\/logo\/image\/\",\"url\":\"https:\/\/futbolhoy.co\/wp-content\/uploads\/2018\/08\/17426380_1906371736249227_6326180412931521141_n.jpg\",\"contentUrl\":\"https:\/\/futbolhoy.co\/wp-content\/uploads\/2018\/08\/17426380_1906371736249227_6326180412931521141_n.jpg\",\"width\":960,\"height\":960,\"caption\":\"Futbolhoy.co\"},\"image\":{\"@id\":\"https:\/\/futbolhoy.co\/#\/schema\/logo\/image\/\"},\"sameAs\":[\"https:\/\/www.facebook.com\/FutbolHoyCol\/\",\"https:\/\/x.com\/FutbolHoyCol\",\"https:\/\/www.instagram.com\/futbolhoycol\/\"]},{\"@type\":\"Person\",\"@id\":\"https:\/\/futbolhoy.co\/#\/schema\/person\/c4a353a512b127643723a34bb1812f7d\",\"name\":\"Laura Hern\u00e1ndez\",\"image\":{\"@type\":\"ImageObject\",\"inLanguage\":\"es\",\"@id\":\"https:\/\/futbolhoy.co\/#\/schema\/person\/image\/\",\"url\":\"https:\/\/secure.gravatar.com\/avatar\/d25959a15b9b293a743f99181c7cfd01?s=96&d=mm&r=g\",\"contentUrl\":\"https:\/\/secure.gravatar.com\/avatar\/d25959a15b9b293a743f99181c7cfd01?s=96&d=mm&r=g\",\"caption\":\"Laura Hern\u00e1ndez\"}}]}<\/script>\n<!-- \/ Yoast SEO plugin. -->","yoast_head_json":{"title":"Libertadores y Sudamericana tienen luz verde -","robots":{"index":"index","follow":"follow","max-snippet":"max-snippet:-1","max-image-preview":"max-image-preview:large","max-video-preview":"max-video-preview:-1"},"canonical":"https:\/\/futbolhoy.co\/index.php\/2020\/07\/11\/libertadores-y-sudamericana-tiene-luz-verde\/","og_locale":"es_ES","og_type":"article","og_title":"Libertadores y Sudamericana tienen luz verde -","og_description":"El Consejo de la Conmebol anunci\u00f3 que el martes 15 de setiembre se reanudar\u00e1 la Copa Libertadores y el 27 de octubre la Copa Sudamericana. La entidad sudamericana aclar\u00f3 en un comunicado que en los dos torneos se observar\u00e1n todas las medidas preventivas establecidas por las autoridades sanitarias en prevenci\u00f3n de la pandemia. \"Con la [&hellip;]","og_url":"https:\/\/futbolhoy.co\/index.php\/2020\/07\/11\/libertadores-y-sudamericana-tiene-luz-verde\/","article_publisher":"https:\/\/www.facebook.com\/FutbolHoyCol\/","article_published_time":"2020-07-11T15:07:47+00:00","article_modified_time":"2020-07-11T23:03:53+00:00","og_image":[{"width":680,"height":477,"url":"https:\/\/futbolhoy.co\/wp-content\/uploads\/2020\/02\/EP-bTbPWsAUB6UZ.jpg","type":"image\/jpeg"}],"author":"Laura Hern\u00e1ndez","twitter_card":"summary_large_image","twitter_creator":"@FutbolHoyCol","twitter_site":"@FutbolHoyCol","twitter_misc":{"Escrito por":"Laura Hern\u00e1ndez","Tiempo de lectura":"1 minuto"},"schema":{"@context":"https:\/\/schema.org","@graph":[{"@type":"Article","@id":"https:\/\/futbolhoy.co\/index.php\/2020\/07\/11\/libertadores-y-sudamericana-tiene-luz-verde\/#article","isPartOf":{"@id":"https:\/\/futbolhoy.co\/index.php\/2020\/07\/11\/libertadores-y-sudamericana-tiene-luz-verde\/"},"author":{"name":"Laura Hern\u00e1ndez","@id":"https:\/\/futbolhoy.co\/#\/schema\/person\/c4a353a512b127643723a34bb1812f7d"},"headline":"Libertadores y Sudamericana tienen luz verde","datePublished":"2020-07-11T15:07:47+00:00","dateModified":"2020-07-11T23:03:53+00:00","mainEntityOfPage":{"@id":"https:\/\/futbolhoy.co\/index.php\/2020\/07\/11\/libertadores-y-sudamericana-tiene-luz-verde\/"},"wordCount":158,"commentCount":0,"publisher":{"@id":"https:\/\/futbolhoy.co\/#organization"},"image":{"@id":"https:\/\/futbolhoy.co\/index.php\/2020\/07\/11\/libertadores-y-sudamericana-tiene-luz-verde\/#primaryimage"},"thumbnailUrl":"https:\/\/futbolhoy.co\/wp-content\/uploads\/2020\/02\/EP-bTbPWsAUB6UZ.jpg","keywords":["Conmebol","Copa Libertadores","Copa Sudam\u00e9ricana"],"articleSection":["Mundo Futbol"],"inLanguage":"es","potentialAction":[{"@type":"CommentAction","name":"Comment","target":["https:\/\/futbolhoy.co\/index.php\/2020\/07\/11\/libertadores-y-sudamericana-tiene-luz-verde\/#respond"]}]},{"@type":"WebPage","@id":"https:\/\/futbolhoy.co\/index.php\/2020\/07\/11\/libertadores-y-sudamericana-tiene-luz-verde\/","url":"https:\/\/futbolhoy.co\/index.php\/2020\/07\/11\/libertadores-y-sudamericana-tiene-luz-verde\/","name":"Libertadores y Sudamericana tienen luz verde -","isPartOf":{"@id":"https:\/\/futbolhoy.co\/#website"},"primaryImageOfPage":{"@id":"https:\/\/futbolhoy.co\/index.php\/2020\/07\/11\/libertadores-y-sudamericana-tiene-luz-verde\/#primaryimage"},"image":{"@id":"https:\/\/futbolhoy.co\/index.php\/2020\/07\/11\/libertadores-y-sudamericana-tiene-luz-verde\/#primaryimage"},"thumbnailUrl":"https:\/\/futbolhoy.co\/wp-content\/uploads\/2020\/02\/EP-bTbPWsAUB6UZ.jpg","datePublished":"2020-07-11T15:07:47+00:00","dateModified":"2020-07-11T23:03:53+00:00","breadcrumb":{"@id":"https:\/\/futbolhoy.co\/index.php\/2020\/07\/11\/libertadores-y-sudamericana-tiene-luz-verde\/#breadcrumb"},"inLanguage":"es","potentialAction":[{"@type":"ReadAction","target":["https:\/\/futbolhoy.co\/index.php\/2020\/07\/11\/libertadores-y-sudamericana-tiene-luz-verde\/"]}]},{"@type":"ImageObject","inLanguage":"es","@id":"https:\/\/futbolhoy.co\/index.php\/2020\/07\/11\/libertadores-y-sudamericana-tiene-luz-verde\/#primaryimage","url":"https:\/\/futbolhoy.co\/wp-content\/uploads\/2020\/02\/EP-bTbPWsAUB6UZ.jpg","contentUrl":"https:\/\/futbolhoy.co\/wp-content\/uploads\/2020\/02\/EP-bTbPWsAUB6UZ.jpg","width":680,"height":477},{"@type":"BreadcrumbList","@id":"https:\/\/futbolhoy.co\/index.php\/2020\/07\/11\/libertadores-y-sudamericana-tiene-luz-verde\/#breadcrumb","itemListElement":[{"@type":"ListItem","position":1,"name":"Portada","item":"https:\/\/futbolhoy.co\/"},{"@type":"ListItem","position":2,"name":"Libertadores y Sudamericana tienen luz verde"}]},{"@type":"WebSite","@id":"https:\/\/futbolhoy.co\/#website","url":"https:\/\/futbolhoy.co\/","name":"FutbolHoy","description":"","publisher":{"@id":"https:\/\/futbolhoy.co\/#organization"},"potentialAction":[{"@type":"SearchAction","target":{"@type":"EntryPoint","urlTemplate":"https:\/\/futbolhoy.co\/?s={search_term_string}"},"query-input":{"@type":"PropertyValueSpecification","valueRequired":true,"valueName":"search_term_string"}}],"inLanguage":"es"},{"@type":"Organization","@id":"https:\/\/futbolhoy.co\/#organization","name":"Futbolhoy.co","url":"https:\/\/futbolhoy.co\/","logo":{"@type":"ImageObject","inLanguage":"es","@id":"https:\/\/futbolhoy.co\/#\/schema\/logo\/image\/","url":"https:\/\/futbolhoy.co\/wp-content\/uploads\/2018\/08\/17426380_1906371736249227_6326180412931521141_n.jpg","contentUrl":"https:\/\/futbolhoy.co\/wp-content\/uploads\/2018\/08\/17426380_1906371736249227_6326180412931521141_n.jpg","width":960,"height":960,"caption":"Futbolhoy.co"},"image":{"@id":"https:\/\/futbolhoy.co\/#\/schema\/logo\/image\/"},"sameAs":["https:\/\/www.facebook.com\/FutbolHoyCol\/","https:\/\/x.com\/FutbolHoyCol","https:\/\/www.instagram.com\/futbolhoycol\/"]},{"@type":"Person","@id":"https:\/\/futbolhoy.co\/#\/schema\/person\/c4a353a512b127643723a34bb1812f7d","name":"Laura Hern\u00e1ndez","image":{"@type":"ImageObject","inLanguage":"es","@id":"https:\/\/futbolhoy.co\/#\/schema\/person\/image\/","url":"https:\/\/secure.gravatar.com\/avatar\/d25959a15b9b293a743f99181c7cfd01?s=96&d=mm&r=g","contentUrl":"https:\/\/secure.gravatar.com\/avatar\/d25959a15b9b293a743f99181c7cfd01?s=96&d=mm&r=g","caption":"Laura Hern\u00e1ndez"}}]}},"publishpress_future_action":{"enabled":false,"date":"2026-05-06 11:10:55","action":"change-status","newStatus":"draft","terms":[],"taxonomy":"category","extraData":[]},"publishpress_future_workflow_manual_trigger":{"enabledWorkflows":[]},"_links":{"self":[{"href":"https:\/\/futbolhoy.co\/index.php\/wp-json\/wp\/v2\/posts\/53298","targetHints":{"allow":["GET"]}}],"collection":[{"href":"https:\/\/futbolhoy.co\/index.php\/wp-json\/wp\/v2\/posts"}],"about":[{"href":"https:\/\/futbolhoy.co\/index.php\/wp-json\/wp\/v2\/types\/post"}],"author":[{"embeddable":true,"href":"https:\/\/futbolhoy.co\/index.php\/wp-json\/wp\/v2\/users\/5"}],"replies":[{"embeddable":true,"href":"https:\/\/futbolhoy.co\/index.php\/wp-json\/wp\/v2\/comments?post=53298"}],"version-history":[{"count":2,"href":"https:\/\/futbolhoy.co\/index.php\/wp-json\/wp\/v2\/posts\/53298\/revisions"}],"predecessor-version":[{"id":53308,"href":"https:\/\/futbolhoy.co\/index.php\/wp-json\/wp\/v2\/posts\/53298\/revisions\/53308"}],"wp:featuredmedia":[{"embeddable":true,"href":"https:\/\/futbolhoy.co\/index.php\/wp-json\/wp\/v2\/media\/47166"}],"wp:attachment":[{"href":"https:\/\/futbolhoy.co\/index.php\/wp-json\/wp\/v2\/media?parent=53298"}],"wp:term":[{"taxonomy":"category","embeddable":true,"href":"https:\/\/futbolhoy.co\/index.php\/wp-json\/wp\/v2\/categories?post=53298"},{"taxonomy":"post_tag","embeddable":true,"href":"https:\/\/futbolhoy.co\/index.php\/wp-json\/wp\/v2\/tags?post=53298"}],"curies":[{"name":"wp","href":"https:\/\/api.w.org\/{rel}","templated":true}]}}