{"id":53363,"date":"2020-07-13T13:10:20","date_gmt":"2020-07-13T18:10:20","guid":{"rendered":"https:\/\/futbolhoy.co\/?p=53363"},"modified":"2020-07-14T08:04:16","modified_gmt":"2020-07-14T13:04:16","slug":"america-presento-a-su-nuevo-tecnico","status":"publish","type":"post","link":"https:\/\/futbolhoy.co\/index.php\/2020\/07\/13\/america-presento-a-su-nuevo-tecnico\/","title":{"rendered":"Am\u00e9rica present\u00f3 a su nuevo t\u00e9cnico"},"content":{"rendered":"<audio class=\"wp-audio-shortcode\" id=\"audio-53363-1\" preload=\"none\" style=\"width: 100%;\" controls=\"controls\"><source type=\"audio\/mpeg\" src=\"https:\/\/futbolhoy.co\/wp-content\/uploads\/2020\/07\/ACERO-CRUZ-OK.1329.mp3?_=1\" \/><a href=\"https:\/\/futbolhoy.co\/wp-content\/uploads\/2020\/07\/ACERO-CRUZ-OK.1329.mp3\">https:\/\/futbolhoy.co\/wp-content\/uploads\/2020\/07\/ACERO-CRUZ-OK.1329.mp3<\/a><\/audio>\n<p>(Juan Cruz Real, nuevo t\u00e9cnico del Am\u00e9rica, en rueda de prensa)<\/p>\n<p style=\"text-align: justify;\"><span style=\"font-family: helvetica, arial, sans-serif;\">El argentino <strong>Juan Cruz Real<\/strong> fue presentado como nuevo t\u00e9cnico del <strong>Am\u00e9rica<\/strong> para el 2020, en sustituci\u00f3n de <strong>Alexandre<\/strong> <strong>Guimaraes<\/strong>, quien no lleg\u00f3 a un acuerdo para seguir en la entidad.<\/span><\/p>\n<p style=\"text-align: justify;\"><span style=\"font-family: helvetica, arial, sans-serif;\">\u00abEs un d\u00eda muy importante para m\u00ed, lleg\u00f3 a una instituci\u00f3n con much\u00edsima historia donde han pasado grandes entrenadores y grandes jugadores. Este club tiene un reconocimiento a nivel continental, es un momento muy importante en nuestras carreras. Queremos escribir nuestra propia historia, quiero agradecerle a la instituci\u00f3n por la confianza que han depositado en nosotros\u00bb, dijo Cruz Real en el acto virtual.<\/span><\/p>\n<p style=\"text-align: justify;\"><span style=\"font-family: helvetica, arial, sans-serif;\">El t\u00e9cnico, quien dirigi\u00f3 a <strong>Jaguares<\/strong> hasta el pasado 12 de marzo, estar\u00e1 acompa\u00f1ado por el argentino <strong>Leonardo Felicia<\/strong> y el espa\u00f1ol <strong>Sergi Escobar.<\/strong><\/span><\/p>\n","protected":false},"excerpt":{"rendered":"<p>(Juan Cruz Real, nuevo t\u00e9cnico del Am\u00e9rica, en rueda de prensa) El argentino Juan Cruz Real fue presentado como nuevo t\u00e9cnico del Am\u00e9rica para el 2020, en sustituci\u00f3n de Alexandre Guimaraes, quien no lleg\u00f3 a un acuerdo para seguir en la entidad. \u00abEs un d\u00eda muy importante para m\u00ed, lleg\u00f3 a una instituci\u00f3n con much\u00edsima [&hellip;]<\/p>\n","protected":false},"author":5,"featured_media":53365,"comment_status":"open","ping_status":"closed","sticky":false,"template":"","format":"video","meta":{"_acf_changed":false,"footnotes":""},"categories":[7],"tags":[162],"class_list":["post-53363","post","type-post","status-publish","format-video","has-post-thumbnail","category-liga-betplay","tag-america-de-cali","post_format-post-format-video"],"acf":[],"yoast_head":"<!-- This site is optimized with the Yoast SEO plugin v28.3 - https:\/\/yoast.com\/product\/yoast-seo-wordpress\/ -->\n<title>Am\u00e9rica present\u00f3 a su nuevo t\u00e9cnico -<\/title>\n<meta name=\"robots\" content=\"index, follow, max-snippet:-1, max-image-preview:large, max-video-preview:-1\" \/>\n<link rel=\"canonical\" href=\"https:\/\/futbolhoy.co\/index.php\/2020\/07\/13\/america-presento-a-su-nuevo-tecnico\/\" \/>\n<meta property=\"og:locale\" content=\"es_ES\" \/>\n<meta property=\"og:type\" content=\"article\" \/>\n<meta property=\"og:title\" content=\"Am\u00e9rica present\u00f3 a su nuevo t\u00e9cnico -\" \/>\n<meta property=\"og:description\" content=\"(Juan Cruz Real, nuevo t\u00e9cnico del Am\u00e9rica, en rueda de prensa) El argentino Juan Cruz Real fue presentado como nuevo t\u00e9cnico del Am\u00e9rica para el 2020, en sustituci\u00f3n de Alexandre Guimaraes, quien no lleg\u00f3 a un acuerdo para seguir en la entidad. \u00abEs un d\u00eda muy importante para m\u00ed, lleg\u00f3 a una instituci\u00f3n con much\u00edsima [&hellip;]\" \/>\n<meta property=\"og:url\" content=\"https:\/\/futbolhoy.co\/index.php\/2020\/07\/13\/america-presento-a-su-nuevo-tecnico\/\" \/>\n<meta property=\"article:publisher\" content=\"https:\/\/www.facebook.com\/FutbolHoyCol\/\" \/>\n<meta property=\"article:published_time\" content=\"2020-07-13T18:10:20+00:00\" \/>\n<meta property=\"article:modified_time\" content=\"2020-07-14T13:04:16+00:00\" \/>\n<meta property=\"og:image\" content=\"https:\/\/futbolhoy.co\/wp-content\/uploads\/2020\/07\/rEAL.jpg\" \/>\n\t<meta property=\"og:image:width\" content=\"2048\" \/>\n\t<meta property=\"og:image:height\" content=\"2048\" \/>\n\t<meta property=\"og:image:type\" content=\"image\/jpeg\" \/>\n<meta name=\"author\" content=\"Laura Hern\u00e1ndez\" \/>\n<meta name=\"twitter:card\" content=\"summary_large_image\" \/>\n<meta name=\"twitter:creator\" content=\"@FutbolHoyCol\" \/>\n<meta name=\"twitter:site\" content=\"@FutbolHoyCol\" \/>\n<meta name=\"twitter:label1\" content=\"Escrito por\" \/>\n\t<meta name=\"twitter:data1\" content=\"Laura Hern\u00e1ndez\" \/>\n\t<meta name=\"twitter:label2\" content=\"Tiempo de lectura\" \/>\n\t<meta name=\"twitter:data2\" content=\"1 minuto\" \/>\n<script type=\"application\/ld+json\" class=\"yoast-schema-graph\">{\"@context\":\"https:\\\/\\\/schema.org\",\"@graph\":[{\"@type\":\"Article\",\"@id\":\"https:\\\/\\\/futbolhoy.co\\\/index.php\\\/2020\\\/07\\\/13\\\/america-presento-a-su-nuevo-tecnico\\\/#article\",\"isPartOf\":{\"@id\":\"https:\\\/\\\/futbolhoy.co\\\/index.php\\\/2020\\\/07\\\/13\\\/america-presento-a-su-nuevo-tecnico\\\/\"},\"author\":{\"name\":\"Laura Hern\u00e1ndez\",\"@id\":\"https:\\\/\\\/futbolhoy.co\\\/#\\\/schema\\\/person\\\/c4a353a512b127643723a34bb1812f7d\"},\"headline\":\"Am\u00e9rica present\u00f3 a su nuevo t\u00e9cnico\",\"datePublished\":\"2020-07-13T18:10:20+00:00\",\"dateModified\":\"2020-07-14T13:04:16+00:00\",\"mainEntityOfPage\":{\"@id\":\"https:\\\/\\\/futbolhoy.co\\\/index.php\\\/2020\\\/07\\\/13\\\/america-presento-a-su-nuevo-tecnico\\\/\"},\"wordCount\":157,\"commentCount\":0,\"image\":{\"@id\":\"https:\\\/\\\/futbolhoy.co\\\/index.php\\\/2020\\\/07\\\/13\\\/america-presento-a-su-nuevo-tecnico\\\/#primaryimage\"},\"thumbnailUrl\":\"https:\\\/\\\/futbolhoy.co\\\/wp-content\\\/uploads\\\/2020\\\/07\\\/rEAL.jpg\",\"keywords\":[\"Am\u00e9rica de Cali\"],\"articleSection\":[\"Liga BetPlay\"],\"inLanguage\":\"es\",\"potentialAction\":[{\"@type\":\"CommentAction\",\"name\":\"Comment\",\"target\":[\"https:\\\/\\\/futbolhoy.co\\\/index.php\\\/2020\\\/07\\\/13\\\/america-presento-a-su-nuevo-tecnico\\\/#respond\"]}]},{\"@type\":\"WebPage\",\"@id\":\"https:\\\/\\\/futbolhoy.co\\\/index.php\\\/2020\\\/07\\\/13\\\/america-presento-a-su-nuevo-tecnico\\\/\",\"url\":\"https:\\\/\\\/futbolhoy.co\\\/index.php\\\/2020\\\/07\\\/13\\\/america-presento-a-su-nuevo-tecnico\\\/\",\"name\":\"Am\u00e9rica present\u00f3 a su nuevo t\u00e9cnico -\",\"isPartOf\":{\"@id\":\"https:\\\/\\\/futbolhoy.co\\\/#website\"},\"primaryImageOfPage\":{\"@id\":\"https:\\\/\\\/futbolhoy.co\\\/index.php\\\/2020\\\/07\\\/13\\\/america-presento-a-su-nuevo-tecnico\\\/#primaryimage\"},\"image\":{\"@id\":\"https:\\\/\\\/futbolhoy.co\\\/index.php\\\/2020\\\/07\\\/13\\\/america-presento-a-su-nuevo-tecnico\\\/#primaryimage\"},\"thumbnailUrl\":\"https:\\\/\\\/futbolhoy.co\\\/wp-content\\\/uploads\\\/2020\\\/07\\\/rEAL.jpg\",\"datePublished\":\"2020-07-13T18:10:20+00:00\",\"dateModified\":\"2020-07-14T13:04:16+00:00\",\"author\":{\"@id\":\"https:\\\/\\\/futbolhoy.co\\\/#\\\/schema\\\/person\\\/c4a353a512b127643723a34bb1812f7d\"},\"breadcrumb\":{\"@id\":\"https:\\\/\\\/futbolhoy.co\\\/index.php\\\/2020\\\/07\\\/13\\\/america-presento-a-su-nuevo-tecnico\\\/#breadcrumb\"},\"inLanguage\":\"es\",\"potentialAction\":[{\"@type\":\"ReadAction\",\"target\":[\"https:\\\/\\\/futbolhoy.co\\\/index.php\\\/2020\\\/07\\\/13\\\/america-presento-a-su-nuevo-tecnico\\\/\"]}]},{\"@type\":\"ImageObject\",\"inLanguage\":\"es\",\"@id\":\"https:\\\/\\\/futbolhoy.co\\\/index.php\\\/2020\\\/07\\\/13\\\/america-presento-a-su-nuevo-tecnico\\\/#primaryimage\",\"url\":\"https:\\\/\\\/futbolhoy.co\\\/wp-content\\\/uploads\\\/2020\\\/07\\\/rEAL.jpg\",\"contentUrl\":\"https:\\\/\\\/futbolhoy.co\\\/wp-content\\\/uploads\\\/2020\\\/07\\\/rEAL.jpg\",\"width\":2048,\"height\":2048},{\"@type\":\"BreadcrumbList\",\"@id\":\"https:\\\/\\\/futbolhoy.co\\\/index.php\\\/2020\\\/07\\\/13\\\/america-presento-a-su-nuevo-tecnico\\\/#breadcrumb\",\"itemListElement\":[{\"@type\":\"ListItem\",\"position\":1,\"name\":\"Portada\",\"item\":\"https:\\\/\\\/futbolhoy.co\\\/\"},{\"@type\":\"ListItem\",\"position\":2,\"name\":\"Am\u00e9rica present\u00f3 a su nuevo t\u00e9cnico\"}]},{\"@type\":\"WebSite\",\"@id\":\"https:\\\/\\\/futbolhoy.co\\\/#website\",\"url\":\"https:\\\/\\\/futbolhoy.co\\\/\",\"name\":\"FutbolHoy\",\"description\":\"\",\"potentialAction\":[{\"@type\":\"SearchAction\",\"target\":{\"@type\":\"EntryPoint\",\"urlTemplate\":\"https:\\\/\\\/futbolhoy.co\\\/?s={search_term_string}\"},\"query-input\":{\"@type\":\"PropertyValueSpecification\",\"valueRequired\":true,\"valueName\":\"search_term_string\"}}],\"inLanguage\":\"es\"},{\"@type\":\"Person\",\"@id\":\"https:\\\/\\\/futbolhoy.co\\\/#\\\/schema\\\/person\\\/c4a353a512b127643723a34bb1812f7d\",\"name\":\"Laura Hern\u00e1ndez\",\"image\":{\"@type\":\"ImageObject\",\"inLanguage\":\"es\",\"@id\":\"https:\\\/\\\/secure.gravatar.com\\\/avatar\\\/1ae6b7966942c60c822ea71afe0e5cf4105b8e983193883c6d026db4d508431d?s=96&d=mm&r=g\",\"url\":\"https:\\\/\\\/secure.gravatar.com\\\/avatar\\\/1ae6b7966942c60c822ea71afe0e5cf4105b8e983193883c6d026db4d508431d?s=96&d=mm&r=g\",\"contentUrl\":\"https:\\\/\\\/secure.gravatar.com\\\/avatar\\\/1ae6b7966942c60c822ea71afe0e5cf4105b8e983193883c6d026db4d508431d?s=96&d=mm&r=g\",\"caption\":\"Laura Hern\u00e1ndez\"}}]}<\/script>\n<!-- \/ Yoast SEO plugin. -->","yoast_head_json":{"title":"Am\u00e9rica present\u00f3 a su nuevo t\u00e9cnico -","robots":{"index":"index","follow":"follow","max-snippet":"max-snippet:-1","max-image-preview":"max-image-preview:large","max-video-preview":"max-video-preview:-1"},"canonical":"https:\/\/futbolhoy.co\/index.php\/2020\/07\/13\/america-presento-a-su-nuevo-tecnico\/","og_locale":"es_ES","og_type":"article","og_title":"Am\u00e9rica present\u00f3 a su nuevo t\u00e9cnico -","og_description":"(Juan Cruz Real, nuevo t\u00e9cnico del Am\u00e9rica, en rueda de prensa) El argentino Juan Cruz Real fue presentado como nuevo t\u00e9cnico del Am\u00e9rica para el 2020, en sustituci\u00f3n de Alexandre Guimaraes, quien no lleg\u00f3 a un acuerdo para seguir en la entidad. \u00abEs un d\u00eda muy importante para m\u00ed, lleg\u00f3 a una instituci\u00f3n con much\u00edsima [&hellip;]","og_url":"https:\/\/futbolhoy.co\/index.php\/2020\/07\/13\/america-presento-a-su-nuevo-tecnico\/","article_publisher":"https:\/\/www.facebook.com\/FutbolHoyCol\/","article_published_time":"2020-07-13T18:10:20+00:00","article_modified_time":"2020-07-14T13:04:16+00:00","og_image":[{"width":2048,"height":2048,"url":"https:\/\/futbolhoy.co\/wp-content\/uploads\/2020\/07\/rEAL.jpg","type":"image\/jpeg"}],"author":"Laura Hern\u00e1ndez","twitter_card":"summary_large_image","twitter_creator":"@FutbolHoyCol","twitter_site":"@FutbolHoyCol","twitter_misc":{"Escrito por":"Laura Hern\u00e1ndez","Tiempo de lectura":"1 minuto"},"schema":{"@context":"https:\/\/schema.org","@graph":[{"@type":"Article","@id":"https:\/\/futbolhoy.co\/index.php\/2020\/07\/13\/america-presento-a-su-nuevo-tecnico\/#article","isPartOf":{"@id":"https:\/\/futbolhoy.co\/index.php\/2020\/07\/13\/america-presento-a-su-nuevo-tecnico\/"},"author":{"name":"Laura Hern\u00e1ndez","@id":"https:\/\/futbolhoy.co\/#\/schema\/person\/c4a353a512b127643723a34bb1812f7d"},"headline":"Am\u00e9rica present\u00f3 a su nuevo t\u00e9cnico","datePublished":"2020-07-13T18:10:20+00:00","dateModified":"2020-07-14T13:04:16+00:00","mainEntityOfPage":{"@id":"https:\/\/futbolhoy.co\/index.php\/2020\/07\/13\/america-presento-a-su-nuevo-tecnico\/"},"wordCount":157,"commentCount":0,"image":{"@id":"https:\/\/futbolhoy.co\/index.php\/2020\/07\/13\/america-presento-a-su-nuevo-tecnico\/#primaryimage"},"thumbnailUrl":"https:\/\/futbolhoy.co\/wp-content\/uploads\/2020\/07\/rEAL.jpg","keywords":["Am\u00e9rica de Cali"],"articleSection":["Liga BetPlay"],"inLanguage":"es","potentialAction":[{"@type":"CommentAction","name":"Comment","target":["https:\/\/futbolhoy.co\/index.php\/2020\/07\/13\/america-presento-a-su-nuevo-tecnico\/#respond"]}]},{"@type":"WebPage","@id":"https:\/\/futbolhoy.co\/index.php\/2020\/07\/13\/america-presento-a-su-nuevo-tecnico\/","url":"https:\/\/futbolhoy.co\/index.php\/2020\/07\/13\/america-presento-a-su-nuevo-tecnico\/","name":"Am\u00e9rica present\u00f3 a su nuevo t\u00e9cnico -","isPartOf":{"@id":"https:\/\/futbolhoy.co\/#website"},"primaryImageOfPage":{"@id":"https:\/\/futbolhoy.co\/index.php\/2020\/07\/13\/america-presento-a-su-nuevo-tecnico\/#primaryimage"},"image":{"@id":"https:\/\/futbolhoy.co\/index.php\/2020\/07\/13\/america-presento-a-su-nuevo-tecnico\/#primaryimage"},"thumbnailUrl":"https:\/\/futbolhoy.co\/wp-content\/uploads\/2020\/07\/rEAL.jpg","datePublished":"2020-07-13T18:10:20+00:00","dateModified":"2020-07-14T13:04:16+00:00","author":{"@id":"https:\/\/futbolhoy.co\/#\/schema\/person\/c4a353a512b127643723a34bb1812f7d"},"breadcrumb":{"@id":"https:\/\/futbolhoy.co\/index.php\/2020\/07\/13\/america-presento-a-su-nuevo-tecnico\/#breadcrumb"},"inLanguage":"es","potentialAction":[{"@type":"ReadAction","target":["https:\/\/futbolhoy.co\/index.php\/2020\/07\/13\/america-presento-a-su-nuevo-tecnico\/"]}]},{"@type":"ImageObject","inLanguage":"es","@id":"https:\/\/futbolhoy.co\/index.php\/2020\/07\/13\/america-presento-a-su-nuevo-tecnico\/#primaryimage","url":"https:\/\/futbolhoy.co\/wp-content\/uploads\/2020\/07\/rEAL.jpg","contentUrl":"https:\/\/futbolhoy.co\/wp-content\/uploads\/2020\/07\/rEAL.jpg","width":2048,"height":2048},{"@type":"BreadcrumbList","@id":"https:\/\/futbolhoy.co\/index.php\/2020\/07\/13\/america-presento-a-su-nuevo-tecnico\/#breadcrumb","itemListElement":[{"@type":"ListItem","position":1,"name":"Portada","item":"https:\/\/futbolhoy.co\/"},{"@type":"ListItem","position":2,"name":"Am\u00e9rica present\u00f3 a su nuevo t\u00e9cnico"}]},{"@type":"WebSite","@id":"https:\/\/futbolhoy.co\/#website","url":"https:\/\/futbolhoy.co\/","name":"FutbolHoy","description":"","potentialAction":[{"@type":"SearchAction","target":{"@type":"EntryPoint","urlTemplate":"https:\/\/futbolhoy.co\/?s={search_term_string}"},"query-input":{"@type":"PropertyValueSpecification","valueRequired":true,"valueName":"search_term_string"}}],"inLanguage":"es"},{"@type":"Person","@id":"https:\/\/futbolhoy.co\/#\/schema\/person\/c4a353a512b127643723a34bb1812f7d","name":"Laura Hern\u00e1ndez","image":{"@type":"ImageObject","inLanguage":"es","@id":"https:\/\/secure.gravatar.com\/avatar\/1ae6b7966942c60c822ea71afe0e5cf4105b8e983193883c6d026db4d508431d?s=96&d=mm&r=g","url":"https:\/\/secure.gravatar.com\/avatar\/1ae6b7966942c60c822ea71afe0e5cf4105b8e983193883c6d026db4d508431d?s=96&d=mm&r=g","contentUrl":"https:\/\/secure.gravatar.com\/avatar\/1ae6b7966942c60c822ea71afe0e5cf4105b8e983193883c6d026db4d508431d?s=96&d=mm&r=g","caption":"Laura Hern\u00e1ndez"}}]}},"_links":{"self":[{"href":"https:\/\/futbolhoy.co\/index.php\/wp-json\/wp\/v2\/posts\/53363","targetHints":{"allow":["GET"]}}],"collection":[{"href":"https:\/\/futbolhoy.co\/index.php\/wp-json\/wp\/v2\/posts"}],"about":[{"href":"https:\/\/futbolhoy.co\/index.php\/wp-json\/wp\/v2\/types\/post"}],"author":[{"embeddable":true,"href":"https:\/\/futbolhoy.co\/index.php\/wp-json\/wp\/v2\/users\/5"}],"replies":[{"embeddable":true,"href":"https:\/\/futbolhoy.co\/index.php\/wp-json\/wp\/v2\/comments?post=53363"}],"version-history":[{"count":1,"href":"https:\/\/futbolhoy.co\/index.php\/wp-json\/wp\/v2\/posts\/53363\/revisions"}],"predecessor-version":[{"id":53366,"href":"https:\/\/futbolhoy.co\/index.php\/wp-json\/wp\/v2\/posts\/53363\/revisions\/53366"}],"wp:featuredmedia":[{"embeddable":true,"href":"https:\/\/futbolhoy.co\/index.php\/wp-json\/wp\/v2\/media\/53365"}],"wp:attachment":[{"href":"https:\/\/futbolhoy.co\/index.php\/wp-json\/wp\/v2\/media?parent=53363"}],"wp:term":[{"taxonomy":"category","embeddable":true,"href":"https:\/\/futbolhoy.co\/index.php\/wp-json\/wp\/v2\/categories?post=53363"},{"taxonomy":"post_tag","embeddable":true,"href":"https:\/\/futbolhoy.co\/index.php\/wp-json\/wp\/v2\/tags?post=53363"}],"curies":[{"name":"wp","href":"https:\/\/api.w.org\/{rel}","templated":true}]}}