{"id":53498,"date":"2020-07-16T16:01:01","date_gmt":"2020-07-16T21:01:01","guid":{"rendered":"https:\/\/futbolhoy.co\/?p=53498"},"modified":"2020-07-17T11:20:32","modified_gmt":"2020-07-17T16:20:32","slug":"el-madrid-campeon","status":"publish","type":"post","link":"https:\/\/futbolhoy.co\/index.php\/2020\/07\/16\/el-madrid-campeon\/","title":{"rendered":"El Madrid, campe\u00f3n"},"content":{"rendered":"<!--[if lt IE 9]><script>document.createElement('audio');<\/script><![endif]-->\n<audio class=\"wp-audio-shortcode\" id=\"audio-53498-1\" preload=\"none\" style=\"width: 100%;\" controls=\"controls\"><source type=\"audio\/mpeg\" src=\"https:\/\/futbolhoy.co\/wp-content\/uploads\/2020\/07\/savetweetvid_ItcD08UPw7UmcHFj.mp3?_=1\" \/><a href=\"https:\/\/futbolhoy.co\/wp-content\/uploads\/2020\/07\/savetweetvid_ItcD08UPw7UmcHFj.mp3\">https:\/\/futbolhoy.co\/wp-content\/uploads\/2020\/07\/savetweetvid_ItcD08UPw7UmcHFj.mp3<\/a><\/audio>\n<p><span style=\"font-size: 10pt; font-family: helvetica, arial, sans-serif;\"><strong><em>Zinedine Zidane - Dt Real Madrid<\/em><\/strong><\/span><\/p>\n<audio class=\"wp-audio-shortcode\" id=\"audio-53498-2\" preload=\"none\" style=\"width: 100%;\" controls=\"controls\"><source type=\"audio\/mpeg\" src=\"https:\/\/futbolhoy.co\/wp-content\/uploads\/2020\/07\/savetweetvid_5sgYIWF9-nXPM6w_.mp3?_=2\" \/><a href=\"https:\/\/futbolhoy.co\/wp-content\/uploads\/2020\/07\/savetweetvid_5sgYIWF9-nXPM6w_.mp3\">https:\/\/futbolhoy.co\/wp-content\/uploads\/2020\/07\/savetweetvid_5sgYIWF9-nXPM6w_.mp3<\/a><\/audio>\n<p><span style=\"font-size: 10pt; font-family: helvetica, arial, sans-serif;\"><em><strong>Thibaut Courtois - Arquero Real Madrid<\/strong><\/em><\/span><\/p>\n<audio class=\"wp-audio-shortcode\" id=\"audio-53498-3\" preload=\"none\" style=\"width: 100%;\" controls=\"controls\"><source type=\"audio\/mpeg\" src=\"https:\/\/futbolhoy.co\/wp-content\/uploads\/2020\/07\/savetweetvid_v51daONDz5cMjkpQ.mp3?_=3\" \/><a href=\"https:\/\/futbolhoy.co\/wp-content\/uploads\/2020\/07\/savetweetvid_v51daONDz5cMjkpQ.mp3\">https:\/\/futbolhoy.co\/wp-content\/uploads\/2020\/07\/savetweetvid_v51daONDz5cMjkpQ.mp3<\/a><\/audio>\n<p style=\"text-align: left;\"><span style=\"font-size: 10pt; font-family: helvetica, arial, sans-serif;\"><em><strong>Sergio Ramos - Capit\u00e1n Real Madrid<\/strong><\/em><\/span><\/p>\n<p style=\"text-align: justify;\"><strong style=\"font-family: helvetica, arial, sans-serif; text-align: justify;\">Real Madrid<\/strong><span style=\"font-family: helvetica, arial, sans-serif; text-align: justify;\"> venci\u00f3 2-1 al Villarreal en el estadio <\/span><strong style=\"font-family: helvetica, arial, sans-serif; text-align: justify;\">Alfredo Di St\u00e9fano<\/strong><span style=\"font-family: helvetica, arial, sans-serif; text-align: justify;\">, y se proclam\u00f3 campe\u00f3n de <\/span><strong style=\"font-family: helvetica, arial, sans-serif; text-align: justify;\">LaLiga<\/strong><span style=\"font-family: helvetica, arial, sans-serif; text-align: justify;\">, a falta de una fecha para el final.<\/span><\/p>\n<p style=\"text-align: justify;\"><span style=\"font-family: helvetica, arial, sans-serif;\">Los goles de la victoria fueron convertidos por el franc\u00e9s <strong>Karim Benzema<\/strong> en los minutos 28 y 77, este \u00faltimo de penal, acci\u00f3n donde <strong>Sergio Ramos<\/strong>, en el primer intento, trat\u00f3 de asistir al galo para que se mantenga en la lucha como m\u00e1ximo artillero del campeonato. <strong>Benzema<\/strong> lleg\u00f3 a 21 goles, a dos del argentino <strong>Leo Messi<\/strong> del <strong>Barcelona.<\/strong><\/span><\/p>\n<p style=\"text-align: justify;\"><span style=\"font-family: helvetica, arial, sans-serif;\">El \u00e1rbitro orden\u00f3 repetir la ejecuci\u00f3n, ya que los jugadores del <strong>Villarreal<\/strong> como <strong>Benzema<\/strong> invadieron el \u00e1rea, y el franc\u00e9s no perdon\u00f3.<\/span><\/p>\n<p style=\"text-align: justify;\"><span style=\"font-family: helvetica, arial, sans-serif;\">El descuento fue obra de <strong>Vicente Iborra<\/strong>, a los 84 minutos. <strong>Villarreal<\/strong> estuvo cerca del empate en el segundo minuto de adici\u00f3n, con una triple oportunidad donde el portero <strong>Thibaut Courtois<\/strong> ataj\u00f3 los remates de <strong>Gerard Moreno<\/strong> y de <strong>Bruno Soriano<\/strong>, y luego con el belga batido, el mismo <strong>Soriano<\/strong> fall\u00f3 en el \u00faltimo intento.<\/span><\/p>\n<p style=\"text-align: justify;\"><span style=\"font-family: helvetica, arial, sans-serif;\"><strong>Real Madrid<\/strong> certific\u00f3 su trig\u00e9simo cuarto t\u00edtulo de <strong>Liga<\/strong> acabando con el reinado del <strong>Barcelona,<\/strong> que hab\u00eda ganado los dos torneos anteriores, y ampli\u00f3 a ocho su ventaja en el historial sobre el equipo catal\u00e1n.<\/span><\/p>\n<p style=\"text-align: justify;\"><span style=\"font-family: helvetica, arial, sans-serif;\">La \u00faltima vez que el <strong>Madrid<\/strong> hab\u00eda ganado la Liga hab\u00eda sido en la temporada 2016\/17, tambi\u00e9n bajo la direcci\u00f3n del franc\u00e9s <strong>Zinedine Zidane<\/strong>.<\/span><\/p>\n<p style=\"text-align: justify;\"><span style=\"font-family: helvetica, arial, sans-serif;\">El entrenador logr\u00f3 su t\u00edtulo 11 con el equipo \u2018merengue\u2019 en 209 partidos oficiales, incluyendo dos Ligas y tres Copas de Europa.<\/span><\/p>\n<p style=\"text-align: justify;\"><span style=\"font-family: helvetica, arial, sans-serif;\">El colombiano <strong>James Rodr\u00edguez<\/strong>, quien complet\u00f3 cuatro partidos consecutivos sin ser convocado en el Real Madrid, sum\u00f3 el t\u00edtulo 24 en su carrera profesional. Nueve con el equipo espa\u00f1ol, de los cuales en cinco no particip\u00f3 en el juego definitivo.<\/span><\/p>\n<p style=\"text-align: justify;\"><strong><span style=\"font-family: helvetica, arial, sans-serif;\">Formaciones:<\/span><\/strong><\/p>\n<p style=\"text-align: justify;\"><span style=\"font-family: helvetica, arial, sans-serif;\"><strong>Real Madrid<\/strong>: Thibaut Courtois; Dani Carvajal (Lucas V\u00e1zquez 84\u2019), Rapahel Varane, Sergio Ramos, Ferland Mendy; Casemiro, Toni Kroos (Isco Alarc\u00f3n 84\u2019), Luka Modric (Fede Valverde 84\u2019); Rodrygo (Marco Asensio 62\u2019), Eden Hazard (Vinicius Jr. 62\u2019) y Karim Benzema.<\/span><\/p>\n<p style=\"text-align: justify;\"><span style=\"font-family: helvetica, arial, sans-serif;\"><strong>Villarreal:<\/strong> Sergio Asenjo; Mario Gaspar, Pau Torres, Sofian Chakla, Xavi Quintill\u00e0; Andre Anguissa (Manu Trigueros 82\u2019), Moi G\u00f3mez (Santi Cazorla 62\u2019), Rub\u00e9n Pe\u00f1a (Bruno Soriano 46\u2019), Manu Morlanes (Vicente Iborra 62\u2019); Samu Chukwueze (Javier Ontiveros 46\u2019)y Gerard Moreno.<\/span><\/p>\n","protected":false},"excerpt":{"rendered":"<p>Zinedine Zidane - Dt Real Madrid Thibaut Courtois - Arquero Real Madrid Sergio Ramos - Capit\u00e1n Real Madrid Real Madrid venci\u00f3 2-1 al Villarreal en el estadio Alfredo Di St\u00e9fano, y se proclam\u00f3 campe\u00f3n de LaLiga, a falta de una fecha para el final. Los goles de la victoria fueron convertidos por el franc\u00e9s Karim [&hellip;]<\/p>\n","protected":false},"author":5,"featured_media":53499,"comment_status":"open","ping_status":"open","sticky":false,"template":"","format":"video","meta":{"_acf_changed":false,"footnotes":""},"categories":[152],"tags":[],"class_list":{"0":"post-53498","1":"post","2":"type-post","3":"status-publish","4":"format-video","5":"has-post-thumbnail","7":"category-mundo-futbol","8":"post_format-post-format-video"},"acf":[],"yoast_head":"<!-- This site is optimized with the Yoast SEO plugin v26.8 - https:\/\/yoast.com\/product\/yoast-seo-wordpress\/ -->\n<title>El Madrid, campe\u00f3n -<\/title>\n<meta name=\"robots\" content=\"index, follow, max-snippet:-1, max-image-preview:large, max-video-preview:-1\" \/>\n<link rel=\"canonical\" href=\"https:\/\/futbolhoy.co\/index.php\/2020\/07\/16\/el-madrid-campeon\/\" \/>\n<meta property=\"og:locale\" content=\"es_ES\" \/>\n<meta property=\"og:type\" content=\"article\" \/>\n<meta property=\"og:title\" content=\"El Madrid, campe\u00f3n -\" \/>\n<meta property=\"og:description\" content=\"Zinedine Zidane - Dt Real Madrid Thibaut Courtois - Arquero Real Madrid Sergio Ramos - Capit\u00e1n Real Madrid Real Madrid venci\u00f3 2-1 al Villarreal en el estadio Alfredo Di St\u00e9fano, y se proclam\u00f3 campe\u00f3n de LaLiga, a falta de una fecha para el final. Los goles de la victoria fueron convertidos por el franc\u00e9s Karim [&hellip;]\" \/>\n<meta property=\"og:url\" content=\"https:\/\/futbolhoy.co\/index.php\/2020\/07\/16\/el-madrid-campeon\/\" \/>\n<meta property=\"article:publisher\" content=\"https:\/\/www.facebook.com\/FutbolHoyCol\/\" \/>\n<meta property=\"article:published_time\" content=\"2020-07-16T21:01:01+00:00\" \/>\n<meta property=\"article:modified_time\" content=\"2020-07-17T16:20:32+00:00\" \/>\n<meta property=\"og:image\" content=\"https:\/\/futbolhoy.co\/wp-content\/uploads\/2020\/07\/IMG-20200715-WA0062.jpg\" \/>\n\t<meta property=\"og:image:width\" content=\"1252\" \/>\n\t<meta property=\"og:image:height\" content=\"1058\" \/>\n\t<meta property=\"og:image:type\" content=\"image\/jpeg\" \/>\n<meta name=\"author\" content=\"Laura Hern\u00e1ndez\" \/>\n<meta name=\"twitter:card\" content=\"summary_large_image\" \/>\n<meta name=\"twitter:creator\" content=\"@FutbolHoyCol\" \/>\n<meta name=\"twitter:site\" content=\"@FutbolHoyCol\" \/>\n<meta name=\"twitter:label1\" content=\"Escrito por\" \/>\n\t<meta name=\"twitter:data1\" content=\"Laura Hern\u00e1ndez\" \/>\n\t<meta name=\"twitter:label2\" content=\"Tiempo de lectura\" \/>\n\t<meta name=\"twitter:data2\" content=\"2 minutos\" \/>\n<script type=\"application\/ld+json\" class=\"yoast-schema-graph\">{\"@context\":\"https:\/\/schema.org\",\"@graph\":[{\"@type\":\"Article\",\"@id\":\"https:\/\/futbolhoy.co\/index.php\/2020\/07\/16\/el-madrid-campeon\/#article\",\"isPartOf\":{\"@id\":\"https:\/\/futbolhoy.co\/index.php\/2020\/07\/16\/el-madrid-campeon\/\"},\"author\":{\"name\":\"Laura Hern\u00e1ndez\",\"@id\":\"https:\/\/futbolhoy.co\/#\/schema\/person\/c4a353a512b127643723a34bb1812f7d\"},\"headline\":\"El Madrid, campe\u00f3n\",\"datePublished\":\"2020-07-16T21:01:01+00:00\",\"dateModified\":\"2020-07-17T16:20:32+00:00\",\"mainEntityOfPage\":{\"@id\":\"https:\/\/futbolhoy.co\/index.php\/2020\/07\/16\/el-madrid-campeon\/\"},\"wordCount\":432,\"commentCount\":0,\"publisher\":{\"@id\":\"https:\/\/futbolhoy.co\/#organization\"},\"image\":{\"@id\":\"https:\/\/futbolhoy.co\/index.php\/2020\/07\/16\/el-madrid-campeon\/#primaryimage\"},\"thumbnailUrl\":\"https:\/\/futbolhoy.co\/wp-content\/uploads\/2020\/07\/IMG-20200715-WA0062.jpg\",\"articleSection\":[\"Mundo Futbol\"],\"inLanguage\":\"es\",\"potentialAction\":[{\"@type\":\"CommentAction\",\"name\":\"Comment\",\"target\":[\"https:\/\/futbolhoy.co\/index.php\/2020\/07\/16\/el-madrid-campeon\/#respond\"]}]},{\"@type\":\"WebPage\",\"@id\":\"https:\/\/futbolhoy.co\/index.php\/2020\/07\/16\/el-madrid-campeon\/\",\"url\":\"https:\/\/futbolhoy.co\/index.php\/2020\/07\/16\/el-madrid-campeon\/\",\"name\":\"El Madrid, campe\u00f3n -\",\"isPartOf\":{\"@id\":\"https:\/\/futbolhoy.co\/#website\"},\"primaryImageOfPage\":{\"@id\":\"https:\/\/futbolhoy.co\/index.php\/2020\/07\/16\/el-madrid-campeon\/#primaryimage\"},\"image\":{\"@id\":\"https:\/\/futbolhoy.co\/index.php\/2020\/07\/16\/el-madrid-campeon\/#primaryimage\"},\"thumbnailUrl\":\"https:\/\/futbolhoy.co\/wp-content\/uploads\/2020\/07\/IMG-20200715-WA0062.jpg\",\"datePublished\":\"2020-07-16T21:01:01+00:00\",\"dateModified\":\"2020-07-17T16:20:32+00:00\",\"breadcrumb\":{\"@id\":\"https:\/\/futbolhoy.co\/index.php\/2020\/07\/16\/el-madrid-campeon\/#breadcrumb\"},\"inLanguage\":\"es\",\"potentialAction\":[{\"@type\":\"ReadAction\",\"target\":[\"https:\/\/futbolhoy.co\/index.php\/2020\/07\/16\/el-madrid-campeon\/\"]}]},{\"@type\":\"ImageObject\",\"inLanguage\":\"es\",\"@id\":\"https:\/\/futbolhoy.co\/index.php\/2020\/07\/16\/el-madrid-campeon\/#primaryimage\",\"url\":\"https:\/\/futbolhoy.co\/wp-content\/uploads\/2020\/07\/IMG-20200715-WA0062.jpg\",\"contentUrl\":\"https:\/\/futbolhoy.co\/wp-content\/uploads\/2020\/07\/IMG-20200715-WA0062.jpg\",\"width\":1252,\"height\":1058},{\"@type\":\"BreadcrumbList\",\"@id\":\"https:\/\/futbolhoy.co\/index.php\/2020\/07\/16\/el-madrid-campeon\/#breadcrumb\",\"itemListElement\":[{\"@type\":\"ListItem\",\"position\":1,\"name\":\"Portada\",\"item\":\"https:\/\/futbolhoy.co\/\"},{\"@type\":\"ListItem\",\"position\":2,\"name\":\"El Madrid, campe\u00f3n\"}]},{\"@type\":\"WebSite\",\"@id\":\"https:\/\/futbolhoy.co\/#website\",\"url\":\"https:\/\/futbolhoy.co\/\",\"name\":\"FutbolHoy\",\"description\":\"\",\"publisher\":{\"@id\":\"https:\/\/futbolhoy.co\/#organization\"},\"potentialAction\":[{\"@type\":\"SearchAction\",\"target\":{\"@type\":\"EntryPoint\",\"urlTemplate\":\"https:\/\/futbolhoy.co\/?s={search_term_string}\"},\"query-input\":{\"@type\":\"PropertyValueSpecification\",\"valueRequired\":true,\"valueName\":\"search_term_string\"}}],\"inLanguage\":\"es\"},{\"@type\":\"Organization\",\"@id\":\"https:\/\/futbolhoy.co\/#organization\",\"name\":\"Futbolhoy.co\",\"url\":\"https:\/\/futbolhoy.co\/\",\"logo\":{\"@type\":\"ImageObject\",\"inLanguage\":\"es\",\"@id\":\"https:\/\/futbolhoy.co\/#\/schema\/logo\/image\/\",\"url\":\"https:\/\/futbolhoy.co\/wp-content\/uploads\/2018\/08\/17426380_1906371736249227_6326180412931521141_n.jpg\",\"contentUrl\":\"https:\/\/futbolhoy.co\/wp-content\/uploads\/2018\/08\/17426380_1906371736249227_6326180412931521141_n.jpg\",\"width\":960,\"height\":960,\"caption\":\"Futbolhoy.co\"},\"image\":{\"@id\":\"https:\/\/futbolhoy.co\/#\/schema\/logo\/image\/\"},\"sameAs\":[\"https:\/\/www.facebook.com\/FutbolHoyCol\/\",\"https:\/\/x.com\/FutbolHoyCol\",\"https:\/\/www.instagram.com\/futbolhoycol\/\"]},{\"@type\":\"Person\",\"@id\":\"https:\/\/futbolhoy.co\/#\/schema\/person\/c4a353a512b127643723a34bb1812f7d\",\"name\":\"Laura Hern\u00e1ndez\",\"image\":{\"@type\":\"ImageObject\",\"inLanguage\":\"es\",\"@id\":\"https:\/\/futbolhoy.co\/#\/schema\/person\/image\/\",\"url\":\"https:\/\/secure.gravatar.com\/avatar\/d25959a15b9b293a743f99181c7cfd01?s=96&d=mm&r=g\",\"contentUrl\":\"https:\/\/secure.gravatar.com\/avatar\/d25959a15b9b293a743f99181c7cfd01?s=96&d=mm&r=g\",\"caption\":\"Laura Hern\u00e1ndez\"}}]}<\/script>\n<!-- \/ Yoast SEO plugin. -->","yoast_head_json":{"title":"El Madrid, campe\u00f3n -","robots":{"index":"index","follow":"follow","max-snippet":"max-snippet:-1","max-image-preview":"max-image-preview:large","max-video-preview":"max-video-preview:-1"},"canonical":"https:\/\/futbolhoy.co\/index.php\/2020\/07\/16\/el-madrid-campeon\/","og_locale":"es_ES","og_type":"article","og_title":"El Madrid, campe\u00f3n -","og_description":"Zinedine Zidane - Dt Real Madrid Thibaut Courtois - Arquero Real Madrid Sergio Ramos - Capit\u00e1n Real Madrid Real Madrid venci\u00f3 2-1 al Villarreal en el estadio Alfredo Di St\u00e9fano, y se proclam\u00f3 campe\u00f3n de LaLiga, a falta de una fecha para el final. Los goles de la victoria fueron convertidos por el franc\u00e9s Karim [&hellip;]","og_url":"https:\/\/futbolhoy.co\/index.php\/2020\/07\/16\/el-madrid-campeon\/","article_publisher":"https:\/\/www.facebook.com\/FutbolHoyCol\/","article_published_time":"2020-07-16T21:01:01+00:00","article_modified_time":"2020-07-17T16:20:32+00:00","og_image":[{"width":1252,"height":1058,"url":"https:\/\/futbolhoy.co\/wp-content\/uploads\/2020\/07\/IMG-20200715-WA0062.jpg","type":"image\/jpeg"}],"author":"Laura Hern\u00e1ndez","twitter_card":"summary_large_image","twitter_creator":"@FutbolHoyCol","twitter_site":"@FutbolHoyCol","twitter_misc":{"Escrito por":"Laura Hern\u00e1ndez","Tiempo de lectura":"2 minutos"},"schema":{"@context":"https:\/\/schema.org","@graph":[{"@type":"Article","@id":"https:\/\/futbolhoy.co\/index.php\/2020\/07\/16\/el-madrid-campeon\/#article","isPartOf":{"@id":"https:\/\/futbolhoy.co\/index.php\/2020\/07\/16\/el-madrid-campeon\/"},"author":{"name":"Laura Hern\u00e1ndez","@id":"https:\/\/futbolhoy.co\/#\/schema\/person\/c4a353a512b127643723a34bb1812f7d"},"headline":"El Madrid, campe\u00f3n","datePublished":"2020-07-16T21:01:01+00:00","dateModified":"2020-07-17T16:20:32+00:00","mainEntityOfPage":{"@id":"https:\/\/futbolhoy.co\/index.php\/2020\/07\/16\/el-madrid-campeon\/"},"wordCount":432,"commentCount":0,"publisher":{"@id":"https:\/\/futbolhoy.co\/#organization"},"image":{"@id":"https:\/\/futbolhoy.co\/index.php\/2020\/07\/16\/el-madrid-campeon\/#primaryimage"},"thumbnailUrl":"https:\/\/futbolhoy.co\/wp-content\/uploads\/2020\/07\/IMG-20200715-WA0062.jpg","articleSection":["Mundo Futbol"],"inLanguage":"es","potentialAction":[{"@type":"CommentAction","name":"Comment","target":["https:\/\/futbolhoy.co\/index.php\/2020\/07\/16\/el-madrid-campeon\/#respond"]}]},{"@type":"WebPage","@id":"https:\/\/futbolhoy.co\/index.php\/2020\/07\/16\/el-madrid-campeon\/","url":"https:\/\/futbolhoy.co\/index.php\/2020\/07\/16\/el-madrid-campeon\/","name":"El Madrid, campe\u00f3n -","isPartOf":{"@id":"https:\/\/futbolhoy.co\/#website"},"primaryImageOfPage":{"@id":"https:\/\/futbolhoy.co\/index.php\/2020\/07\/16\/el-madrid-campeon\/#primaryimage"},"image":{"@id":"https:\/\/futbolhoy.co\/index.php\/2020\/07\/16\/el-madrid-campeon\/#primaryimage"},"thumbnailUrl":"https:\/\/futbolhoy.co\/wp-content\/uploads\/2020\/07\/IMG-20200715-WA0062.jpg","datePublished":"2020-07-16T21:01:01+00:00","dateModified":"2020-07-17T16:20:32+00:00","breadcrumb":{"@id":"https:\/\/futbolhoy.co\/index.php\/2020\/07\/16\/el-madrid-campeon\/#breadcrumb"},"inLanguage":"es","potentialAction":[{"@type":"ReadAction","target":["https:\/\/futbolhoy.co\/index.php\/2020\/07\/16\/el-madrid-campeon\/"]}]},{"@type":"ImageObject","inLanguage":"es","@id":"https:\/\/futbolhoy.co\/index.php\/2020\/07\/16\/el-madrid-campeon\/#primaryimage","url":"https:\/\/futbolhoy.co\/wp-content\/uploads\/2020\/07\/IMG-20200715-WA0062.jpg","contentUrl":"https:\/\/futbolhoy.co\/wp-content\/uploads\/2020\/07\/IMG-20200715-WA0062.jpg","width":1252,"height":1058},{"@type":"BreadcrumbList","@id":"https:\/\/futbolhoy.co\/index.php\/2020\/07\/16\/el-madrid-campeon\/#breadcrumb","itemListElement":[{"@type":"ListItem","position":1,"name":"Portada","item":"https:\/\/futbolhoy.co\/"},{"@type":"ListItem","position":2,"name":"El Madrid, campe\u00f3n"}]},{"@type":"WebSite","@id":"https:\/\/futbolhoy.co\/#website","url":"https:\/\/futbolhoy.co\/","name":"FutbolHoy","description":"","publisher":{"@id":"https:\/\/futbolhoy.co\/#organization"},"potentialAction":[{"@type":"SearchAction","target":{"@type":"EntryPoint","urlTemplate":"https:\/\/futbolhoy.co\/?s={search_term_string}"},"query-input":{"@type":"PropertyValueSpecification","valueRequired":true,"valueName":"search_term_string"}}],"inLanguage":"es"},{"@type":"Organization","@id":"https:\/\/futbolhoy.co\/#organization","name":"Futbolhoy.co","url":"https:\/\/futbolhoy.co\/","logo":{"@type":"ImageObject","inLanguage":"es","@id":"https:\/\/futbolhoy.co\/#\/schema\/logo\/image\/","url":"https:\/\/futbolhoy.co\/wp-content\/uploads\/2018\/08\/17426380_1906371736249227_6326180412931521141_n.jpg","contentUrl":"https:\/\/futbolhoy.co\/wp-content\/uploads\/2018\/08\/17426380_1906371736249227_6326180412931521141_n.jpg","width":960,"height":960,"caption":"Futbolhoy.co"},"image":{"@id":"https:\/\/futbolhoy.co\/#\/schema\/logo\/image\/"},"sameAs":["https:\/\/www.facebook.com\/FutbolHoyCol\/","https:\/\/x.com\/FutbolHoyCol","https:\/\/www.instagram.com\/futbolhoycol\/"]},{"@type":"Person","@id":"https:\/\/futbolhoy.co\/#\/schema\/person\/c4a353a512b127643723a34bb1812f7d","name":"Laura Hern\u00e1ndez","image":{"@type":"ImageObject","inLanguage":"es","@id":"https:\/\/futbolhoy.co\/#\/schema\/person\/image\/","url":"https:\/\/secure.gravatar.com\/avatar\/d25959a15b9b293a743f99181c7cfd01?s=96&d=mm&r=g","contentUrl":"https:\/\/secure.gravatar.com\/avatar\/d25959a15b9b293a743f99181c7cfd01?s=96&d=mm&r=g","caption":"Laura Hern\u00e1ndez"}}]}},"publishpress_future_action":{"enabled":false,"date":"2026-05-04 13:01:53","action":"change-status","newStatus":"draft","terms":[],"taxonomy":"category","extraData":[]},"publishpress_future_workflow_manual_trigger":{"enabledWorkflows":[]},"_links":{"self":[{"href":"https:\/\/futbolhoy.co\/index.php\/wp-json\/wp\/v2\/posts\/53498","targetHints":{"allow":["GET"]}}],"collection":[{"href":"https:\/\/futbolhoy.co\/index.php\/wp-json\/wp\/v2\/posts"}],"about":[{"href":"https:\/\/futbolhoy.co\/index.php\/wp-json\/wp\/v2\/types\/post"}],"author":[{"embeddable":true,"href":"https:\/\/futbolhoy.co\/index.php\/wp-json\/wp\/v2\/users\/5"}],"replies":[{"embeddable":true,"href":"https:\/\/futbolhoy.co\/index.php\/wp-json\/wp\/v2\/comments?post=53498"}],"version-history":[{"count":5,"href":"https:\/\/futbolhoy.co\/index.php\/wp-json\/wp\/v2\/posts\/53498\/revisions"}],"predecessor-version":[{"id":53538,"href":"https:\/\/futbolhoy.co\/index.php\/wp-json\/wp\/v2\/posts\/53498\/revisions\/53538"}],"wp:featuredmedia":[{"embeddable":true,"href":"https:\/\/futbolhoy.co\/index.php\/wp-json\/wp\/v2\/media\/53499"}],"wp:attachment":[{"href":"https:\/\/futbolhoy.co\/index.php\/wp-json\/wp\/v2\/media?parent=53498"}],"wp:term":[{"taxonomy":"category","embeddable":true,"href":"https:\/\/futbolhoy.co\/index.php\/wp-json\/wp\/v2\/categories?post=53498"},{"taxonomy":"post_tag","embeddable":true,"href":"https:\/\/futbolhoy.co\/index.php\/wp-json\/wp\/v2\/tags?post=53498"}],"curies":[{"name":"wp","href":"https:\/\/api.w.org\/{rel}","templated":true}]}}