{"id":53633,"date":"2020-07-18T08:58:30","date_gmt":"2020-07-18T13:58:30","guid":{"rendered":"https:\/\/futbolhoy.co\/?p=53633"},"modified":"2020-07-19T12:08:56","modified_gmt":"2020-07-19T17:08:56","slug":"setien-no-se-siente-senalado-por-messi","status":"publish","type":"post","link":"https:\/\/futbolhoy.co\/index.php\/2020\/07\/18\/setien-no-se-siente-senalado-por-messi\/","title":{"rendered":"Seti\u00e9n no se siente se\u00f1alado por Messi"},"content":{"rendered":"<!--[if lt IE 9]><script>document.createElement('audio');<\/script><![endif]-->\n<audio class=\"wp-audio-shortcode\" id=\"audio-53633-1\" preload=\"none\" style=\"width: 100%;\" controls=\"controls\"><source type=\"audio\/mpeg\" src=\"https:\/\/futbolhoy.co\/wp-content\/uploads\/2020\/07\/ACERO-SETIEN-OK2020-07-18.mp3?_=1\" \/><a href=\"https:\/\/futbolhoy.co\/wp-content\/uploads\/2020\/07\/ACERO-SETIEN-OK2020-07-18.mp3\">https:\/\/futbolhoy.co\/wp-content\/uploads\/2020\/07\/ACERO-SETIEN-OK2020-07-18.mp3<\/a><\/audio>\n<p>(Quique Seti\u00e9n, DT del Barcelona)<\/p>\n<p style=\"text-align: justify;\"><span style=\"font-family: helvetica, arial, sans-serif;\">El t\u00e9cnico del <strong>Barcelona, Quique Seti\u00e9n,<\/strong> asegur\u00f3 que no se siente se\u00f1alado por las declaraciones de <strong>Leo Messi<\/strong> pidiendo \"autocr\u00edtica\", afirmando que tampoco ha pensado en dimitir tras perder el t\u00edtulo de <strong>Liga.<\/strong><\/span><\/p>\n<p style=\"text-align: justify;\"><span style=\"font-family: helvetica, arial, sans-serif;\">\"No, en absoluto, creo que todos en un momento determinado decimos cosas que a veces se interpretan mal, otras bien\", sostuvo Seti\u00e9n en la rueda de prensa previa al \u00faltimo partido de la temporada de este domingo, frente al <strong>Alav\u00e9s<\/strong>.<\/span><\/p>\n<p style=\"text-align: justify;\"><span style=\"font-family: helvetica, arial, sans-serif;\">\"Son cosas que se viven cotidianamente en momentos importantes como los de ahora, de frustraci\u00f3n, pero no le doy mayor importancia. Lo que saco es que estamos absolutamente concienciados, que tenemos una competici\u00f3n muy importante, que estamos ilusionados por llegar a la final y ganarla\", agreg\u00f3 sobre el tema.<\/span><\/p>\n<p style=\"text-align: justify;\"><span style=\"font-family: helvetica, arial, sans-serif;\">\"El mensaje es tratar de mejorar las cosas que podemos mejorar, ser m\u00e1s consistentes, ser m\u00e1s fiables durante los 90 minutos y convencernos de que si damos nuestro mejor nivel por supuesto que podemos ganarla\", puntualiz\u00f3 sobre el tema.<\/span><\/p>\n<p style=\"text-align: justify;\"><span style=\"font-family: helvetica, arial, sans-serif;\">Barcelona tiene pendiente en lo que resta de temporada, el juego de vuelta frente <strong>Napoli<\/strong> por los octavos de final de <strong>Liga de<\/strong> <strong>Campeones.<\/strong> La serie est\u00e1 empatada 1-1.<\/span><\/p>\n<p style=\"text-align: justify;\"><span style=\"font-family: helvetica, arial, sans-serif;\">El partido est\u00e1 programado para el 8 de agosto en el <strong>Camp Nou.<\/strong><\/span><\/p>\n","protected":false},"excerpt":{"rendered":"<p>(Quique Seti\u00e9n, DT del Barcelona) El t\u00e9cnico del Barcelona, Quique Seti\u00e9n, asegur\u00f3 que no se siente se\u00f1alado por las declaraciones de Leo Messi pidiendo \"autocr\u00edtica\", afirmando que tampoco ha pensado en dimitir tras perder el t\u00edtulo de Liga. \"No, en absoluto, creo que todos en un momento determinado decimos cosas que a veces se interpretan [&hellip;]<\/p>\n","protected":false},"author":5,"featured_media":50176,"comment_status":"open","ping_status":"open","sticky":false,"template":"","format":"video","meta":{"_acf_changed":false,"footnotes":""},"categories":[152],"tags":[722,1812],"class_list":{"0":"post-53633","1":"post","2":"type-post","3":"status-publish","4":"format-video","5":"has-post-thumbnail","7":"category-mundo-futbol","8":"tag-barcelona","9":"tag-quique-setien","10":"post_format-post-format-video"},"acf":[],"yoast_head":"<!-- This site is optimized with the Yoast SEO plugin v26.8 - https:\/\/yoast.com\/product\/yoast-seo-wordpress\/ -->\n<title>Seti\u00e9n no se siente se\u00f1alado por Messi -<\/title>\n<meta name=\"robots\" content=\"index, follow, max-snippet:-1, max-image-preview:large, max-video-preview:-1\" \/>\n<link rel=\"canonical\" href=\"https:\/\/futbolhoy.co\/index.php\/2020\/07\/18\/setien-no-se-siente-senalado-por-messi\/\" \/>\n<meta property=\"og:locale\" content=\"es_ES\" \/>\n<meta property=\"og:type\" content=\"article\" \/>\n<meta property=\"og:title\" content=\"Seti\u00e9n no se siente se\u00f1alado por Messi -\" \/>\n<meta property=\"og:description\" content=\"(Quique Seti\u00e9n, DT del Barcelona) El t\u00e9cnico del Barcelona, Quique Seti\u00e9n, asegur\u00f3 que no se siente se\u00f1alado por las declaraciones de Leo Messi pidiendo &quot;autocr\u00edtica&quot;, afirmando que tampoco ha pensado en dimitir tras perder el t\u00edtulo de Liga. &quot;No, en absoluto, creo que todos en un momento determinado decimos cosas que a veces se interpretan [&hellip;]\" \/>\n<meta property=\"og:url\" content=\"https:\/\/futbolhoy.co\/index.php\/2020\/07\/18\/setien-no-se-siente-senalado-por-messi\/\" \/>\n<meta property=\"article:publisher\" content=\"https:\/\/www.facebook.com\/FutbolHoyCol\/\" \/>\n<meta property=\"article:published_time\" content=\"2020-07-18T13:58:30+00:00\" \/>\n<meta property=\"article:modified_time\" content=\"2020-07-19T17:08:56+00:00\" \/>\n<meta property=\"og:image\" content=\"https:\/\/futbolhoy.co\/wp-content\/uploads\/2020\/04\/setien.jpg\" \/>\n\t<meta property=\"og:image:width\" content=\"1152\" \/>\n\t<meta property=\"og:image:height\" content=\"768\" \/>\n\t<meta property=\"og:image:type\" content=\"image\/jpeg\" \/>\n<meta name=\"author\" content=\"Laura Hern\u00e1ndez\" \/>\n<meta name=\"twitter:card\" content=\"summary_large_image\" \/>\n<meta name=\"twitter:creator\" content=\"@FutbolHoyCol\" \/>\n<meta name=\"twitter:site\" content=\"@FutbolHoyCol\" \/>\n<meta name=\"twitter:label1\" content=\"Escrito por\" \/>\n\t<meta name=\"twitter:data1\" content=\"Laura Hern\u00e1ndez\" \/>\n\t<meta name=\"twitter:label2\" content=\"Tiempo de lectura\" \/>\n\t<meta name=\"twitter:data2\" content=\"1 minuto\" \/>\n<script type=\"application\/ld+json\" class=\"yoast-schema-graph\">{\"@context\":\"https:\/\/schema.org\",\"@graph\":[{\"@type\":\"Article\",\"@id\":\"https:\/\/futbolhoy.co\/index.php\/2020\/07\/18\/setien-no-se-siente-senalado-por-messi\/#article\",\"isPartOf\":{\"@id\":\"https:\/\/futbolhoy.co\/index.php\/2020\/07\/18\/setien-no-se-siente-senalado-por-messi\/\"},\"author\":{\"name\":\"Laura Hern\u00e1ndez\",\"@id\":\"https:\/\/futbolhoy.co\/#\/schema\/person\/c4a353a512b127643723a34bb1812f7d\"},\"headline\":\"Seti\u00e9n no se siente se\u00f1alado por Messi\",\"datePublished\":\"2020-07-18T13:58:30+00:00\",\"dateModified\":\"2020-07-19T17:08:56+00:00\",\"mainEntityOfPage\":{\"@id\":\"https:\/\/futbolhoy.co\/index.php\/2020\/07\/18\/setien-no-se-siente-senalado-por-messi\/\"},\"wordCount\":239,\"commentCount\":0,\"publisher\":{\"@id\":\"https:\/\/futbolhoy.co\/#organization\"},\"image\":{\"@id\":\"https:\/\/futbolhoy.co\/index.php\/2020\/07\/18\/setien-no-se-siente-senalado-por-messi\/#primaryimage\"},\"thumbnailUrl\":\"https:\/\/futbolhoy.co\/wp-content\/uploads\/2020\/04\/setien.jpg\",\"keywords\":[\"Barcelona\",\"Quique Seti\u00e9n\"],\"articleSection\":[\"Mundo Futbol\"],\"inLanguage\":\"es\",\"potentialAction\":[{\"@type\":\"CommentAction\",\"name\":\"Comment\",\"target\":[\"https:\/\/futbolhoy.co\/index.php\/2020\/07\/18\/setien-no-se-siente-senalado-por-messi\/#respond\"]}]},{\"@type\":\"WebPage\",\"@id\":\"https:\/\/futbolhoy.co\/index.php\/2020\/07\/18\/setien-no-se-siente-senalado-por-messi\/\",\"url\":\"https:\/\/futbolhoy.co\/index.php\/2020\/07\/18\/setien-no-se-siente-senalado-por-messi\/\",\"name\":\"Seti\u00e9n no se siente se\u00f1alado por Messi -\",\"isPartOf\":{\"@id\":\"https:\/\/futbolhoy.co\/#website\"},\"primaryImageOfPage\":{\"@id\":\"https:\/\/futbolhoy.co\/index.php\/2020\/07\/18\/setien-no-se-siente-senalado-por-messi\/#primaryimage\"},\"image\":{\"@id\":\"https:\/\/futbolhoy.co\/index.php\/2020\/07\/18\/setien-no-se-siente-senalado-por-messi\/#primaryimage\"},\"thumbnailUrl\":\"https:\/\/futbolhoy.co\/wp-content\/uploads\/2020\/04\/setien.jpg\",\"datePublished\":\"2020-07-18T13:58:30+00:00\",\"dateModified\":\"2020-07-19T17:08:56+00:00\",\"breadcrumb\":{\"@id\":\"https:\/\/futbolhoy.co\/index.php\/2020\/07\/18\/setien-no-se-siente-senalado-por-messi\/#breadcrumb\"},\"inLanguage\":\"es\",\"potentialAction\":[{\"@type\":\"ReadAction\",\"target\":[\"https:\/\/futbolhoy.co\/index.php\/2020\/07\/18\/setien-no-se-siente-senalado-por-messi\/\"]}]},{\"@type\":\"ImageObject\",\"inLanguage\":\"es\",\"@id\":\"https:\/\/futbolhoy.co\/index.php\/2020\/07\/18\/setien-no-se-siente-senalado-por-messi\/#primaryimage\",\"url\":\"https:\/\/futbolhoy.co\/wp-content\/uploads\/2020\/04\/setien.jpg\",\"contentUrl\":\"https:\/\/futbolhoy.co\/wp-content\/uploads\/2020\/04\/setien.jpg\",\"width\":1152,\"height\":768},{\"@type\":\"BreadcrumbList\",\"@id\":\"https:\/\/futbolhoy.co\/index.php\/2020\/07\/18\/setien-no-se-siente-senalado-por-messi\/#breadcrumb\",\"itemListElement\":[{\"@type\":\"ListItem\",\"position\":1,\"name\":\"Portada\",\"item\":\"https:\/\/futbolhoy.co\/\"},{\"@type\":\"ListItem\",\"position\":2,\"name\":\"Seti\u00e9n no se siente se\u00f1alado por Messi\"}]},{\"@type\":\"WebSite\",\"@id\":\"https:\/\/futbolhoy.co\/#website\",\"url\":\"https:\/\/futbolhoy.co\/\",\"name\":\"FutbolHoy\",\"description\":\"\",\"publisher\":{\"@id\":\"https:\/\/futbolhoy.co\/#organization\"},\"potentialAction\":[{\"@type\":\"SearchAction\",\"target\":{\"@type\":\"EntryPoint\",\"urlTemplate\":\"https:\/\/futbolhoy.co\/?s={search_term_string}\"},\"query-input\":{\"@type\":\"PropertyValueSpecification\",\"valueRequired\":true,\"valueName\":\"search_term_string\"}}],\"inLanguage\":\"es\"},{\"@type\":\"Organization\",\"@id\":\"https:\/\/futbolhoy.co\/#organization\",\"name\":\"Futbolhoy.co\",\"url\":\"https:\/\/futbolhoy.co\/\",\"logo\":{\"@type\":\"ImageObject\",\"inLanguage\":\"es\",\"@id\":\"https:\/\/futbolhoy.co\/#\/schema\/logo\/image\/\",\"url\":\"https:\/\/futbolhoy.co\/wp-content\/uploads\/2018\/08\/17426380_1906371736249227_6326180412931521141_n.jpg\",\"contentUrl\":\"https:\/\/futbolhoy.co\/wp-content\/uploads\/2018\/08\/17426380_1906371736249227_6326180412931521141_n.jpg\",\"width\":960,\"height\":960,\"caption\":\"Futbolhoy.co\"},\"image\":{\"@id\":\"https:\/\/futbolhoy.co\/#\/schema\/logo\/image\/\"},\"sameAs\":[\"https:\/\/www.facebook.com\/FutbolHoyCol\/\",\"https:\/\/x.com\/FutbolHoyCol\",\"https:\/\/www.instagram.com\/futbolhoycol\/\"]},{\"@type\":\"Person\",\"@id\":\"https:\/\/futbolhoy.co\/#\/schema\/person\/c4a353a512b127643723a34bb1812f7d\",\"name\":\"Laura Hern\u00e1ndez\",\"image\":{\"@type\":\"ImageObject\",\"inLanguage\":\"es\",\"@id\":\"https:\/\/futbolhoy.co\/#\/schema\/person\/image\/\",\"url\":\"https:\/\/secure.gravatar.com\/avatar\/d25959a15b9b293a743f99181c7cfd01?s=96&d=mm&r=g\",\"contentUrl\":\"https:\/\/secure.gravatar.com\/avatar\/d25959a15b9b293a743f99181c7cfd01?s=96&d=mm&r=g\",\"caption\":\"Laura Hern\u00e1ndez\"}}]}<\/script>\n<!-- \/ Yoast SEO plugin. -->","yoast_head_json":{"title":"Seti\u00e9n no se siente se\u00f1alado por Messi -","robots":{"index":"index","follow":"follow","max-snippet":"max-snippet:-1","max-image-preview":"max-image-preview:large","max-video-preview":"max-video-preview:-1"},"canonical":"https:\/\/futbolhoy.co\/index.php\/2020\/07\/18\/setien-no-se-siente-senalado-por-messi\/","og_locale":"es_ES","og_type":"article","og_title":"Seti\u00e9n no se siente se\u00f1alado por Messi -","og_description":"(Quique Seti\u00e9n, DT del Barcelona) El t\u00e9cnico del Barcelona, Quique Seti\u00e9n, asegur\u00f3 que no se siente se\u00f1alado por las declaraciones de Leo Messi pidiendo \"autocr\u00edtica\", afirmando que tampoco ha pensado en dimitir tras perder el t\u00edtulo de Liga. \"No, en absoluto, creo que todos en un momento determinado decimos cosas que a veces se interpretan [&hellip;]","og_url":"https:\/\/futbolhoy.co\/index.php\/2020\/07\/18\/setien-no-se-siente-senalado-por-messi\/","article_publisher":"https:\/\/www.facebook.com\/FutbolHoyCol\/","article_published_time":"2020-07-18T13:58:30+00:00","article_modified_time":"2020-07-19T17:08:56+00:00","og_image":[{"width":1152,"height":768,"url":"https:\/\/futbolhoy.co\/wp-content\/uploads\/2020\/04\/setien.jpg","type":"image\/jpeg"}],"author":"Laura Hern\u00e1ndez","twitter_card":"summary_large_image","twitter_creator":"@FutbolHoyCol","twitter_site":"@FutbolHoyCol","twitter_misc":{"Escrito por":"Laura Hern\u00e1ndez","Tiempo de lectura":"1 minuto"},"schema":{"@context":"https:\/\/schema.org","@graph":[{"@type":"Article","@id":"https:\/\/futbolhoy.co\/index.php\/2020\/07\/18\/setien-no-se-siente-senalado-por-messi\/#article","isPartOf":{"@id":"https:\/\/futbolhoy.co\/index.php\/2020\/07\/18\/setien-no-se-siente-senalado-por-messi\/"},"author":{"name":"Laura Hern\u00e1ndez","@id":"https:\/\/futbolhoy.co\/#\/schema\/person\/c4a353a512b127643723a34bb1812f7d"},"headline":"Seti\u00e9n no se siente se\u00f1alado por Messi","datePublished":"2020-07-18T13:58:30+00:00","dateModified":"2020-07-19T17:08:56+00:00","mainEntityOfPage":{"@id":"https:\/\/futbolhoy.co\/index.php\/2020\/07\/18\/setien-no-se-siente-senalado-por-messi\/"},"wordCount":239,"commentCount":0,"publisher":{"@id":"https:\/\/futbolhoy.co\/#organization"},"image":{"@id":"https:\/\/futbolhoy.co\/index.php\/2020\/07\/18\/setien-no-se-siente-senalado-por-messi\/#primaryimage"},"thumbnailUrl":"https:\/\/futbolhoy.co\/wp-content\/uploads\/2020\/04\/setien.jpg","keywords":["Barcelona","Quique Seti\u00e9n"],"articleSection":["Mundo Futbol"],"inLanguage":"es","potentialAction":[{"@type":"CommentAction","name":"Comment","target":["https:\/\/futbolhoy.co\/index.php\/2020\/07\/18\/setien-no-se-siente-senalado-por-messi\/#respond"]}]},{"@type":"WebPage","@id":"https:\/\/futbolhoy.co\/index.php\/2020\/07\/18\/setien-no-se-siente-senalado-por-messi\/","url":"https:\/\/futbolhoy.co\/index.php\/2020\/07\/18\/setien-no-se-siente-senalado-por-messi\/","name":"Seti\u00e9n no se siente se\u00f1alado por Messi -","isPartOf":{"@id":"https:\/\/futbolhoy.co\/#website"},"primaryImageOfPage":{"@id":"https:\/\/futbolhoy.co\/index.php\/2020\/07\/18\/setien-no-se-siente-senalado-por-messi\/#primaryimage"},"image":{"@id":"https:\/\/futbolhoy.co\/index.php\/2020\/07\/18\/setien-no-se-siente-senalado-por-messi\/#primaryimage"},"thumbnailUrl":"https:\/\/futbolhoy.co\/wp-content\/uploads\/2020\/04\/setien.jpg","datePublished":"2020-07-18T13:58:30+00:00","dateModified":"2020-07-19T17:08:56+00:00","breadcrumb":{"@id":"https:\/\/futbolhoy.co\/index.php\/2020\/07\/18\/setien-no-se-siente-senalado-por-messi\/#breadcrumb"},"inLanguage":"es","potentialAction":[{"@type":"ReadAction","target":["https:\/\/futbolhoy.co\/index.php\/2020\/07\/18\/setien-no-se-siente-senalado-por-messi\/"]}]},{"@type":"ImageObject","inLanguage":"es","@id":"https:\/\/futbolhoy.co\/index.php\/2020\/07\/18\/setien-no-se-siente-senalado-por-messi\/#primaryimage","url":"https:\/\/futbolhoy.co\/wp-content\/uploads\/2020\/04\/setien.jpg","contentUrl":"https:\/\/futbolhoy.co\/wp-content\/uploads\/2020\/04\/setien.jpg","width":1152,"height":768},{"@type":"BreadcrumbList","@id":"https:\/\/futbolhoy.co\/index.php\/2020\/07\/18\/setien-no-se-siente-senalado-por-messi\/#breadcrumb","itemListElement":[{"@type":"ListItem","position":1,"name":"Portada","item":"https:\/\/futbolhoy.co\/"},{"@type":"ListItem","position":2,"name":"Seti\u00e9n no se siente se\u00f1alado por Messi"}]},{"@type":"WebSite","@id":"https:\/\/futbolhoy.co\/#website","url":"https:\/\/futbolhoy.co\/","name":"FutbolHoy","description":"","publisher":{"@id":"https:\/\/futbolhoy.co\/#organization"},"potentialAction":[{"@type":"SearchAction","target":{"@type":"EntryPoint","urlTemplate":"https:\/\/futbolhoy.co\/?s={search_term_string}"},"query-input":{"@type":"PropertyValueSpecification","valueRequired":true,"valueName":"search_term_string"}}],"inLanguage":"es"},{"@type":"Organization","@id":"https:\/\/futbolhoy.co\/#organization","name":"Futbolhoy.co","url":"https:\/\/futbolhoy.co\/","logo":{"@type":"ImageObject","inLanguage":"es","@id":"https:\/\/futbolhoy.co\/#\/schema\/logo\/image\/","url":"https:\/\/futbolhoy.co\/wp-content\/uploads\/2018\/08\/17426380_1906371736249227_6326180412931521141_n.jpg","contentUrl":"https:\/\/futbolhoy.co\/wp-content\/uploads\/2018\/08\/17426380_1906371736249227_6326180412931521141_n.jpg","width":960,"height":960,"caption":"Futbolhoy.co"},"image":{"@id":"https:\/\/futbolhoy.co\/#\/schema\/logo\/image\/"},"sameAs":["https:\/\/www.facebook.com\/FutbolHoyCol\/","https:\/\/x.com\/FutbolHoyCol","https:\/\/www.instagram.com\/futbolhoycol\/"]},{"@type":"Person","@id":"https:\/\/futbolhoy.co\/#\/schema\/person\/c4a353a512b127643723a34bb1812f7d","name":"Laura Hern\u00e1ndez","image":{"@type":"ImageObject","inLanguage":"es","@id":"https:\/\/futbolhoy.co\/#\/schema\/person\/image\/","url":"https:\/\/secure.gravatar.com\/avatar\/d25959a15b9b293a743f99181c7cfd01?s=96&d=mm&r=g","contentUrl":"https:\/\/secure.gravatar.com\/avatar\/d25959a15b9b293a743f99181c7cfd01?s=96&d=mm&r=g","caption":"Laura Hern\u00e1ndez"}}]}},"publishpress_future_action":{"enabled":false,"date":"2026-05-03 04:37:26","action":"change-status","newStatus":"draft","terms":[],"taxonomy":"category","extraData":[]},"publishpress_future_workflow_manual_trigger":{"enabledWorkflows":[]},"_links":{"self":[{"href":"https:\/\/futbolhoy.co\/index.php\/wp-json\/wp\/v2\/posts\/53633","targetHints":{"allow":["GET"]}}],"collection":[{"href":"https:\/\/futbolhoy.co\/index.php\/wp-json\/wp\/v2\/posts"}],"about":[{"href":"https:\/\/futbolhoy.co\/index.php\/wp-json\/wp\/v2\/types\/post"}],"author":[{"embeddable":true,"href":"https:\/\/futbolhoy.co\/index.php\/wp-json\/wp\/v2\/users\/5"}],"replies":[{"embeddable":true,"href":"https:\/\/futbolhoy.co\/index.php\/wp-json\/wp\/v2\/comments?post=53633"}],"version-history":[{"count":1,"href":"https:\/\/futbolhoy.co\/index.php\/wp-json\/wp\/v2\/posts\/53633\/revisions"}],"predecessor-version":[{"id":53636,"href":"https:\/\/futbolhoy.co\/index.php\/wp-json\/wp\/v2\/posts\/53633\/revisions\/53636"}],"wp:featuredmedia":[{"embeddable":true,"href":"https:\/\/futbolhoy.co\/index.php\/wp-json\/wp\/v2\/media\/50176"}],"wp:attachment":[{"href":"https:\/\/futbolhoy.co\/index.php\/wp-json\/wp\/v2\/media?parent=53633"}],"wp:term":[{"taxonomy":"category","embeddable":true,"href":"https:\/\/futbolhoy.co\/index.php\/wp-json\/wp\/v2\/categories?post=53633"},{"taxonomy":"post_tag","embeddable":true,"href":"https:\/\/futbolhoy.co\/index.php\/wp-json\/wp\/v2\/tags?post=53633"}],"curies":[{"name":"wp","href":"https:\/\/api.w.org\/{rel}","templated":true}]}}