{"id":53672,"date":"2020-07-19T16:40:28","date_gmt":"2020-07-19T21:40:28","guid":{"rendered":"https:\/\/futbolhoy.co\/?p=53672"},"modified":"2020-07-20T11:11:11","modified_gmt":"2020-07-20T16:11:11","slug":"orlando-berrio-jugara-en-emiratos-arabes","status":"publish","type":"post","link":"https:\/\/futbolhoy.co\/index.php\/2020\/07\/19\/orlando-berrio-jugara-en-emiratos-arabes\/","title":{"rendered":"Orlando Berr\u00edo jugar\u00e1 en Emiratos \u00c1rabes"},"content":{"rendered":"<p style=\"text-align: justify;\"><span style=\"font-family: helvetica, arial, sans-serif;\">El delantero cartagenero <strong>Orlando Berr\u00edo,<\/strong> que ven\u00eda jugando con <strong>Flamengo<\/strong> de Brasil, fue presentado como refuerzo del <strong>Khor Fakkan<\/strong> de Emiratos \u00c1rabes.<\/span><\/p>\n<p style=\"text-align: justify;\"><span style=\"font-family: helvetica, arial, sans-serif;\"><strong>Berr\u00edo,<\/strong> excampe\u00f3n de <strong>Libertadores<\/strong> con <strong>Atl\u00e9tico Nacional<\/strong>, firm\u00f3 por dos a\u00f1os y <strong>Flamengo<\/strong> se qued\u00f3 el 30% de sus derechos en una futura venta.<\/span><\/p>\n<p style=\"text-align: justify;\"><span style=\"font-family: helvetica, arial, sans-serif;\">El colombiano, quien tuvo pocos minutos con el equipo brasile\u00f1o, jug\u00f3 adem\u00e1s con Millonarios y Patriotas.<\/span><\/p>\n","protected":false},"excerpt":{"rendered":"<p>El delantero cartagenero Orlando Berr\u00edo, que ven\u00eda jugando con Flamengo de Brasil, fue presentado como refuerzo del Khor Fakkan de Emiratos \u00c1rabes. Berr\u00edo, excampe\u00f3n de Libertadores con Atl\u00e9tico Nacional, firm\u00f3 por dos a\u00f1os y Flamengo se qued\u00f3 el 30% de sus derechos en una futura venta. El colombiano, quien tuvo pocos minutos con el equipo [&hellip;]<\/p>\n","protected":false},"author":5,"featured_media":53674,"comment_status":"open","ping_status":"open","sticky":false,"template":"","format":"standard","meta":{"_acf_changed":false,"footnotes":""},"categories":[152],"tags":[],"class_list":{"0":"post-53672","1":"post","2":"type-post","3":"status-publish","4":"format-standard","5":"has-post-thumbnail","7":"category-mundo-futbol"},"acf":[],"yoast_head":"<!-- This site is optimized with the Yoast SEO plugin v26.8 - https:\/\/yoast.com\/product\/yoast-seo-wordpress\/ -->\n<title>Orlando Berr\u00edo jugar\u00e1 en Emiratos \u00c1rabes -<\/title>\n<meta name=\"robots\" content=\"index, follow, max-snippet:-1, max-image-preview:large, max-video-preview:-1\" \/>\n<link rel=\"canonical\" href=\"https:\/\/futbolhoy.co\/index.php\/2020\/07\/19\/orlando-berrio-jugara-en-emiratos-arabes\/\" \/>\n<meta property=\"og:locale\" content=\"es_ES\" \/>\n<meta property=\"og:type\" content=\"article\" \/>\n<meta property=\"og:title\" content=\"Orlando Berr\u00edo jugar\u00e1 en Emiratos \u00c1rabes -\" \/>\n<meta property=\"og:description\" content=\"El delantero cartagenero Orlando Berr\u00edo, que ven\u00eda jugando con Flamengo de Brasil, fue presentado como refuerzo del Khor Fakkan de Emiratos \u00c1rabes. Berr\u00edo, excampe\u00f3n de Libertadores con Atl\u00e9tico Nacional, firm\u00f3 por dos a\u00f1os y Flamengo se qued\u00f3 el 30% de sus derechos en una futura venta. El colombiano, quien tuvo pocos minutos con el equipo [&hellip;]\" \/>\n<meta property=\"og:url\" content=\"https:\/\/futbolhoy.co\/index.php\/2020\/07\/19\/orlando-berrio-jugara-en-emiratos-arabes\/\" \/>\n<meta property=\"article:publisher\" content=\"https:\/\/www.facebook.com\/FutbolHoyCol\/\" \/>\n<meta property=\"article:published_time\" content=\"2020-07-19T21:40:28+00:00\" \/>\n<meta property=\"article:modified_time\" content=\"2020-07-20T16:11:11+00:00\" \/>\n<meta property=\"og:image\" content=\"https:\/\/futbolhoy.co\/wp-content\/uploads\/2020\/07\/20200719_172228.jpg\" \/>\n\t<meta property=\"og:image:width\" content=\"680\" \/>\n\t<meta property=\"og:image:height\" content=\"680\" \/>\n\t<meta property=\"og:image:type\" content=\"image\/jpeg\" \/>\n<meta name=\"author\" content=\"Laura Hern\u00e1ndez\" \/>\n<meta name=\"twitter:card\" content=\"summary_large_image\" \/>\n<meta name=\"twitter:creator\" content=\"@FutbolHoyCol\" \/>\n<meta name=\"twitter:site\" content=\"@FutbolHoyCol\" \/>\n<meta name=\"twitter:label1\" content=\"Escrito por\" \/>\n\t<meta name=\"twitter:data1\" content=\"Laura Hern\u00e1ndez\" \/>\n<script type=\"application\/ld+json\" class=\"yoast-schema-graph\">{\"@context\":\"https:\/\/schema.org\",\"@graph\":[{\"@type\":\"Article\",\"@id\":\"https:\/\/futbolhoy.co\/index.php\/2020\/07\/19\/orlando-berrio-jugara-en-emiratos-arabes\/#article\",\"isPartOf\":{\"@id\":\"https:\/\/futbolhoy.co\/index.php\/2020\/07\/19\/orlando-berrio-jugara-en-emiratos-arabes\/\"},\"author\":{\"name\":\"Laura Hern\u00e1ndez\",\"@id\":\"https:\/\/futbolhoy.co\/#\/schema\/person\/c4a353a512b127643723a34bb1812f7d\"},\"headline\":\"Orlando Berr\u00edo jugar\u00e1 en Emiratos \u00c1rabes\",\"datePublished\":\"2020-07-19T21:40:28+00:00\",\"dateModified\":\"2020-07-20T16:11:11+00:00\",\"mainEntityOfPage\":{\"@id\":\"https:\/\/futbolhoy.co\/index.php\/2020\/07\/19\/orlando-berrio-jugara-en-emiratos-arabes\/\"},\"wordCount\":76,\"commentCount\":0,\"publisher\":{\"@id\":\"https:\/\/futbolhoy.co\/#organization\"},\"image\":{\"@id\":\"https:\/\/futbolhoy.co\/index.php\/2020\/07\/19\/orlando-berrio-jugara-en-emiratos-arabes\/#primaryimage\"},\"thumbnailUrl\":\"https:\/\/futbolhoy.co\/wp-content\/uploads\/2020\/07\/20200719_172228.jpg\",\"articleSection\":[\"Mundo Futbol\"],\"inLanguage\":\"es\",\"potentialAction\":[{\"@type\":\"CommentAction\",\"name\":\"Comment\",\"target\":[\"https:\/\/futbolhoy.co\/index.php\/2020\/07\/19\/orlando-berrio-jugara-en-emiratos-arabes\/#respond\"]}]},{\"@type\":\"WebPage\",\"@id\":\"https:\/\/futbolhoy.co\/index.php\/2020\/07\/19\/orlando-berrio-jugara-en-emiratos-arabes\/\",\"url\":\"https:\/\/futbolhoy.co\/index.php\/2020\/07\/19\/orlando-berrio-jugara-en-emiratos-arabes\/\",\"name\":\"Orlando Berr\u00edo jugar\u00e1 en Emiratos \u00c1rabes -\",\"isPartOf\":{\"@id\":\"https:\/\/futbolhoy.co\/#website\"},\"primaryImageOfPage\":{\"@id\":\"https:\/\/futbolhoy.co\/index.php\/2020\/07\/19\/orlando-berrio-jugara-en-emiratos-arabes\/#primaryimage\"},\"image\":{\"@id\":\"https:\/\/futbolhoy.co\/index.php\/2020\/07\/19\/orlando-berrio-jugara-en-emiratos-arabes\/#primaryimage\"},\"thumbnailUrl\":\"https:\/\/futbolhoy.co\/wp-content\/uploads\/2020\/07\/20200719_172228.jpg\",\"datePublished\":\"2020-07-19T21:40:28+00:00\",\"dateModified\":\"2020-07-20T16:11:11+00:00\",\"breadcrumb\":{\"@id\":\"https:\/\/futbolhoy.co\/index.php\/2020\/07\/19\/orlando-berrio-jugara-en-emiratos-arabes\/#breadcrumb\"},\"inLanguage\":\"es\",\"potentialAction\":[{\"@type\":\"ReadAction\",\"target\":[\"https:\/\/futbolhoy.co\/index.php\/2020\/07\/19\/orlando-berrio-jugara-en-emiratos-arabes\/\"]}]},{\"@type\":\"ImageObject\",\"inLanguage\":\"es\",\"@id\":\"https:\/\/futbolhoy.co\/index.php\/2020\/07\/19\/orlando-berrio-jugara-en-emiratos-arabes\/#primaryimage\",\"url\":\"https:\/\/futbolhoy.co\/wp-content\/uploads\/2020\/07\/20200719_172228.jpg\",\"contentUrl\":\"https:\/\/futbolhoy.co\/wp-content\/uploads\/2020\/07\/20200719_172228.jpg\",\"width\":680,\"height\":680},{\"@type\":\"BreadcrumbList\",\"@id\":\"https:\/\/futbolhoy.co\/index.php\/2020\/07\/19\/orlando-berrio-jugara-en-emiratos-arabes\/#breadcrumb\",\"itemListElement\":[{\"@type\":\"ListItem\",\"position\":1,\"name\":\"Portada\",\"item\":\"https:\/\/futbolhoy.co\/\"},{\"@type\":\"ListItem\",\"position\":2,\"name\":\"Orlando Berr\u00edo jugar\u00e1 en Emiratos \u00c1rabes\"}]},{\"@type\":\"WebSite\",\"@id\":\"https:\/\/futbolhoy.co\/#website\",\"url\":\"https:\/\/futbolhoy.co\/\",\"name\":\"FutbolHoy\",\"description\":\"\",\"publisher\":{\"@id\":\"https:\/\/futbolhoy.co\/#organization\"},\"potentialAction\":[{\"@type\":\"SearchAction\",\"target\":{\"@type\":\"EntryPoint\",\"urlTemplate\":\"https:\/\/futbolhoy.co\/?s={search_term_string}\"},\"query-input\":{\"@type\":\"PropertyValueSpecification\",\"valueRequired\":true,\"valueName\":\"search_term_string\"}}],\"inLanguage\":\"es\"},{\"@type\":\"Organization\",\"@id\":\"https:\/\/futbolhoy.co\/#organization\",\"name\":\"Futbolhoy.co\",\"url\":\"https:\/\/futbolhoy.co\/\",\"logo\":{\"@type\":\"ImageObject\",\"inLanguage\":\"es\",\"@id\":\"https:\/\/futbolhoy.co\/#\/schema\/logo\/image\/\",\"url\":\"https:\/\/futbolhoy.co\/wp-content\/uploads\/2018\/08\/17426380_1906371736249227_6326180412931521141_n.jpg\",\"contentUrl\":\"https:\/\/futbolhoy.co\/wp-content\/uploads\/2018\/08\/17426380_1906371736249227_6326180412931521141_n.jpg\",\"width\":960,\"height\":960,\"caption\":\"Futbolhoy.co\"},\"image\":{\"@id\":\"https:\/\/futbolhoy.co\/#\/schema\/logo\/image\/\"},\"sameAs\":[\"https:\/\/www.facebook.com\/FutbolHoyCol\/\",\"https:\/\/x.com\/FutbolHoyCol\",\"https:\/\/www.instagram.com\/futbolhoycol\/\"]},{\"@type\":\"Person\",\"@id\":\"https:\/\/futbolhoy.co\/#\/schema\/person\/c4a353a512b127643723a34bb1812f7d\",\"name\":\"Laura Hern\u00e1ndez\",\"image\":{\"@type\":\"ImageObject\",\"inLanguage\":\"es\",\"@id\":\"https:\/\/futbolhoy.co\/#\/schema\/person\/image\/\",\"url\":\"https:\/\/secure.gravatar.com\/avatar\/d25959a15b9b293a743f99181c7cfd01?s=96&d=mm&r=g\",\"contentUrl\":\"https:\/\/secure.gravatar.com\/avatar\/d25959a15b9b293a743f99181c7cfd01?s=96&d=mm&r=g\",\"caption\":\"Laura Hern\u00e1ndez\"}}]}<\/script>\n<!-- \/ Yoast SEO plugin. -->","yoast_head_json":{"title":"Orlando Berr\u00edo jugar\u00e1 en Emiratos \u00c1rabes -","robots":{"index":"index","follow":"follow","max-snippet":"max-snippet:-1","max-image-preview":"max-image-preview:large","max-video-preview":"max-video-preview:-1"},"canonical":"https:\/\/futbolhoy.co\/index.php\/2020\/07\/19\/orlando-berrio-jugara-en-emiratos-arabes\/","og_locale":"es_ES","og_type":"article","og_title":"Orlando Berr\u00edo jugar\u00e1 en Emiratos \u00c1rabes -","og_description":"El delantero cartagenero Orlando Berr\u00edo, que ven\u00eda jugando con Flamengo de Brasil, fue presentado como refuerzo del Khor Fakkan de Emiratos \u00c1rabes. Berr\u00edo, excampe\u00f3n de Libertadores con Atl\u00e9tico Nacional, firm\u00f3 por dos a\u00f1os y Flamengo se qued\u00f3 el 30% de sus derechos en una futura venta. El colombiano, quien tuvo pocos minutos con el equipo [&hellip;]","og_url":"https:\/\/futbolhoy.co\/index.php\/2020\/07\/19\/orlando-berrio-jugara-en-emiratos-arabes\/","article_publisher":"https:\/\/www.facebook.com\/FutbolHoyCol\/","article_published_time":"2020-07-19T21:40:28+00:00","article_modified_time":"2020-07-20T16:11:11+00:00","og_image":[{"width":680,"height":680,"url":"https:\/\/futbolhoy.co\/wp-content\/uploads\/2020\/07\/20200719_172228.jpg","type":"image\/jpeg"}],"author":"Laura Hern\u00e1ndez","twitter_card":"summary_large_image","twitter_creator":"@FutbolHoyCol","twitter_site":"@FutbolHoyCol","twitter_misc":{"Escrito por":"Laura Hern\u00e1ndez"},"schema":{"@context":"https:\/\/schema.org","@graph":[{"@type":"Article","@id":"https:\/\/futbolhoy.co\/index.php\/2020\/07\/19\/orlando-berrio-jugara-en-emiratos-arabes\/#article","isPartOf":{"@id":"https:\/\/futbolhoy.co\/index.php\/2020\/07\/19\/orlando-berrio-jugara-en-emiratos-arabes\/"},"author":{"name":"Laura Hern\u00e1ndez","@id":"https:\/\/futbolhoy.co\/#\/schema\/person\/c4a353a512b127643723a34bb1812f7d"},"headline":"Orlando Berr\u00edo jugar\u00e1 en Emiratos \u00c1rabes","datePublished":"2020-07-19T21:40:28+00:00","dateModified":"2020-07-20T16:11:11+00:00","mainEntityOfPage":{"@id":"https:\/\/futbolhoy.co\/index.php\/2020\/07\/19\/orlando-berrio-jugara-en-emiratos-arabes\/"},"wordCount":76,"commentCount":0,"publisher":{"@id":"https:\/\/futbolhoy.co\/#organization"},"image":{"@id":"https:\/\/futbolhoy.co\/index.php\/2020\/07\/19\/orlando-berrio-jugara-en-emiratos-arabes\/#primaryimage"},"thumbnailUrl":"https:\/\/futbolhoy.co\/wp-content\/uploads\/2020\/07\/20200719_172228.jpg","articleSection":["Mundo Futbol"],"inLanguage":"es","potentialAction":[{"@type":"CommentAction","name":"Comment","target":["https:\/\/futbolhoy.co\/index.php\/2020\/07\/19\/orlando-berrio-jugara-en-emiratos-arabes\/#respond"]}]},{"@type":"WebPage","@id":"https:\/\/futbolhoy.co\/index.php\/2020\/07\/19\/orlando-berrio-jugara-en-emiratos-arabes\/","url":"https:\/\/futbolhoy.co\/index.php\/2020\/07\/19\/orlando-berrio-jugara-en-emiratos-arabes\/","name":"Orlando Berr\u00edo jugar\u00e1 en Emiratos \u00c1rabes -","isPartOf":{"@id":"https:\/\/futbolhoy.co\/#website"},"primaryImageOfPage":{"@id":"https:\/\/futbolhoy.co\/index.php\/2020\/07\/19\/orlando-berrio-jugara-en-emiratos-arabes\/#primaryimage"},"image":{"@id":"https:\/\/futbolhoy.co\/index.php\/2020\/07\/19\/orlando-berrio-jugara-en-emiratos-arabes\/#primaryimage"},"thumbnailUrl":"https:\/\/futbolhoy.co\/wp-content\/uploads\/2020\/07\/20200719_172228.jpg","datePublished":"2020-07-19T21:40:28+00:00","dateModified":"2020-07-20T16:11:11+00:00","breadcrumb":{"@id":"https:\/\/futbolhoy.co\/index.php\/2020\/07\/19\/orlando-berrio-jugara-en-emiratos-arabes\/#breadcrumb"},"inLanguage":"es","potentialAction":[{"@type":"ReadAction","target":["https:\/\/futbolhoy.co\/index.php\/2020\/07\/19\/orlando-berrio-jugara-en-emiratos-arabes\/"]}]},{"@type":"ImageObject","inLanguage":"es","@id":"https:\/\/futbolhoy.co\/index.php\/2020\/07\/19\/orlando-berrio-jugara-en-emiratos-arabes\/#primaryimage","url":"https:\/\/futbolhoy.co\/wp-content\/uploads\/2020\/07\/20200719_172228.jpg","contentUrl":"https:\/\/futbolhoy.co\/wp-content\/uploads\/2020\/07\/20200719_172228.jpg","width":680,"height":680},{"@type":"BreadcrumbList","@id":"https:\/\/futbolhoy.co\/index.php\/2020\/07\/19\/orlando-berrio-jugara-en-emiratos-arabes\/#breadcrumb","itemListElement":[{"@type":"ListItem","position":1,"name":"Portada","item":"https:\/\/futbolhoy.co\/"},{"@type":"ListItem","position":2,"name":"Orlando Berr\u00edo jugar\u00e1 en Emiratos \u00c1rabes"}]},{"@type":"WebSite","@id":"https:\/\/futbolhoy.co\/#website","url":"https:\/\/futbolhoy.co\/","name":"FutbolHoy","description":"","publisher":{"@id":"https:\/\/futbolhoy.co\/#organization"},"potentialAction":[{"@type":"SearchAction","target":{"@type":"EntryPoint","urlTemplate":"https:\/\/futbolhoy.co\/?s={search_term_string}"},"query-input":{"@type":"PropertyValueSpecification","valueRequired":true,"valueName":"search_term_string"}}],"inLanguage":"es"},{"@type":"Organization","@id":"https:\/\/futbolhoy.co\/#organization","name":"Futbolhoy.co","url":"https:\/\/futbolhoy.co\/","logo":{"@type":"ImageObject","inLanguage":"es","@id":"https:\/\/futbolhoy.co\/#\/schema\/logo\/image\/","url":"https:\/\/futbolhoy.co\/wp-content\/uploads\/2018\/08\/17426380_1906371736249227_6326180412931521141_n.jpg","contentUrl":"https:\/\/futbolhoy.co\/wp-content\/uploads\/2018\/08\/17426380_1906371736249227_6326180412931521141_n.jpg","width":960,"height":960,"caption":"Futbolhoy.co"},"image":{"@id":"https:\/\/futbolhoy.co\/#\/schema\/logo\/image\/"},"sameAs":["https:\/\/www.facebook.com\/FutbolHoyCol\/","https:\/\/x.com\/FutbolHoyCol","https:\/\/www.instagram.com\/futbolhoycol\/"]},{"@type":"Person","@id":"https:\/\/futbolhoy.co\/#\/schema\/person\/c4a353a512b127643723a34bb1812f7d","name":"Laura Hern\u00e1ndez","image":{"@type":"ImageObject","inLanguage":"es","@id":"https:\/\/futbolhoy.co\/#\/schema\/person\/image\/","url":"https:\/\/secure.gravatar.com\/avatar\/d25959a15b9b293a743f99181c7cfd01?s=96&d=mm&r=g","contentUrl":"https:\/\/secure.gravatar.com\/avatar\/d25959a15b9b293a743f99181c7cfd01?s=96&d=mm&r=g","caption":"Laura Hern\u00e1ndez"}}]}},"publishpress_future_action":{"enabled":false,"date":"2026-05-06 13:16:15","action":"change-status","newStatus":"draft","terms":[],"taxonomy":"category","extraData":[]},"publishpress_future_workflow_manual_trigger":{"enabledWorkflows":[]},"_links":{"self":[{"href":"https:\/\/futbolhoy.co\/index.php\/wp-json\/wp\/v2\/posts\/53672","targetHints":{"allow":["GET"]}}],"collection":[{"href":"https:\/\/futbolhoy.co\/index.php\/wp-json\/wp\/v2\/posts"}],"about":[{"href":"https:\/\/futbolhoy.co\/index.php\/wp-json\/wp\/v2\/types\/post"}],"author":[{"embeddable":true,"href":"https:\/\/futbolhoy.co\/index.php\/wp-json\/wp\/v2\/users\/5"}],"replies":[{"embeddable":true,"href":"https:\/\/futbolhoy.co\/index.php\/wp-json\/wp\/v2\/comments?post=53672"}],"version-history":[{"count":3,"href":"https:\/\/futbolhoy.co\/index.php\/wp-json\/wp\/v2\/posts\/53672\/revisions"}],"predecessor-version":[{"id":53690,"href":"https:\/\/futbolhoy.co\/index.php\/wp-json\/wp\/v2\/posts\/53672\/revisions\/53690"}],"wp:featuredmedia":[{"embeddable":true,"href":"https:\/\/futbolhoy.co\/index.php\/wp-json\/wp\/v2\/media\/53674"}],"wp:attachment":[{"href":"https:\/\/futbolhoy.co\/index.php\/wp-json\/wp\/v2\/media?parent=53672"}],"wp:term":[{"taxonomy":"category","embeddable":true,"href":"https:\/\/futbolhoy.co\/index.php\/wp-json\/wp\/v2\/categories?post=53672"},{"taxonomy":"post_tag","embeddable":true,"href":"https:\/\/futbolhoy.co\/index.php\/wp-json\/wp\/v2\/tags?post=53672"}],"curies":[{"name":"wp","href":"https:\/\/api.w.org\/{rel}","templated":true}]}}