{"id":53687,"date":"2020-07-20T10:00:28","date_gmt":"2020-07-20T15:00:28","guid":{"rendered":"https:\/\/futbolhoy.co\/?p=53687"},"modified":"2020-07-20T17:57:49","modified_gmt":"2020-07-20T22:57:49","slug":"el-2020-sin-balon-de-oro","status":"publish","type":"post","link":"https:\/\/futbolhoy.co\/index.php\/2020\/07\/20\/el-2020-sin-balon-de-oro\/","title":{"rendered":"El 2020 sin Bal\u00f3n de Oro"},"content":{"rendered":"<p style=\"text-align: justify;\"><span style=\"font-family: helvetica, arial, sans-serif;\">El <strong>Bal\u00f3n de Oro<\/strong>, uno de los galardones m\u00e1s prestigioso del f\u00fatbol, no se entregar\u00e1 este a\u00f1o debido a la pandemia que afecta al mundo.<\/span><\/p>\n<p style=\"text-align: justify;\"><span style=\"font-family: helvetica, arial, sans-serif;\">\"Ante circunstancias excepcionales, disposiciones excepcionales. Por primera vez en su historia, que comenz\u00f3 en 1956, el <strong>Bal\u00f3n de Oro France Football<\/strong> no ser\u00e1 entregado en 2020, ante la falta de suficientes condiciones igualitarias\", dice el comunicado.<\/span><\/p>\n<p style=\"text-align: justify;\"><span style=\"font-family: helvetica, arial, sans-serif;\">El semanario consider\u00f3 que se trata de un a\u00f1o singular, que no debe ser tratado como uno ordinario y la equidad en el trato a todos los jugadores no se cumple en 2020.<\/span><\/p>\n","protected":false},"excerpt":{"rendered":"<p>El Bal\u00f3n de Oro, uno de los galardones m\u00e1s prestigioso del f\u00fatbol, no se entregar\u00e1 este a\u00f1o debido a la pandemia que afecta al mundo. \"Ante circunstancias excepcionales, disposiciones excepcionales. Por primera vez en su historia, que comenz\u00f3 en 1956, el Bal\u00f3n de Oro France Football no ser\u00e1 entregado en 2020, ante la falta de [&hellip;]<\/p>\n","protected":false},"author":5,"featured_media":9513,"comment_status":"open","ping_status":"open","sticky":false,"template":"","format":"standard","meta":{"_acf_changed":false,"footnotes":""},"categories":[152],"tags":[422],"class_list":{"0":"post-53687","1":"post","2":"type-post","3":"status-publish","4":"format-standard","5":"has-post-thumbnail","7":"category-mundo-futbol","8":"tag-balon-de-oro"},"acf":[],"yoast_head":"<!-- This site is optimized with the Yoast SEO plugin v26.8 - https:\/\/yoast.com\/product\/yoast-seo-wordpress\/ -->\n<title>El 2020 sin Bal\u00f3n de Oro -<\/title>\n<meta name=\"robots\" content=\"index, follow, max-snippet:-1, max-image-preview:large, max-video-preview:-1\" \/>\n<link rel=\"canonical\" href=\"https:\/\/futbolhoy.co\/index.php\/2020\/07\/20\/el-2020-sin-balon-de-oro\/\" \/>\n<meta property=\"og:locale\" content=\"es_ES\" \/>\n<meta property=\"og:type\" content=\"article\" \/>\n<meta property=\"og:title\" content=\"El 2020 sin Bal\u00f3n de Oro -\" \/>\n<meta property=\"og:description\" content=\"El Bal\u00f3n de Oro, uno de los galardones m\u00e1s prestigioso del f\u00fatbol, no se entregar\u00e1 este a\u00f1o debido a la pandemia que afecta al mundo. &quot;Ante circunstancias excepcionales, disposiciones excepcionales. Por primera vez en su historia, que comenz\u00f3 en 1956, el Bal\u00f3n de Oro France Football no ser\u00e1 entregado en 2020, ante la falta de [&hellip;]\" \/>\n<meta property=\"og:url\" content=\"https:\/\/futbolhoy.co\/index.php\/2020\/07\/20\/el-2020-sin-balon-de-oro\/\" \/>\n<meta property=\"article:publisher\" content=\"https:\/\/www.facebook.com\/FutbolHoyCol\/\" \/>\n<meta property=\"article:published_time\" content=\"2020-07-20T15:00:28+00:00\" \/>\n<meta property=\"article:modified_time\" content=\"2020-07-20T22:57:49+00:00\" \/>\n<meta property=\"og:image\" content=\"https:\/\/futbolhoy.co\/wp-content\/uploads\/2017\/11\/balon-de-oro.png\" \/>\n\t<meta property=\"og:image:width\" content=\"844\" \/>\n\t<meta property=\"og:image:height\" content=\"556\" \/>\n\t<meta property=\"og:image:type\" content=\"image\/png\" \/>\n<meta name=\"author\" content=\"Laura Hern\u00e1ndez\" \/>\n<meta name=\"twitter:card\" content=\"summary_large_image\" \/>\n<meta name=\"twitter:creator\" content=\"@FutbolHoyCol\" \/>\n<meta name=\"twitter:site\" content=\"@FutbolHoyCol\" \/>\n<meta name=\"twitter:label1\" content=\"Escrito por\" \/>\n\t<meta name=\"twitter:data1\" content=\"Laura Hern\u00e1ndez\" \/>\n<script type=\"application\/ld+json\" class=\"yoast-schema-graph\">{\"@context\":\"https:\/\/schema.org\",\"@graph\":[{\"@type\":\"Article\",\"@id\":\"https:\/\/futbolhoy.co\/index.php\/2020\/07\/20\/el-2020-sin-balon-de-oro\/#article\",\"isPartOf\":{\"@id\":\"https:\/\/futbolhoy.co\/index.php\/2020\/07\/20\/el-2020-sin-balon-de-oro\/\"},\"author\":{\"name\":\"Laura Hern\u00e1ndez\",\"@id\":\"https:\/\/futbolhoy.co\/#\/schema\/person\/c4a353a512b127643723a34bb1812f7d\"},\"headline\":\"El 2020 sin Bal\u00f3n de Oro\",\"datePublished\":\"2020-07-20T15:00:28+00:00\",\"dateModified\":\"2020-07-20T22:57:49+00:00\",\"mainEntityOfPage\":{\"@id\":\"https:\/\/futbolhoy.co\/index.php\/2020\/07\/20\/el-2020-sin-balon-de-oro\/\"},\"wordCount\":103,\"commentCount\":0,\"publisher\":{\"@id\":\"https:\/\/futbolhoy.co\/#organization\"},\"image\":{\"@id\":\"https:\/\/futbolhoy.co\/index.php\/2020\/07\/20\/el-2020-sin-balon-de-oro\/#primaryimage\"},\"thumbnailUrl\":\"https:\/\/futbolhoy.co\/wp-content\/uploads\/2017\/11\/balon-de-oro.png\",\"keywords\":[\"balon de oro\"],\"articleSection\":[\"Mundo Futbol\"],\"inLanguage\":\"es\",\"potentialAction\":[{\"@type\":\"CommentAction\",\"name\":\"Comment\",\"target\":[\"https:\/\/futbolhoy.co\/index.php\/2020\/07\/20\/el-2020-sin-balon-de-oro\/#respond\"]}]},{\"@type\":\"WebPage\",\"@id\":\"https:\/\/futbolhoy.co\/index.php\/2020\/07\/20\/el-2020-sin-balon-de-oro\/\",\"url\":\"https:\/\/futbolhoy.co\/index.php\/2020\/07\/20\/el-2020-sin-balon-de-oro\/\",\"name\":\"El 2020 sin Bal\u00f3n de Oro -\",\"isPartOf\":{\"@id\":\"https:\/\/futbolhoy.co\/#website\"},\"primaryImageOfPage\":{\"@id\":\"https:\/\/futbolhoy.co\/index.php\/2020\/07\/20\/el-2020-sin-balon-de-oro\/#primaryimage\"},\"image\":{\"@id\":\"https:\/\/futbolhoy.co\/index.php\/2020\/07\/20\/el-2020-sin-balon-de-oro\/#primaryimage\"},\"thumbnailUrl\":\"https:\/\/futbolhoy.co\/wp-content\/uploads\/2017\/11\/balon-de-oro.png\",\"datePublished\":\"2020-07-20T15:00:28+00:00\",\"dateModified\":\"2020-07-20T22:57:49+00:00\",\"breadcrumb\":{\"@id\":\"https:\/\/futbolhoy.co\/index.php\/2020\/07\/20\/el-2020-sin-balon-de-oro\/#breadcrumb\"},\"inLanguage\":\"es\",\"potentialAction\":[{\"@type\":\"ReadAction\",\"target\":[\"https:\/\/futbolhoy.co\/index.php\/2020\/07\/20\/el-2020-sin-balon-de-oro\/\"]}]},{\"@type\":\"ImageObject\",\"inLanguage\":\"es\",\"@id\":\"https:\/\/futbolhoy.co\/index.php\/2020\/07\/20\/el-2020-sin-balon-de-oro\/#primaryimage\",\"url\":\"https:\/\/futbolhoy.co\/wp-content\/uploads\/2017\/11\/balon-de-oro.png\",\"contentUrl\":\"https:\/\/futbolhoy.co\/wp-content\/uploads\/2017\/11\/balon-de-oro.png\",\"width\":844,\"height\":556},{\"@type\":\"BreadcrumbList\",\"@id\":\"https:\/\/futbolhoy.co\/index.php\/2020\/07\/20\/el-2020-sin-balon-de-oro\/#breadcrumb\",\"itemListElement\":[{\"@type\":\"ListItem\",\"position\":1,\"name\":\"Portada\",\"item\":\"https:\/\/futbolhoy.co\/\"},{\"@type\":\"ListItem\",\"position\":2,\"name\":\"El 2020 sin Bal\u00f3n de Oro\"}]},{\"@type\":\"WebSite\",\"@id\":\"https:\/\/futbolhoy.co\/#website\",\"url\":\"https:\/\/futbolhoy.co\/\",\"name\":\"FutbolHoy\",\"description\":\"\",\"publisher\":{\"@id\":\"https:\/\/futbolhoy.co\/#organization\"},\"potentialAction\":[{\"@type\":\"SearchAction\",\"target\":{\"@type\":\"EntryPoint\",\"urlTemplate\":\"https:\/\/futbolhoy.co\/?s={search_term_string}\"},\"query-input\":{\"@type\":\"PropertyValueSpecification\",\"valueRequired\":true,\"valueName\":\"search_term_string\"}}],\"inLanguage\":\"es\"},{\"@type\":\"Organization\",\"@id\":\"https:\/\/futbolhoy.co\/#organization\",\"name\":\"Futbolhoy.co\",\"url\":\"https:\/\/futbolhoy.co\/\",\"logo\":{\"@type\":\"ImageObject\",\"inLanguage\":\"es\",\"@id\":\"https:\/\/futbolhoy.co\/#\/schema\/logo\/image\/\",\"url\":\"https:\/\/futbolhoy.co\/wp-content\/uploads\/2018\/08\/17426380_1906371736249227_6326180412931521141_n.jpg\",\"contentUrl\":\"https:\/\/futbolhoy.co\/wp-content\/uploads\/2018\/08\/17426380_1906371736249227_6326180412931521141_n.jpg\",\"width\":960,\"height\":960,\"caption\":\"Futbolhoy.co\"},\"image\":{\"@id\":\"https:\/\/futbolhoy.co\/#\/schema\/logo\/image\/\"},\"sameAs\":[\"https:\/\/www.facebook.com\/FutbolHoyCol\/\",\"https:\/\/x.com\/FutbolHoyCol\",\"https:\/\/www.instagram.com\/futbolhoycol\/\"]},{\"@type\":\"Person\",\"@id\":\"https:\/\/futbolhoy.co\/#\/schema\/person\/c4a353a512b127643723a34bb1812f7d\",\"name\":\"Laura Hern\u00e1ndez\",\"image\":{\"@type\":\"ImageObject\",\"inLanguage\":\"es\",\"@id\":\"https:\/\/futbolhoy.co\/#\/schema\/person\/image\/\",\"url\":\"https:\/\/secure.gravatar.com\/avatar\/d25959a15b9b293a743f99181c7cfd01?s=96&d=mm&r=g\",\"contentUrl\":\"https:\/\/secure.gravatar.com\/avatar\/d25959a15b9b293a743f99181c7cfd01?s=96&d=mm&r=g\",\"caption\":\"Laura Hern\u00e1ndez\"}}]}<\/script>\n<!-- \/ Yoast SEO plugin. -->","yoast_head_json":{"title":"El 2020 sin Bal\u00f3n de Oro -","robots":{"index":"index","follow":"follow","max-snippet":"max-snippet:-1","max-image-preview":"max-image-preview:large","max-video-preview":"max-video-preview:-1"},"canonical":"https:\/\/futbolhoy.co\/index.php\/2020\/07\/20\/el-2020-sin-balon-de-oro\/","og_locale":"es_ES","og_type":"article","og_title":"El 2020 sin Bal\u00f3n de Oro -","og_description":"El Bal\u00f3n de Oro, uno de los galardones m\u00e1s prestigioso del f\u00fatbol, no se entregar\u00e1 este a\u00f1o debido a la pandemia que afecta al mundo. \"Ante circunstancias excepcionales, disposiciones excepcionales. Por primera vez en su historia, que comenz\u00f3 en 1956, el Bal\u00f3n de Oro France Football no ser\u00e1 entregado en 2020, ante la falta de [&hellip;]","og_url":"https:\/\/futbolhoy.co\/index.php\/2020\/07\/20\/el-2020-sin-balon-de-oro\/","article_publisher":"https:\/\/www.facebook.com\/FutbolHoyCol\/","article_published_time":"2020-07-20T15:00:28+00:00","article_modified_time":"2020-07-20T22:57:49+00:00","og_image":[{"width":844,"height":556,"url":"https:\/\/futbolhoy.co\/wp-content\/uploads\/2017\/11\/balon-de-oro.png","type":"image\/png"}],"author":"Laura Hern\u00e1ndez","twitter_card":"summary_large_image","twitter_creator":"@FutbolHoyCol","twitter_site":"@FutbolHoyCol","twitter_misc":{"Escrito por":"Laura Hern\u00e1ndez"},"schema":{"@context":"https:\/\/schema.org","@graph":[{"@type":"Article","@id":"https:\/\/futbolhoy.co\/index.php\/2020\/07\/20\/el-2020-sin-balon-de-oro\/#article","isPartOf":{"@id":"https:\/\/futbolhoy.co\/index.php\/2020\/07\/20\/el-2020-sin-balon-de-oro\/"},"author":{"name":"Laura Hern\u00e1ndez","@id":"https:\/\/futbolhoy.co\/#\/schema\/person\/c4a353a512b127643723a34bb1812f7d"},"headline":"El 2020 sin Bal\u00f3n de Oro","datePublished":"2020-07-20T15:00:28+00:00","dateModified":"2020-07-20T22:57:49+00:00","mainEntityOfPage":{"@id":"https:\/\/futbolhoy.co\/index.php\/2020\/07\/20\/el-2020-sin-balon-de-oro\/"},"wordCount":103,"commentCount":0,"publisher":{"@id":"https:\/\/futbolhoy.co\/#organization"},"image":{"@id":"https:\/\/futbolhoy.co\/index.php\/2020\/07\/20\/el-2020-sin-balon-de-oro\/#primaryimage"},"thumbnailUrl":"https:\/\/futbolhoy.co\/wp-content\/uploads\/2017\/11\/balon-de-oro.png","keywords":["balon de oro"],"articleSection":["Mundo Futbol"],"inLanguage":"es","potentialAction":[{"@type":"CommentAction","name":"Comment","target":["https:\/\/futbolhoy.co\/index.php\/2020\/07\/20\/el-2020-sin-balon-de-oro\/#respond"]}]},{"@type":"WebPage","@id":"https:\/\/futbolhoy.co\/index.php\/2020\/07\/20\/el-2020-sin-balon-de-oro\/","url":"https:\/\/futbolhoy.co\/index.php\/2020\/07\/20\/el-2020-sin-balon-de-oro\/","name":"El 2020 sin Bal\u00f3n de Oro -","isPartOf":{"@id":"https:\/\/futbolhoy.co\/#website"},"primaryImageOfPage":{"@id":"https:\/\/futbolhoy.co\/index.php\/2020\/07\/20\/el-2020-sin-balon-de-oro\/#primaryimage"},"image":{"@id":"https:\/\/futbolhoy.co\/index.php\/2020\/07\/20\/el-2020-sin-balon-de-oro\/#primaryimage"},"thumbnailUrl":"https:\/\/futbolhoy.co\/wp-content\/uploads\/2017\/11\/balon-de-oro.png","datePublished":"2020-07-20T15:00:28+00:00","dateModified":"2020-07-20T22:57:49+00:00","breadcrumb":{"@id":"https:\/\/futbolhoy.co\/index.php\/2020\/07\/20\/el-2020-sin-balon-de-oro\/#breadcrumb"},"inLanguage":"es","potentialAction":[{"@type":"ReadAction","target":["https:\/\/futbolhoy.co\/index.php\/2020\/07\/20\/el-2020-sin-balon-de-oro\/"]}]},{"@type":"ImageObject","inLanguage":"es","@id":"https:\/\/futbolhoy.co\/index.php\/2020\/07\/20\/el-2020-sin-balon-de-oro\/#primaryimage","url":"https:\/\/futbolhoy.co\/wp-content\/uploads\/2017\/11\/balon-de-oro.png","contentUrl":"https:\/\/futbolhoy.co\/wp-content\/uploads\/2017\/11\/balon-de-oro.png","width":844,"height":556},{"@type":"BreadcrumbList","@id":"https:\/\/futbolhoy.co\/index.php\/2020\/07\/20\/el-2020-sin-balon-de-oro\/#breadcrumb","itemListElement":[{"@type":"ListItem","position":1,"name":"Portada","item":"https:\/\/futbolhoy.co\/"},{"@type":"ListItem","position":2,"name":"El 2020 sin Bal\u00f3n de Oro"}]},{"@type":"WebSite","@id":"https:\/\/futbolhoy.co\/#website","url":"https:\/\/futbolhoy.co\/","name":"FutbolHoy","description":"","publisher":{"@id":"https:\/\/futbolhoy.co\/#organization"},"potentialAction":[{"@type":"SearchAction","target":{"@type":"EntryPoint","urlTemplate":"https:\/\/futbolhoy.co\/?s={search_term_string}"},"query-input":{"@type":"PropertyValueSpecification","valueRequired":true,"valueName":"search_term_string"}}],"inLanguage":"es"},{"@type":"Organization","@id":"https:\/\/futbolhoy.co\/#organization","name":"Futbolhoy.co","url":"https:\/\/futbolhoy.co\/","logo":{"@type":"ImageObject","inLanguage":"es","@id":"https:\/\/futbolhoy.co\/#\/schema\/logo\/image\/","url":"https:\/\/futbolhoy.co\/wp-content\/uploads\/2018\/08\/17426380_1906371736249227_6326180412931521141_n.jpg","contentUrl":"https:\/\/futbolhoy.co\/wp-content\/uploads\/2018\/08\/17426380_1906371736249227_6326180412931521141_n.jpg","width":960,"height":960,"caption":"Futbolhoy.co"},"image":{"@id":"https:\/\/futbolhoy.co\/#\/schema\/logo\/image\/"},"sameAs":["https:\/\/www.facebook.com\/FutbolHoyCol\/","https:\/\/x.com\/FutbolHoyCol","https:\/\/www.instagram.com\/futbolhoycol\/"]},{"@type":"Person","@id":"https:\/\/futbolhoy.co\/#\/schema\/person\/c4a353a512b127643723a34bb1812f7d","name":"Laura Hern\u00e1ndez","image":{"@type":"ImageObject","inLanguage":"es","@id":"https:\/\/futbolhoy.co\/#\/schema\/person\/image\/","url":"https:\/\/secure.gravatar.com\/avatar\/d25959a15b9b293a743f99181c7cfd01?s=96&d=mm&r=g","contentUrl":"https:\/\/secure.gravatar.com\/avatar\/d25959a15b9b293a743f99181c7cfd01?s=96&d=mm&r=g","caption":"Laura Hern\u00e1ndez"}}]}},"publishpress_future_action":{"enabled":false,"date":"2026-05-02 03:41:57","action":"change-status","newStatus":"draft","terms":[],"taxonomy":"category","extraData":[]},"publishpress_future_workflow_manual_trigger":{"enabledWorkflows":[]},"_links":{"self":[{"href":"https:\/\/futbolhoy.co\/index.php\/wp-json\/wp\/v2\/posts\/53687","targetHints":{"allow":["GET"]}}],"collection":[{"href":"https:\/\/futbolhoy.co\/index.php\/wp-json\/wp\/v2\/posts"}],"about":[{"href":"https:\/\/futbolhoy.co\/index.php\/wp-json\/wp\/v2\/types\/post"}],"author":[{"embeddable":true,"href":"https:\/\/futbolhoy.co\/index.php\/wp-json\/wp\/v2\/users\/5"}],"replies":[{"embeddable":true,"href":"https:\/\/futbolhoy.co\/index.php\/wp-json\/wp\/v2\/comments?post=53687"}],"version-history":[{"count":1,"href":"https:\/\/futbolhoy.co\/index.php\/wp-json\/wp\/v2\/posts\/53687\/revisions"}],"predecessor-version":[{"id":53688,"href":"https:\/\/futbolhoy.co\/index.php\/wp-json\/wp\/v2\/posts\/53687\/revisions\/53688"}],"wp:featuredmedia":[{"embeddable":true,"href":"https:\/\/futbolhoy.co\/index.php\/wp-json\/wp\/v2\/media\/9513"}],"wp:attachment":[{"href":"https:\/\/futbolhoy.co\/index.php\/wp-json\/wp\/v2\/media?parent=53687"}],"wp:term":[{"taxonomy":"category","embeddable":true,"href":"https:\/\/futbolhoy.co\/index.php\/wp-json\/wp\/v2\/categories?post=53687"},{"taxonomy":"post_tag","embeddable":true,"href":"https:\/\/futbolhoy.co\/index.php\/wp-json\/wp\/v2\/tags?post=53687"}],"curies":[{"name":"wp","href":"https:\/\/api.w.org\/{rel}","templated":true}]}}