{"id":53894,"date":"2020-07-27T17:57:11","date_gmt":"2020-07-27T22:57:11","guid":{"rendered":"https:\/\/futbolhoy.co\/?p=53894"},"modified":"2020-07-28T17:45:54","modified_gmt":"2020-07-28T22:45:54","slug":"concacaf-definio-calendario-de-eliminatorias","status":"publish","type":"post","link":"https:\/\/futbolhoy.co\/index.php\/2020\/07\/27\/concacaf-definio-calendario-de-eliminatorias\/","title":{"rendered":"Concacaf defini\u00f3 calendario de eliminatorias"},"content":{"rendered":"<p style=\"text-align: justify;\"><span style=\"font-family: helvetica, arial, sans-serif;\">La\u00a0<b>Confederaci\u00f3n de f\u00fatbol de Norteam\u00e9rica, Centroam\u00e9rica y el Caribe\u00a0<\/b>(Concacaf) anunci\u00f3 un nuevo formato de clasificaci\u00f3n para el\u00a0<b>Mundial Qatar 2022<\/b>, con una ronda final que disputar\u00e1n ocho selecciones, cinco de las cuales ya est\u00e1n escogidas.<\/span><\/p>\n<p style=\"text-align: justify;\"><span style=\"font-family: helvetica, arial, sans-serif;\">Hasta ahora, la\u00a0<b>Concacaf<\/b>\u00a0repart\u00eda sus tres plazas directas a la\u00a0<b>Copa Mundo<\/b>, y un cupo\u00a0a repechaje intercontinental, en una \u00faltima fase en la que participaban seis equipos, el llamado\u00a0<i>'Hexagonal'<\/i>.<\/span><\/p>\n<p style=\"text-align: justify;\"><span style=\"font-family: helvetica, arial, sans-serif;\">Con el nuevo formato,\u00a0<b>M\u00e9xico<\/b>,\u00a0<b>Estados Unidos<\/b>,\u00a0<b>Costa Rica<\/b>,\u00a0<b>Jamaica<\/b>\u00a0y\u00a0<b>Honduras<\/b>\u00a0ya est\u00e1n clasificados directamente para la ronda final, gracias a su posici\u00f3n en el ranking FIFA a fecha de 16 de julio, explic\u00f3 la Concacaf en un comunicado.<\/span><\/p>\n<p style=\"text-align: justify;\"><span style=\"font-family: helvetica, arial, sans-serif;\">La ronda final incluir\u00e1 otras tres selecciones, de las 35 que forman parte del organismo; y\u00a0que tendr\u00e1n que superar una fase de grupos, que se disputar\u00e1 en las fechas\u00a0<b>FIFA<\/b>\u00a0de octubre y noviembre de 2020, y otra de eliminatorias en marzo de 2021.<\/span><\/p>\n<p style=\"text-align: justify;\"><span style=\"font-family: helvetica, arial, sans-serif;\">En la ronda final, los ocho equipos jugar\u00e1n dos veces contra cada rival, para un total de 14 partidos.<\/span><\/p>\n<p style=\"text-align: justify;\"><span style=\"font-family: helvetica, arial, sans-serif;\">Esta ronda arrancar\u00e1 en la doble fecha FIFA de junio de 2021 y continuar\u00e1 en las fechas de septiembre, octubre y noviembre del pr\u00f3ximo a\u00f1o, as\u00ed como las de enero y marzo de 2022.<\/span><\/p>\n<p style=\"text-align: justify;\"><span style=\"font-family: helvetica, arial, sans-serif;\">Las tres mejores selecciones clasificar\u00e1n directamente a Qatar 2022 y la cuarta disputar\u00e1 un repechaje intercontinental (Asia) programado para junio de 2022.<\/span><\/p>\n","protected":false},"excerpt":{"rendered":"<p>La\u00a0Confederaci\u00f3n de f\u00fatbol de Norteam\u00e9rica, Centroam\u00e9rica y el Caribe\u00a0(Concacaf) anunci\u00f3 un nuevo formato de clasificaci\u00f3n para el\u00a0Mundial Qatar 2022, con una ronda final que disputar\u00e1n ocho selecciones, cinco de las cuales ya est\u00e1n escogidas. Hasta ahora, la\u00a0Concacaf\u00a0repart\u00eda sus tres plazas directas a la\u00a0Copa Mundo, y un cupo\u00a0a repechaje intercontinental, en una \u00faltima fase en la [&hellip;]<\/p>\n","protected":false},"author":5,"featured_media":53896,"comment_status":"open","ping_status":"open","sticky":false,"template":"","format":"standard","meta":{"_acf_changed":false,"footnotes":""},"categories":[152],"tags":[],"class_list":{"0":"post-53894","1":"post","2":"type-post","3":"status-publish","4":"format-standard","5":"has-post-thumbnail","7":"category-mundo-futbol"},"acf":[],"yoast_head":"<!-- This site is optimized with the Yoast SEO plugin v26.8 - https:\/\/yoast.com\/product\/yoast-seo-wordpress\/ -->\n<title>Concacaf defini\u00f3 calendario de eliminatorias -<\/title>\n<meta name=\"robots\" content=\"index, follow, max-snippet:-1, max-image-preview:large, max-video-preview:-1\" \/>\n<link rel=\"canonical\" href=\"https:\/\/futbolhoy.co\/index.php\/2020\/07\/27\/concacaf-definio-calendario-de-eliminatorias\/\" \/>\n<meta property=\"og:locale\" content=\"es_ES\" \/>\n<meta property=\"og:type\" content=\"article\" \/>\n<meta property=\"og:title\" content=\"Concacaf defini\u00f3 calendario de eliminatorias -\" \/>\n<meta property=\"og:description\" content=\"La\u00a0Confederaci\u00f3n de f\u00fatbol de Norteam\u00e9rica, Centroam\u00e9rica y el Caribe\u00a0(Concacaf) anunci\u00f3 un nuevo formato de clasificaci\u00f3n para el\u00a0Mundial Qatar 2022, con una ronda final que disputar\u00e1n ocho selecciones, cinco de las cuales ya est\u00e1n escogidas. Hasta ahora, la\u00a0Concacaf\u00a0repart\u00eda sus tres plazas directas a la\u00a0Copa Mundo, y un cupo\u00a0a repechaje intercontinental, en una \u00faltima fase en la [&hellip;]\" \/>\n<meta property=\"og:url\" content=\"https:\/\/futbolhoy.co\/index.php\/2020\/07\/27\/concacaf-definio-calendario-de-eliminatorias\/\" \/>\n<meta property=\"article:publisher\" content=\"https:\/\/www.facebook.com\/FutbolHoyCol\/\" \/>\n<meta property=\"article:published_time\" content=\"2020-07-27T22:57:11+00:00\" \/>\n<meta property=\"article:modified_time\" content=\"2020-07-28T22:45:54+00:00\" \/>\n<meta property=\"og:image\" content=\"https:\/\/futbolhoy.co\/wp-content\/uploads\/2020\/07\/Ed9auD0WkAAHPam-1.jpg\" \/>\n\t<meta property=\"og:image:width\" content=\"679\" \/>\n\t<meta property=\"og:image:height\" content=\"453\" \/>\n\t<meta property=\"og:image:type\" content=\"image\/jpeg\" \/>\n<meta name=\"author\" content=\"Laura Hern\u00e1ndez\" \/>\n<meta name=\"twitter:card\" content=\"summary_large_image\" \/>\n<meta name=\"twitter:creator\" content=\"@FutbolHoyCol\" \/>\n<meta name=\"twitter:site\" content=\"@FutbolHoyCol\" \/>\n<meta name=\"twitter:label1\" content=\"Escrito por\" \/>\n\t<meta name=\"twitter:data1\" content=\"Laura Hern\u00e1ndez\" \/>\n\t<meta name=\"twitter:label2\" content=\"Tiempo de lectura\" \/>\n\t<meta name=\"twitter:data2\" content=\"1 minuto\" \/>\n<script type=\"application\/ld+json\" class=\"yoast-schema-graph\">{\"@context\":\"https:\/\/schema.org\",\"@graph\":[{\"@type\":\"Article\",\"@id\":\"https:\/\/futbolhoy.co\/index.php\/2020\/07\/27\/concacaf-definio-calendario-de-eliminatorias\/#article\",\"isPartOf\":{\"@id\":\"https:\/\/futbolhoy.co\/index.php\/2020\/07\/27\/concacaf-definio-calendario-de-eliminatorias\/\"},\"author\":{\"name\":\"Laura Hern\u00e1ndez\",\"@id\":\"https:\/\/futbolhoy.co\/#\/schema\/person\/c4a353a512b127643723a34bb1812f7d\"},\"headline\":\"Concacaf defini\u00f3 calendario de eliminatorias\",\"datePublished\":\"2020-07-27T22:57:11+00:00\",\"dateModified\":\"2020-07-28T22:45:54+00:00\",\"mainEntityOfPage\":{\"@id\":\"https:\/\/futbolhoy.co\/index.php\/2020\/07\/27\/concacaf-definio-calendario-de-eliminatorias\/\"},\"wordCount\":240,\"commentCount\":0,\"publisher\":{\"@id\":\"https:\/\/futbolhoy.co\/#organization\"},\"image\":{\"@id\":\"https:\/\/futbolhoy.co\/index.php\/2020\/07\/27\/concacaf-definio-calendario-de-eliminatorias\/#primaryimage\"},\"thumbnailUrl\":\"https:\/\/futbolhoy.co\/wp-content\/uploads\/2020\/07\/Ed9auD0WkAAHPam-1.jpg\",\"articleSection\":[\"Mundo Futbol\"],\"inLanguage\":\"es\",\"potentialAction\":[{\"@type\":\"CommentAction\",\"name\":\"Comment\",\"target\":[\"https:\/\/futbolhoy.co\/index.php\/2020\/07\/27\/concacaf-definio-calendario-de-eliminatorias\/#respond\"]}]},{\"@type\":\"WebPage\",\"@id\":\"https:\/\/futbolhoy.co\/index.php\/2020\/07\/27\/concacaf-definio-calendario-de-eliminatorias\/\",\"url\":\"https:\/\/futbolhoy.co\/index.php\/2020\/07\/27\/concacaf-definio-calendario-de-eliminatorias\/\",\"name\":\"Concacaf defini\u00f3 calendario de eliminatorias -\",\"isPartOf\":{\"@id\":\"https:\/\/futbolhoy.co\/#website\"},\"primaryImageOfPage\":{\"@id\":\"https:\/\/futbolhoy.co\/index.php\/2020\/07\/27\/concacaf-definio-calendario-de-eliminatorias\/#primaryimage\"},\"image\":{\"@id\":\"https:\/\/futbolhoy.co\/index.php\/2020\/07\/27\/concacaf-definio-calendario-de-eliminatorias\/#primaryimage\"},\"thumbnailUrl\":\"https:\/\/futbolhoy.co\/wp-content\/uploads\/2020\/07\/Ed9auD0WkAAHPam-1.jpg\",\"datePublished\":\"2020-07-27T22:57:11+00:00\",\"dateModified\":\"2020-07-28T22:45:54+00:00\",\"breadcrumb\":{\"@id\":\"https:\/\/futbolhoy.co\/index.php\/2020\/07\/27\/concacaf-definio-calendario-de-eliminatorias\/#breadcrumb\"},\"inLanguage\":\"es\",\"potentialAction\":[{\"@type\":\"ReadAction\",\"target\":[\"https:\/\/futbolhoy.co\/index.php\/2020\/07\/27\/concacaf-definio-calendario-de-eliminatorias\/\"]}]},{\"@type\":\"ImageObject\",\"inLanguage\":\"es\",\"@id\":\"https:\/\/futbolhoy.co\/index.php\/2020\/07\/27\/concacaf-definio-calendario-de-eliminatorias\/#primaryimage\",\"url\":\"https:\/\/futbolhoy.co\/wp-content\/uploads\/2020\/07\/Ed9auD0WkAAHPam-1.jpg\",\"contentUrl\":\"https:\/\/futbolhoy.co\/wp-content\/uploads\/2020\/07\/Ed9auD0WkAAHPam-1.jpg\",\"width\":679,\"height\":453},{\"@type\":\"BreadcrumbList\",\"@id\":\"https:\/\/futbolhoy.co\/index.php\/2020\/07\/27\/concacaf-definio-calendario-de-eliminatorias\/#breadcrumb\",\"itemListElement\":[{\"@type\":\"ListItem\",\"position\":1,\"name\":\"Portada\",\"item\":\"https:\/\/futbolhoy.co\/\"},{\"@type\":\"ListItem\",\"position\":2,\"name\":\"Concacaf defini\u00f3 calendario de eliminatorias\"}]},{\"@type\":\"WebSite\",\"@id\":\"https:\/\/futbolhoy.co\/#website\",\"url\":\"https:\/\/futbolhoy.co\/\",\"name\":\"FutbolHoy\",\"description\":\"\",\"publisher\":{\"@id\":\"https:\/\/futbolhoy.co\/#organization\"},\"potentialAction\":[{\"@type\":\"SearchAction\",\"target\":{\"@type\":\"EntryPoint\",\"urlTemplate\":\"https:\/\/futbolhoy.co\/?s={search_term_string}\"},\"query-input\":{\"@type\":\"PropertyValueSpecification\",\"valueRequired\":true,\"valueName\":\"search_term_string\"}}],\"inLanguage\":\"es\"},{\"@type\":\"Organization\",\"@id\":\"https:\/\/futbolhoy.co\/#organization\",\"name\":\"Futbolhoy.co\",\"url\":\"https:\/\/futbolhoy.co\/\",\"logo\":{\"@type\":\"ImageObject\",\"inLanguage\":\"es\",\"@id\":\"https:\/\/futbolhoy.co\/#\/schema\/logo\/image\/\",\"url\":\"https:\/\/futbolhoy.co\/wp-content\/uploads\/2018\/08\/17426380_1906371736249227_6326180412931521141_n.jpg\",\"contentUrl\":\"https:\/\/futbolhoy.co\/wp-content\/uploads\/2018\/08\/17426380_1906371736249227_6326180412931521141_n.jpg\",\"width\":960,\"height\":960,\"caption\":\"Futbolhoy.co\"},\"image\":{\"@id\":\"https:\/\/futbolhoy.co\/#\/schema\/logo\/image\/\"},\"sameAs\":[\"https:\/\/www.facebook.com\/FutbolHoyCol\/\",\"https:\/\/x.com\/FutbolHoyCol\",\"https:\/\/www.instagram.com\/futbolhoycol\/\"]},{\"@type\":\"Person\",\"@id\":\"https:\/\/futbolhoy.co\/#\/schema\/person\/c4a353a512b127643723a34bb1812f7d\",\"name\":\"Laura Hern\u00e1ndez\",\"image\":{\"@type\":\"ImageObject\",\"inLanguage\":\"es\",\"@id\":\"https:\/\/futbolhoy.co\/#\/schema\/person\/image\/\",\"url\":\"https:\/\/secure.gravatar.com\/avatar\/d25959a15b9b293a743f99181c7cfd01?s=96&d=mm&r=g\",\"contentUrl\":\"https:\/\/secure.gravatar.com\/avatar\/d25959a15b9b293a743f99181c7cfd01?s=96&d=mm&r=g\",\"caption\":\"Laura Hern\u00e1ndez\"}}]}<\/script>\n<!-- \/ Yoast SEO plugin. -->","yoast_head_json":{"title":"Concacaf defini\u00f3 calendario de eliminatorias -","robots":{"index":"index","follow":"follow","max-snippet":"max-snippet:-1","max-image-preview":"max-image-preview:large","max-video-preview":"max-video-preview:-1"},"canonical":"https:\/\/futbolhoy.co\/index.php\/2020\/07\/27\/concacaf-definio-calendario-de-eliminatorias\/","og_locale":"es_ES","og_type":"article","og_title":"Concacaf defini\u00f3 calendario de eliminatorias -","og_description":"La\u00a0Confederaci\u00f3n de f\u00fatbol de Norteam\u00e9rica, Centroam\u00e9rica y el Caribe\u00a0(Concacaf) anunci\u00f3 un nuevo formato de clasificaci\u00f3n para el\u00a0Mundial Qatar 2022, con una ronda final que disputar\u00e1n ocho selecciones, cinco de las cuales ya est\u00e1n escogidas. Hasta ahora, la\u00a0Concacaf\u00a0repart\u00eda sus tres plazas directas a la\u00a0Copa Mundo, y un cupo\u00a0a repechaje intercontinental, en una \u00faltima fase en la [&hellip;]","og_url":"https:\/\/futbolhoy.co\/index.php\/2020\/07\/27\/concacaf-definio-calendario-de-eliminatorias\/","article_publisher":"https:\/\/www.facebook.com\/FutbolHoyCol\/","article_published_time":"2020-07-27T22:57:11+00:00","article_modified_time":"2020-07-28T22:45:54+00:00","og_image":[{"width":679,"height":453,"url":"https:\/\/futbolhoy.co\/wp-content\/uploads\/2020\/07\/Ed9auD0WkAAHPam-1.jpg","type":"image\/jpeg"}],"author":"Laura Hern\u00e1ndez","twitter_card":"summary_large_image","twitter_creator":"@FutbolHoyCol","twitter_site":"@FutbolHoyCol","twitter_misc":{"Escrito por":"Laura Hern\u00e1ndez","Tiempo de lectura":"1 minuto"},"schema":{"@context":"https:\/\/schema.org","@graph":[{"@type":"Article","@id":"https:\/\/futbolhoy.co\/index.php\/2020\/07\/27\/concacaf-definio-calendario-de-eliminatorias\/#article","isPartOf":{"@id":"https:\/\/futbolhoy.co\/index.php\/2020\/07\/27\/concacaf-definio-calendario-de-eliminatorias\/"},"author":{"name":"Laura Hern\u00e1ndez","@id":"https:\/\/futbolhoy.co\/#\/schema\/person\/c4a353a512b127643723a34bb1812f7d"},"headline":"Concacaf defini\u00f3 calendario de eliminatorias","datePublished":"2020-07-27T22:57:11+00:00","dateModified":"2020-07-28T22:45:54+00:00","mainEntityOfPage":{"@id":"https:\/\/futbolhoy.co\/index.php\/2020\/07\/27\/concacaf-definio-calendario-de-eliminatorias\/"},"wordCount":240,"commentCount":0,"publisher":{"@id":"https:\/\/futbolhoy.co\/#organization"},"image":{"@id":"https:\/\/futbolhoy.co\/index.php\/2020\/07\/27\/concacaf-definio-calendario-de-eliminatorias\/#primaryimage"},"thumbnailUrl":"https:\/\/futbolhoy.co\/wp-content\/uploads\/2020\/07\/Ed9auD0WkAAHPam-1.jpg","articleSection":["Mundo Futbol"],"inLanguage":"es","potentialAction":[{"@type":"CommentAction","name":"Comment","target":["https:\/\/futbolhoy.co\/index.php\/2020\/07\/27\/concacaf-definio-calendario-de-eliminatorias\/#respond"]}]},{"@type":"WebPage","@id":"https:\/\/futbolhoy.co\/index.php\/2020\/07\/27\/concacaf-definio-calendario-de-eliminatorias\/","url":"https:\/\/futbolhoy.co\/index.php\/2020\/07\/27\/concacaf-definio-calendario-de-eliminatorias\/","name":"Concacaf defini\u00f3 calendario de eliminatorias -","isPartOf":{"@id":"https:\/\/futbolhoy.co\/#website"},"primaryImageOfPage":{"@id":"https:\/\/futbolhoy.co\/index.php\/2020\/07\/27\/concacaf-definio-calendario-de-eliminatorias\/#primaryimage"},"image":{"@id":"https:\/\/futbolhoy.co\/index.php\/2020\/07\/27\/concacaf-definio-calendario-de-eliminatorias\/#primaryimage"},"thumbnailUrl":"https:\/\/futbolhoy.co\/wp-content\/uploads\/2020\/07\/Ed9auD0WkAAHPam-1.jpg","datePublished":"2020-07-27T22:57:11+00:00","dateModified":"2020-07-28T22:45:54+00:00","breadcrumb":{"@id":"https:\/\/futbolhoy.co\/index.php\/2020\/07\/27\/concacaf-definio-calendario-de-eliminatorias\/#breadcrumb"},"inLanguage":"es","potentialAction":[{"@type":"ReadAction","target":["https:\/\/futbolhoy.co\/index.php\/2020\/07\/27\/concacaf-definio-calendario-de-eliminatorias\/"]}]},{"@type":"ImageObject","inLanguage":"es","@id":"https:\/\/futbolhoy.co\/index.php\/2020\/07\/27\/concacaf-definio-calendario-de-eliminatorias\/#primaryimage","url":"https:\/\/futbolhoy.co\/wp-content\/uploads\/2020\/07\/Ed9auD0WkAAHPam-1.jpg","contentUrl":"https:\/\/futbolhoy.co\/wp-content\/uploads\/2020\/07\/Ed9auD0WkAAHPam-1.jpg","width":679,"height":453},{"@type":"BreadcrumbList","@id":"https:\/\/futbolhoy.co\/index.php\/2020\/07\/27\/concacaf-definio-calendario-de-eliminatorias\/#breadcrumb","itemListElement":[{"@type":"ListItem","position":1,"name":"Portada","item":"https:\/\/futbolhoy.co\/"},{"@type":"ListItem","position":2,"name":"Concacaf defini\u00f3 calendario de eliminatorias"}]},{"@type":"WebSite","@id":"https:\/\/futbolhoy.co\/#website","url":"https:\/\/futbolhoy.co\/","name":"FutbolHoy","description":"","publisher":{"@id":"https:\/\/futbolhoy.co\/#organization"},"potentialAction":[{"@type":"SearchAction","target":{"@type":"EntryPoint","urlTemplate":"https:\/\/futbolhoy.co\/?s={search_term_string}"},"query-input":{"@type":"PropertyValueSpecification","valueRequired":true,"valueName":"search_term_string"}}],"inLanguage":"es"},{"@type":"Organization","@id":"https:\/\/futbolhoy.co\/#organization","name":"Futbolhoy.co","url":"https:\/\/futbolhoy.co\/","logo":{"@type":"ImageObject","inLanguage":"es","@id":"https:\/\/futbolhoy.co\/#\/schema\/logo\/image\/","url":"https:\/\/futbolhoy.co\/wp-content\/uploads\/2018\/08\/17426380_1906371736249227_6326180412931521141_n.jpg","contentUrl":"https:\/\/futbolhoy.co\/wp-content\/uploads\/2018\/08\/17426380_1906371736249227_6326180412931521141_n.jpg","width":960,"height":960,"caption":"Futbolhoy.co"},"image":{"@id":"https:\/\/futbolhoy.co\/#\/schema\/logo\/image\/"},"sameAs":["https:\/\/www.facebook.com\/FutbolHoyCol\/","https:\/\/x.com\/FutbolHoyCol","https:\/\/www.instagram.com\/futbolhoycol\/"]},{"@type":"Person","@id":"https:\/\/futbolhoy.co\/#\/schema\/person\/c4a353a512b127643723a34bb1812f7d","name":"Laura Hern\u00e1ndez","image":{"@type":"ImageObject","inLanguage":"es","@id":"https:\/\/futbolhoy.co\/#\/schema\/person\/image\/","url":"https:\/\/secure.gravatar.com\/avatar\/d25959a15b9b293a743f99181c7cfd01?s=96&d=mm&r=g","contentUrl":"https:\/\/secure.gravatar.com\/avatar\/d25959a15b9b293a743f99181c7cfd01?s=96&d=mm&r=g","caption":"Laura Hern\u00e1ndez"}}]}},"publishpress_future_action":{"enabled":false,"date":"2026-05-03 12:49:33","action":"change-status","newStatus":"draft","terms":[],"taxonomy":"category","extraData":[]},"publishpress_future_workflow_manual_trigger":{"enabledWorkflows":[]},"_links":{"self":[{"href":"https:\/\/futbolhoy.co\/index.php\/wp-json\/wp\/v2\/posts\/53894","targetHints":{"allow":["GET"]}}],"collection":[{"href":"https:\/\/futbolhoy.co\/index.php\/wp-json\/wp\/v2\/posts"}],"about":[{"href":"https:\/\/futbolhoy.co\/index.php\/wp-json\/wp\/v2\/types\/post"}],"author":[{"embeddable":true,"href":"https:\/\/futbolhoy.co\/index.php\/wp-json\/wp\/v2\/users\/5"}],"replies":[{"embeddable":true,"href":"https:\/\/futbolhoy.co\/index.php\/wp-json\/wp\/v2\/comments?post=53894"}],"version-history":[{"count":1,"href":"https:\/\/futbolhoy.co\/index.php\/wp-json\/wp\/v2\/posts\/53894\/revisions"}],"predecessor-version":[{"id":53902,"href":"https:\/\/futbolhoy.co\/index.php\/wp-json\/wp\/v2\/posts\/53894\/revisions\/53902"}],"wp:featuredmedia":[{"embeddable":true,"href":"https:\/\/futbolhoy.co\/index.php\/wp-json\/wp\/v2\/media\/53896"}],"wp:attachment":[{"href":"https:\/\/futbolhoy.co\/index.php\/wp-json\/wp\/v2\/media?parent=53894"}],"wp:term":[{"taxonomy":"category","embeddable":true,"href":"https:\/\/futbolhoy.co\/index.php\/wp-json\/wp\/v2\/categories?post=53894"},{"taxonomy":"post_tag","embeddable":true,"href":"https:\/\/futbolhoy.co\/index.php\/wp-json\/wp\/v2\/tags?post=53894"}],"curies":[{"name":"wp","href":"https:\/\/api.w.org\/{rel}","templated":true}]}}