{"id":53925,"date":"2020-07-28T06:35:15","date_gmt":"2020-07-28T11:35:15","guid":{"rendered":"https:\/\/futbolhoy.co\/?p=53925"},"modified":"2020-07-29T08:07:38","modified_gmt":"2020-07-29T13:07:38","slug":"los-goleadores-de-las-ligas-mas-importantes-de-europa","status":"publish","type":"post","link":"https:\/\/futbolhoy.co\/index.php\/2020\/07\/28\/los-goleadores-de-las-ligas-mas-importantes-de-europa\/","title":{"rendered":"Los goleadores de las Ligas m\u00e1s importantes de Europa"},"content":{"rendered":"<table style=\"width: 87.7874%; height: 300px;\" width=\"571\">\n<tbody>\n<tr>\n<td width=\"100\"><strong>Torneo<\/strong><\/td>\n<td width=\"80\"><strong>Pa\u00eds<\/strong><\/td>\n<td width=\"133\"><strong>Goleador<\/strong><\/td>\n<td width=\"98\"><strong>Equipo<\/strong><\/td>\n<td width=\"80\"><strong>Anotaciones<\/strong><\/td>\n<td width=\"80\"><strong>Partidos<\/strong><\/td>\n<\/tr>\n<tr>\n<td>Premier League<\/td>\n<td>Inglaterra<\/td>\n<td>Jamie Vardy<\/td>\n<td>Leicester City<\/td>\n<td>23<\/td>\n<td>35<\/td>\n<\/tr>\n<tr>\n<td>LaLiga<\/td>\n<td>Espa\u00f1a<\/td>\n<td>Lionel Messi<\/td>\n<td>Barcelona<\/td>\n<td>25<\/td>\n<td>33<\/td>\n<\/tr>\n<tr>\n<td>Serie A<\/td>\n<td>Italia<\/td>\n<td>Ciro Immobile<\/td>\n<td>Lazio<\/td>\n<td>34<\/td>\n<td>35<\/td>\n<\/tr>\n<tr>\n<td>Bundesliga<\/td>\n<td>Alemania<\/td>\n<td>Robert Lewandowski<\/td>\n<td>Bayern M\u00fanich<\/td>\n<td>34<\/td>\n<td>31<\/td>\n<\/tr>\n<tr>\n<td>Ligue 1<\/td>\n<td>Francia<\/td>\n<td>Kylian Mbapp\u00e9<\/td>\n<td>PSG<\/td>\n<td>18<\/td>\n<td>20<\/td>\n<\/tr>\n<tr>\n<td>Primeira Liga<\/td>\n<td>Portugal<\/td>\n<td>Taremi<\/td>\n<td>Rio Ave<\/td>\n<td>18<\/td>\n<td>30<\/td>\n<\/tr>\n<\/tbody>\n<\/table>\n","protected":false},"excerpt":{"rendered":"<p>Torneo Pa\u00eds Goleador Equipo Anotaciones Partidos Premier League Inglaterra Jamie Vardy Leicester City 23 35 LaLiga Espa\u00f1a Lionel Messi Barcelona 25 33 Serie A Italia Ciro Immobile Lazio 34 35 Bundesliga Alemania Robert Lewandowski Bayern M\u00fanich 34 31 Ligue 1 Francia Kylian Mbapp\u00e9 PSG 18 20 Primeira Liga Portugal Taremi Rio Ave 18 30<\/p>\n","protected":false},"author":5,"featured_media":45362,"comment_status":"open","ping_status":"open","sticky":false,"template":"","format":"standard","meta":{"_acf_changed":false,"footnotes":""},"categories":[152],"tags":[140,1891,1919,142,80,155],"class_list":{"0":"post-53925","1":"post","2":"type-post","3":"status-publish","4":"format-standard","5":"has-post-thumbnail","7":"category-mundo-futbol","9":"tag-liga-de-espana","10":"tag-liga-de-portugal","11":"tag-ligue-1","12":"tag-premier-league","13":"tag-serie-a"},"acf":[],"yoast_head":"<!-- This site is optimized with the Yoast SEO plugin v26.8 - https:\/\/yoast.com\/product\/yoast-seo-wordpress\/ -->\n<title>Los goleadores de las Ligas m\u00e1s importantes de Europa -<\/title>\n<meta name=\"robots\" content=\"index, follow, max-snippet:-1, max-image-preview:large, max-video-preview:-1\" \/>\n<link rel=\"canonical\" href=\"https:\/\/futbolhoy.co\/index.php\/2020\/07\/28\/los-goleadores-de-las-ligas-mas-importantes-de-europa\/\" \/>\n<meta property=\"og:locale\" content=\"es_ES\" \/>\n<meta property=\"og:type\" content=\"article\" \/>\n<meta property=\"og:title\" content=\"Los goleadores de las Ligas m\u00e1s importantes de Europa -\" \/>\n<meta property=\"og:description\" content=\"Torneo Pa\u00eds Goleador Equipo Anotaciones Partidos Premier League Inglaterra Jamie Vardy Leicester City 23 35 LaLiga Espa\u00f1a Lionel Messi Barcelona 25 33 Serie A Italia Ciro Immobile Lazio 34 35 Bundesliga Alemania Robert Lewandowski Bayern M\u00fanich 34 31 Ligue 1 Francia Kylian Mbapp\u00e9 PSG 18 20 Primeira Liga Portugal Taremi Rio Ave 18 30\" \/>\n<meta property=\"og:url\" content=\"https:\/\/futbolhoy.co\/index.php\/2020\/07\/28\/los-goleadores-de-las-ligas-mas-importantes-de-europa\/\" \/>\n<meta property=\"article:publisher\" content=\"https:\/\/www.facebook.com\/FutbolHoyCol\/\" \/>\n<meta property=\"article:published_time\" content=\"2020-07-28T11:35:15+00:00\" \/>\n<meta property=\"article:modified_time\" content=\"2020-07-29T13:07:38+00:00\" \/>\n<meta property=\"og:image\" content=\"https:\/\/futbolhoy.co\/wp-content\/uploads\/2020\/01\/messi-decada.jpg\" \/>\n\t<meta property=\"og:image:width\" content=\"1228\" \/>\n\t<meta property=\"og:image:height\" content=\"768\" \/>\n\t<meta property=\"og:image:type\" content=\"image\/jpeg\" \/>\n<meta name=\"author\" content=\"Laura Hern\u00e1ndez\" \/>\n<meta name=\"twitter:card\" content=\"summary_large_image\" \/>\n<meta name=\"twitter:creator\" content=\"@FutbolHoyCol\" \/>\n<meta name=\"twitter:site\" content=\"@FutbolHoyCol\" \/>\n<meta name=\"twitter:label1\" content=\"Escrito por\" \/>\n\t<meta name=\"twitter:data1\" content=\"Laura Hern\u00e1ndez\" \/>\n<script type=\"application\/ld+json\" class=\"yoast-schema-graph\">{\"@context\":\"https:\/\/schema.org\",\"@graph\":[{\"@type\":\"Article\",\"@id\":\"https:\/\/futbolhoy.co\/index.php\/2020\/07\/28\/los-goleadores-de-las-ligas-mas-importantes-de-europa\/#article\",\"isPartOf\":{\"@id\":\"https:\/\/futbolhoy.co\/index.php\/2020\/07\/28\/los-goleadores-de-las-ligas-mas-importantes-de-europa\/\"},\"author\":{\"name\":\"Laura Hern\u00e1ndez\",\"@id\":\"https:\/\/futbolhoy.co\/#\/schema\/person\/c4a353a512b127643723a34bb1812f7d\"},\"headline\":\"Los goleadores de las Ligas m\u00e1s importantes de Europa\",\"datePublished\":\"2020-07-28T11:35:15+00:00\",\"dateModified\":\"2020-07-29T13:07:38+00:00\",\"mainEntityOfPage\":{\"@id\":\"https:\/\/futbolhoy.co\/index.php\/2020\/07\/28\/los-goleadores-de-las-ligas-mas-importantes-de-europa\/\"},\"wordCount\":54,\"commentCount\":0,\"publisher\":{\"@id\":\"https:\/\/futbolhoy.co\/#organization\"},\"image\":{\"@id\":\"https:\/\/futbolhoy.co\/index.php\/2020\/07\/28\/los-goleadores-de-las-ligas-mas-importantes-de-europa\/#primaryimage\"},\"thumbnailUrl\":\"https:\/\/futbolhoy.co\/wp-content\/uploads\/2020\/01\/messi-decada.jpg\",\"keywords\":[\"Bundesliga\",\"Liga de Espa\u00f1a\",\"Liga de Portugal\",\"Ligue 1\",\"Premier League\",\"Serie A\"],\"articleSection\":[\"Mundo Futbol\"],\"inLanguage\":\"es\",\"potentialAction\":[{\"@type\":\"CommentAction\",\"name\":\"Comment\",\"target\":[\"https:\/\/futbolhoy.co\/index.php\/2020\/07\/28\/los-goleadores-de-las-ligas-mas-importantes-de-europa\/#respond\"]}]},{\"@type\":\"WebPage\",\"@id\":\"https:\/\/futbolhoy.co\/index.php\/2020\/07\/28\/los-goleadores-de-las-ligas-mas-importantes-de-europa\/\",\"url\":\"https:\/\/futbolhoy.co\/index.php\/2020\/07\/28\/los-goleadores-de-las-ligas-mas-importantes-de-europa\/\",\"name\":\"Los goleadores de las Ligas m\u00e1s importantes de Europa -\",\"isPartOf\":{\"@id\":\"https:\/\/futbolhoy.co\/#website\"},\"primaryImageOfPage\":{\"@id\":\"https:\/\/futbolhoy.co\/index.php\/2020\/07\/28\/los-goleadores-de-las-ligas-mas-importantes-de-europa\/#primaryimage\"},\"image\":{\"@id\":\"https:\/\/futbolhoy.co\/index.php\/2020\/07\/28\/los-goleadores-de-las-ligas-mas-importantes-de-europa\/#primaryimage\"},\"thumbnailUrl\":\"https:\/\/futbolhoy.co\/wp-content\/uploads\/2020\/01\/messi-decada.jpg\",\"datePublished\":\"2020-07-28T11:35:15+00:00\",\"dateModified\":\"2020-07-29T13:07:38+00:00\",\"breadcrumb\":{\"@id\":\"https:\/\/futbolhoy.co\/index.php\/2020\/07\/28\/los-goleadores-de-las-ligas-mas-importantes-de-europa\/#breadcrumb\"},\"inLanguage\":\"es\",\"potentialAction\":[{\"@type\":\"ReadAction\",\"target\":[\"https:\/\/futbolhoy.co\/index.php\/2020\/07\/28\/los-goleadores-de-las-ligas-mas-importantes-de-europa\/\"]}]},{\"@type\":\"ImageObject\",\"inLanguage\":\"es\",\"@id\":\"https:\/\/futbolhoy.co\/index.php\/2020\/07\/28\/los-goleadores-de-las-ligas-mas-importantes-de-europa\/#primaryimage\",\"url\":\"https:\/\/futbolhoy.co\/wp-content\/uploads\/2020\/01\/messi-decada.jpg\",\"contentUrl\":\"https:\/\/futbolhoy.co\/wp-content\/uploads\/2020\/01\/messi-decada.jpg\",\"width\":1228,\"height\":768},{\"@type\":\"BreadcrumbList\",\"@id\":\"https:\/\/futbolhoy.co\/index.php\/2020\/07\/28\/los-goleadores-de-las-ligas-mas-importantes-de-europa\/#breadcrumb\",\"itemListElement\":[{\"@type\":\"ListItem\",\"position\":1,\"name\":\"Portada\",\"item\":\"https:\/\/futbolhoy.co\/\"},{\"@type\":\"ListItem\",\"position\":2,\"name\":\"Los goleadores de las Ligas m\u00e1s importantes de Europa\"}]},{\"@type\":\"WebSite\",\"@id\":\"https:\/\/futbolhoy.co\/#website\",\"url\":\"https:\/\/futbolhoy.co\/\",\"name\":\"FutbolHoy\",\"description\":\"\",\"publisher\":{\"@id\":\"https:\/\/futbolhoy.co\/#organization\"},\"potentialAction\":[{\"@type\":\"SearchAction\",\"target\":{\"@type\":\"EntryPoint\",\"urlTemplate\":\"https:\/\/futbolhoy.co\/?s={search_term_string}\"},\"query-input\":{\"@type\":\"PropertyValueSpecification\",\"valueRequired\":true,\"valueName\":\"search_term_string\"}}],\"inLanguage\":\"es\"},{\"@type\":\"Organization\",\"@id\":\"https:\/\/futbolhoy.co\/#organization\",\"name\":\"Futbolhoy.co\",\"url\":\"https:\/\/futbolhoy.co\/\",\"logo\":{\"@type\":\"ImageObject\",\"inLanguage\":\"es\",\"@id\":\"https:\/\/futbolhoy.co\/#\/schema\/logo\/image\/\",\"url\":\"https:\/\/futbolhoy.co\/wp-content\/uploads\/2018\/08\/17426380_1906371736249227_6326180412931521141_n.jpg\",\"contentUrl\":\"https:\/\/futbolhoy.co\/wp-content\/uploads\/2018\/08\/17426380_1906371736249227_6326180412931521141_n.jpg\",\"width\":960,\"height\":960,\"caption\":\"Futbolhoy.co\"},\"image\":{\"@id\":\"https:\/\/futbolhoy.co\/#\/schema\/logo\/image\/\"},\"sameAs\":[\"https:\/\/www.facebook.com\/FutbolHoyCol\/\",\"https:\/\/x.com\/FutbolHoyCol\",\"https:\/\/www.instagram.com\/futbolhoycol\/\"]},{\"@type\":\"Person\",\"@id\":\"https:\/\/futbolhoy.co\/#\/schema\/person\/c4a353a512b127643723a34bb1812f7d\",\"name\":\"Laura Hern\u00e1ndez\",\"image\":{\"@type\":\"ImageObject\",\"inLanguage\":\"es\",\"@id\":\"https:\/\/futbolhoy.co\/#\/schema\/person\/image\/\",\"url\":\"https:\/\/secure.gravatar.com\/avatar\/d25959a15b9b293a743f99181c7cfd01?s=96&d=mm&r=g\",\"contentUrl\":\"https:\/\/secure.gravatar.com\/avatar\/d25959a15b9b293a743f99181c7cfd01?s=96&d=mm&r=g\",\"caption\":\"Laura Hern\u00e1ndez\"}}]}<\/script>\n<!-- \/ Yoast SEO plugin. -->","yoast_head_json":{"title":"Los goleadores de las Ligas m\u00e1s importantes de Europa -","robots":{"index":"index","follow":"follow","max-snippet":"max-snippet:-1","max-image-preview":"max-image-preview:large","max-video-preview":"max-video-preview:-1"},"canonical":"https:\/\/futbolhoy.co\/index.php\/2020\/07\/28\/los-goleadores-de-las-ligas-mas-importantes-de-europa\/","og_locale":"es_ES","og_type":"article","og_title":"Los goleadores de las Ligas m\u00e1s importantes de Europa -","og_description":"Torneo Pa\u00eds Goleador Equipo Anotaciones Partidos Premier League Inglaterra Jamie Vardy Leicester City 23 35 LaLiga Espa\u00f1a Lionel Messi Barcelona 25 33 Serie A Italia Ciro Immobile Lazio 34 35 Bundesliga Alemania Robert Lewandowski Bayern M\u00fanich 34 31 Ligue 1 Francia Kylian Mbapp\u00e9 PSG 18 20 Primeira Liga Portugal Taremi Rio Ave 18 30","og_url":"https:\/\/futbolhoy.co\/index.php\/2020\/07\/28\/los-goleadores-de-las-ligas-mas-importantes-de-europa\/","article_publisher":"https:\/\/www.facebook.com\/FutbolHoyCol\/","article_published_time":"2020-07-28T11:35:15+00:00","article_modified_time":"2020-07-29T13:07:38+00:00","og_image":[{"width":1228,"height":768,"url":"https:\/\/futbolhoy.co\/wp-content\/uploads\/2020\/01\/messi-decada.jpg","type":"image\/jpeg"}],"author":"Laura Hern\u00e1ndez","twitter_card":"summary_large_image","twitter_creator":"@FutbolHoyCol","twitter_site":"@FutbolHoyCol","twitter_misc":{"Escrito por":"Laura Hern\u00e1ndez"},"schema":{"@context":"https:\/\/schema.org","@graph":[{"@type":"Article","@id":"https:\/\/futbolhoy.co\/index.php\/2020\/07\/28\/los-goleadores-de-las-ligas-mas-importantes-de-europa\/#article","isPartOf":{"@id":"https:\/\/futbolhoy.co\/index.php\/2020\/07\/28\/los-goleadores-de-las-ligas-mas-importantes-de-europa\/"},"author":{"name":"Laura Hern\u00e1ndez","@id":"https:\/\/futbolhoy.co\/#\/schema\/person\/c4a353a512b127643723a34bb1812f7d"},"headline":"Los goleadores de las Ligas m\u00e1s importantes de Europa","datePublished":"2020-07-28T11:35:15+00:00","dateModified":"2020-07-29T13:07:38+00:00","mainEntityOfPage":{"@id":"https:\/\/futbolhoy.co\/index.php\/2020\/07\/28\/los-goleadores-de-las-ligas-mas-importantes-de-europa\/"},"wordCount":54,"commentCount":0,"publisher":{"@id":"https:\/\/futbolhoy.co\/#organization"},"image":{"@id":"https:\/\/futbolhoy.co\/index.php\/2020\/07\/28\/los-goleadores-de-las-ligas-mas-importantes-de-europa\/#primaryimage"},"thumbnailUrl":"https:\/\/futbolhoy.co\/wp-content\/uploads\/2020\/01\/messi-decada.jpg","keywords":["Bundesliga","Liga de Espa\u00f1a","Liga de Portugal","Ligue 1","Premier League","Serie A"],"articleSection":["Mundo Futbol"],"inLanguage":"es","potentialAction":[{"@type":"CommentAction","name":"Comment","target":["https:\/\/futbolhoy.co\/index.php\/2020\/07\/28\/los-goleadores-de-las-ligas-mas-importantes-de-europa\/#respond"]}]},{"@type":"WebPage","@id":"https:\/\/futbolhoy.co\/index.php\/2020\/07\/28\/los-goleadores-de-las-ligas-mas-importantes-de-europa\/","url":"https:\/\/futbolhoy.co\/index.php\/2020\/07\/28\/los-goleadores-de-las-ligas-mas-importantes-de-europa\/","name":"Los goleadores de las Ligas m\u00e1s importantes de Europa -","isPartOf":{"@id":"https:\/\/futbolhoy.co\/#website"},"primaryImageOfPage":{"@id":"https:\/\/futbolhoy.co\/index.php\/2020\/07\/28\/los-goleadores-de-las-ligas-mas-importantes-de-europa\/#primaryimage"},"image":{"@id":"https:\/\/futbolhoy.co\/index.php\/2020\/07\/28\/los-goleadores-de-las-ligas-mas-importantes-de-europa\/#primaryimage"},"thumbnailUrl":"https:\/\/futbolhoy.co\/wp-content\/uploads\/2020\/01\/messi-decada.jpg","datePublished":"2020-07-28T11:35:15+00:00","dateModified":"2020-07-29T13:07:38+00:00","breadcrumb":{"@id":"https:\/\/futbolhoy.co\/index.php\/2020\/07\/28\/los-goleadores-de-las-ligas-mas-importantes-de-europa\/#breadcrumb"},"inLanguage":"es","potentialAction":[{"@type":"ReadAction","target":["https:\/\/futbolhoy.co\/index.php\/2020\/07\/28\/los-goleadores-de-las-ligas-mas-importantes-de-europa\/"]}]},{"@type":"ImageObject","inLanguage":"es","@id":"https:\/\/futbolhoy.co\/index.php\/2020\/07\/28\/los-goleadores-de-las-ligas-mas-importantes-de-europa\/#primaryimage","url":"https:\/\/futbolhoy.co\/wp-content\/uploads\/2020\/01\/messi-decada.jpg","contentUrl":"https:\/\/futbolhoy.co\/wp-content\/uploads\/2020\/01\/messi-decada.jpg","width":1228,"height":768},{"@type":"BreadcrumbList","@id":"https:\/\/futbolhoy.co\/index.php\/2020\/07\/28\/los-goleadores-de-las-ligas-mas-importantes-de-europa\/#breadcrumb","itemListElement":[{"@type":"ListItem","position":1,"name":"Portada","item":"https:\/\/futbolhoy.co\/"},{"@type":"ListItem","position":2,"name":"Los goleadores de las Ligas m\u00e1s importantes de Europa"}]},{"@type":"WebSite","@id":"https:\/\/futbolhoy.co\/#website","url":"https:\/\/futbolhoy.co\/","name":"FutbolHoy","description":"","publisher":{"@id":"https:\/\/futbolhoy.co\/#organization"},"potentialAction":[{"@type":"SearchAction","target":{"@type":"EntryPoint","urlTemplate":"https:\/\/futbolhoy.co\/?s={search_term_string}"},"query-input":{"@type":"PropertyValueSpecification","valueRequired":true,"valueName":"search_term_string"}}],"inLanguage":"es"},{"@type":"Organization","@id":"https:\/\/futbolhoy.co\/#organization","name":"Futbolhoy.co","url":"https:\/\/futbolhoy.co\/","logo":{"@type":"ImageObject","inLanguage":"es","@id":"https:\/\/futbolhoy.co\/#\/schema\/logo\/image\/","url":"https:\/\/futbolhoy.co\/wp-content\/uploads\/2018\/08\/17426380_1906371736249227_6326180412931521141_n.jpg","contentUrl":"https:\/\/futbolhoy.co\/wp-content\/uploads\/2018\/08\/17426380_1906371736249227_6326180412931521141_n.jpg","width":960,"height":960,"caption":"Futbolhoy.co"},"image":{"@id":"https:\/\/futbolhoy.co\/#\/schema\/logo\/image\/"},"sameAs":["https:\/\/www.facebook.com\/FutbolHoyCol\/","https:\/\/x.com\/FutbolHoyCol","https:\/\/www.instagram.com\/futbolhoycol\/"]},{"@type":"Person","@id":"https:\/\/futbolhoy.co\/#\/schema\/person\/c4a353a512b127643723a34bb1812f7d","name":"Laura Hern\u00e1ndez","image":{"@type":"ImageObject","inLanguage":"es","@id":"https:\/\/futbolhoy.co\/#\/schema\/person\/image\/","url":"https:\/\/secure.gravatar.com\/avatar\/d25959a15b9b293a743f99181c7cfd01?s=96&d=mm&r=g","contentUrl":"https:\/\/secure.gravatar.com\/avatar\/d25959a15b9b293a743f99181c7cfd01?s=96&d=mm&r=g","caption":"Laura Hern\u00e1ndez"}}]}},"publishpress_future_action":{"enabled":false,"date":"2026-05-03 11:31:00","action":"change-status","newStatus":"draft","terms":[],"taxonomy":"category","extraData":[]},"publishpress_future_workflow_manual_trigger":{"enabledWorkflows":[]},"_links":{"self":[{"href":"https:\/\/futbolhoy.co\/index.php\/wp-json\/wp\/v2\/posts\/53925","targetHints":{"allow":["GET"]}}],"collection":[{"href":"https:\/\/futbolhoy.co\/index.php\/wp-json\/wp\/v2\/posts"}],"about":[{"href":"https:\/\/futbolhoy.co\/index.php\/wp-json\/wp\/v2\/types\/post"}],"author":[{"embeddable":true,"href":"https:\/\/futbolhoy.co\/index.php\/wp-json\/wp\/v2\/users\/5"}],"replies":[{"embeddable":true,"href":"https:\/\/futbolhoy.co\/index.php\/wp-json\/wp\/v2\/comments?post=53925"}],"version-history":[{"count":1,"href":"https:\/\/futbolhoy.co\/index.php\/wp-json\/wp\/v2\/posts\/53925\/revisions"}],"predecessor-version":[{"id":53933,"href":"https:\/\/futbolhoy.co\/index.php\/wp-json\/wp\/v2\/posts\/53925\/revisions\/53933"}],"wp:featuredmedia":[{"embeddable":true,"href":"https:\/\/futbolhoy.co\/index.php\/wp-json\/wp\/v2\/media\/45362"}],"wp:attachment":[{"href":"https:\/\/futbolhoy.co\/index.php\/wp-json\/wp\/v2\/media?parent=53925"}],"wp:term":[{"taxonomy":"category","embeddable":true,"href":"https:\/\/futbolhoy.co\/index.php\/wp-json\/wp\/v2\/categories?post=53925"},{"taxonomy":"post_tag","embeddable":true,"href":"https:\/\/futbolhoy.co\/index.php\/wp-json\/wp\/v2\/tags?post=53925"}],"curies":[{"name":"wp","href":"https:\/\/api.w.org\/{rel}","templated":true}]}}