{"id":53926,"date":"2020-07-28T08:01:19","date_gmt":"2020-07-28T13:01:19","guid":{"rendered":"https:\/\/futbolhoy.co\/?p=53926"},"modified":"2020-07-28T15:33:30","modified_gmt":"2020-07-28T20:33:30","slug":"atalanta-ante-parma-busca-ampliar-records","status":"publish","type":"post","link":"https:\/\/futbolhoy.co\/index.php\/2020\/07\/28\/atalanta-ante-parma-busca-ampliar-records\/","title":{"rendered":"Atalanta ante Parma busca ampliar r\u00e9cords"},"content":{"rendered":"<!--[if lt IE 9]><script>document.createElement('audio');<\/script><![endif]-->\n<audio class=\"wp-audio-shortcode\" id=\"audio-53926-1\" preload=\"none\" style=\"width: 100%;\" controls=\"controls\"><source type=\"audio\/mpeg\" src=\"https:\/\/futbolhoy.co\/wp-content\/uploads\/2020\/07\/Gianpiero-Gasperini-DT-Atalanta.mp3?_=1\" \/><a href=\"https:\/\/futbolhoy.co\/wp-content\/uploads\/2020\/07\/Gianpiero-Gasperini-DT-Atalanta.mp3\">https:\/\/futbolhoy.co\/wp-content\/uploads\/2020\/07\/Gianpiero-Gasperini-DT-Atalanta.mp3<\/a><\/audio>\n<p style=\"text-align: justify;\">(Gian Piero Gasperini, DT de Atalanta)<\/p>\n<p style=\"text-align: justify;\"><span style=\"font-family: helvetica, arial, sans-serif;\"><strong>Atalanta,<\/strong> con los goleadores colombianos <strong>Duv\u00e1n Zapata<\/strong> y <strong>Luis Fernando Muriel<\/strong> visitar\u00e1 a las 12:30PM al <strong>Parma<\/strong> en el inicio de la pen\u00faltima fecha de la <strong>Serie A<\/strong> de <strong>Italia,<\/strong> donde parcialmente marcha tercero a ocho puntos del campe\u00f3n <strong>Juventus.<\/strong><\/span><\/p>\n<p style=\"text-align: justify;\"><span style=\"font-family: helvetica, arial, sans-serif;\">Zapata y Muriel, cada uno con 18 goles, son los m\u00e1ximos artilleros del equipo en una temporada donde el club busca cerrar su mejor presencia hist\u00f3rica en el Calcio.<\/span><\/p>\n<p style=\"text-align: justify;\"><span style=\"font-family: helvetica, arial, sans-serif;\">Atalanta ha marcado 96 goles en 36 partidos y espera llegar a la barrera del centenar de anotaciones, algo que no sucede en Italia desde 1951, cuando tres equipos convirtieron m\u00e1s de 100 tantos, <strong>Milan, Inter<\/strong> y <strong>Juventus.<\/strong><\/span><\/p>\n<p style=\"text-align: justify;\"><span style=\"font-family: helvetica, arial, sans-serif;\"><strong>Torino<\/strong> en 1948, con 125 dianas, tiene el r\u00e9cord de goles en un a\u00f1o de f\u00fatbol en Italia.<\/span><\/p>\n<p style=\"text-align: justify;\"><span style=\"font-family: helvetica, arial, sans-serif;\">Atalanta nunca en su historia ha logrado el subt\u00edtulo en la <strong>Liga;<\/strong> y con los 75 puntos que sum\u00f3 hasta el momento estableci\u00f3 nueva marca para el club, donde ha alcanzado 7 victorias seguidas como local, 9 triunfos consecutivos y 15 partidos invicto.<\/span><\/p>\n<p style=\"text-align: justify;\"><span style=\"font-family: helvetica, arial, sans-serif;\">Adem\u00e1s, la escuadra de <strong>B\u00e9rgamo<\/strong> ha ganado 22 partidos, la mayor cantidad de su historia en una temporada de Serie A.<\/span><\/p>\n<p style=\"text-align: justify;\"><span style=\"font-family: helvetica, arial, sans-serif;\">El t\u00e9cnico <strong>Gian Piero Gasperini<\/strong> se refiri\u00f3 a la actualidad f\u00edsica y mental del equipo: \u201cHa sido dif\u00edcil para todos los equipos jugar con este clima y con esta frecuencia tantos partidos consecutivos. Ha sido un gran esfuerzo en todos los aspectos, f\u00edsicos y mentales. Siempre hemos mostrado una buena condici\u00f3n y a falta de dos partidos no es permitido perder jugadores y esto es auspicioso, porque era lo que m\u00e1s tem\u00eda\u201d.<\/span><\/p>\n","protected":false},"excerpt":{"rendered":"<p>(Gian Piero Gasperini, DT de Atalanta) Atalanta, con los goleadores colombianos Duv\u00e1n Zapata y Luis Fernando Muriel visitar\u00e1 a las 12:30PM al Parma en el inicio de la pen\u00faltima fecha de la Serie A de Italia, donde parcialmente marcha tercero a ocho puntos del campe\u00f3n Juventus. Zapata y Muriel, cada uno con 18 goles, son [&hellip;]<\/p>\n","protected":false},"author":5,"featured_media":45472,"comment_status":"open","ping_status":"open","sticky":false,"template":"","format":"video","meta":{"_acf_changed":false,"footnotes":""},"categories":[152],"tags":[889,154,526,1855,155],"class_list":{"0":"post-53926","1":"post","2":"type-post","3":"status-publish","4":"format-video","5":"has-post-thumbnail","7":"category-mundo-futbol","8":"tag-atalanta","9":"tag-duvan-zapata","10":"tag-luis-muriel","11":"tag-parma","12":"tag-serie-a","13":"post_format-post-format-video"},"acf":[],"yoast_head":"<!-- This site is optimized with the Yoast SEO plugin v26.8 - https:\/\/yoast.com\/product\/yoast-seo-wordpress\/ -->\n<title>Atalanta ante Parma busca ampliar r\u00e9cords -<\/title>\n<meta name=\"robots\" content=\"index, follow, max-snippet:-1, max-image-preview:large, max-video-preview:-1\" \/>\n<link rel=\"canonical\" href=\"https:\/\/futbolhoy.co\/index.php\/2020\/07\/28\/atalanta-ante-parma-busca-ampliar-records\/\" \/>\n<meta property=\"og:locale\" content=\"es_ES\" \/>\n<meta property=\"og:type\" content=\"article\" \/>\n<meta property=\"og:title\" content=\"Atalanta ante Parma busca ampliar r\u00e9cords -\" \/>\n<meta property=\"og:description\" content=\"(Gian Piero Gasperini, DT de Atalanta) Atalanta, con los goleadores colombianos Duv\u00e1n Zapata y Luis Fernando Muriel visitar\u00e1 a las 12:30PM al Parma en el inicio de la pen\u00faltima fecha de la Serie A de Italia, donde parcialmente marcha tercero a ocho puntos del campe\u00f3n Juventus. Zapata y Muriel, cada uno con 18 goles, son [&hellip;]\" \/>\n<meta property=\"og:url\" content=\"https:\/\/futbolhoy.co\/index.php\/2020\/07\/28\/atalanta-ante-parma-busca-ampliar-records\/\" \/>\n<meta property=\"article:publisher\" content=\"https:\/\/www.facebook.com\/FutbolHoyCol\/\" \/>\n<meta property=\"article:published_time\" content=\"2020-07-28T13:01:19+00:00\" \/>\n<meta property=\"article:modified_time\" content=\"2020-07-28T20:33:30+00:00\" \/>\n<meta property=\"og:image\" content=\"https:\/\/futbolhoy.co\/wp-content\/uploads\/2020\/01\/Captura-2.jpg\" \/>\n\t<meta property=\"og:image:width\" content=\"1018\" \/>\n\t<meta property=\"og:image:height\" content=\"567\" \/>\n\t<meta property=\"og:image:type\" content=\"image\/jpeg\" \/>\n<meta name=\"author\" content=\"Laura Hern\u00e1ndez\" \/>\n<meta name=\"twitter:card\" content=\"summary_large_image\" \/>\n<meta name=\"twitter:creator\" content=\"@FutbolHoyCol\" \/>\n<meta name=\"twitter:site\" content=\"@FutbolHoyCol\" \/>\n<meta name=\"twitter:label1\" content=\"Escrito por\" \/>\n\t<meta name=\"twitter:data1\" content=\"Laura Hern\u00e1ndez\" \/>\n\t<meta name=\"twitter:label2\" content=\"Tiempo de lectura\" \/>\n\t<meta name=\"twitter:data2\" content=\"1 minuto\" \/>\n<script type=\"application\/ld+json\" class=\"yoast-schema-graph\">{\"@context\":\"https:\/\/schema.org\",\"@graph\":[{\"@type\":\"Article\",\"@id\":\"https:\/\/futbolhoy.co\/index.php\/2020\/07\/28\/atalanta-ante-parma-busca-ampliar-records\/#article\",\"isPartOf\":{\"@id\":\"https:\/\/futbolhoy.co\/index.php\/2020\/07\/28\/atalanta-ante-parma-busca-ampliar-records\/\"},\"author\":{\"name\":\"Laura Hern\u00e1ndez\",\"@id\":\"https:\/\/futbolhoy.co\/#\/schema\/person\/c4a353a512b127643723a34bb1812f7d\"},\"headline\":\"Atalanta ante Parma busca ampliar r\u00e9cords\",\"datePublished\":\"2020-07-28T13:01:19+00:00\",\"dateModified\":\"2020-07-28T20:33:30+00:00\",\"mainEntityOfPage\":{\"@id\":\"https:\/\/futbolhoy.co\/index.php\/2020\/07\/28\/atalanta-ante-parma-busca-ampliar-records\/\"},\"wordCount\":291,\"commentCount\":0,\"publisher\":{\"@id\":\"https:\/\/futbolhoy.co\/#organization\"},\"image\":{\"@id\":\"https:\/\/futbolhoy.co\/index.php\/2020\/07\/28\/atalanta-ante-parma-busca-ampliar-records\/#primaryimage\"},\"thumbnailUrl\":\"https:\/\/futbolhoy.co\/wp-content\/uploads\/2020\/01\/Captura-2.jpg\",\"keywords\":[\"Atalanta\",\"Duv\u00e1n Zapata\",\"luis muriel\",\"Parma\",\"Serie A\"],\"articleSection\":[\"Mundo Futbol\"],\"inLanguage\":\"es\",\"potentialAction\":[{\"@type\":\"CommentAction\",\"name\":\"Comment\",\"target\":[\"https:\/\/futbolhoy.co\/index.php\/2020\/07\/28\/atalanta-ante-parma-busca-ampliar-records\/#respond\"]}]},{\"@type\":\"WebPage\",\"@id\":\"https:\/\/futbolhoy.co\/index.php\/2020\/07\/28\/atalanta-ante-parma-busca-ampliar-records\/\",\"url\":\"https:\/\/futbolhoy.co\/index.php\/2020\/07\/28\/atalanta-ante-parma-busca-ampliar-records\/\",\"name\":\"Atalanta ante Parma busca ampliar r\u00e9cords -\",\"isPartOf\":{\"@id\":\"https:\/\/futbolhoy.co\/#website\"},\"primaryImageOfPage\":{\"@id\":\"https:\/\/futbolhoy.co\/index.php\/2020\/07\/28\/atalanta-ante-parma-busca-ampliar-records\/#primaryimage\"},\"image\":{\"@id\":\"https:\/\/futbolhoy.co\/index.php\/2020\/07\/28\/atalanta-ante-parma-busca-ampliar-records\/#primaryimage\"},\"thumbnailUrl\":\"https:\/\/futbolhoy.co\/wp-content\/uploads\/2020\/01\/Captura-2.jpg\",\"datePublished\":\"2020-07-28T13:01:19+00:00\",\"dateModified\":\"2020-07-28T20:33:30+00:00\",\"breadcrumb\":{\"@id\":\"https:\/\/futbolhoy.co\/index.php\/2020\/07\/28\/atalanta-ante-parma-busca-ampliar-records\/#breadcrumb\"},\"inLanguage\":\"es\",\"potentialAction\":[{\"@type\":\"ReadAction\",\"target\":[\"https:\/\/futbolhoy.co\/index.php\/2020\/07\/28\/atalanta-ante-parma-busca-ampliar-records\/\"]}]},{\"@type\":\"ImageObject\",\"inLanguage\":\"es\",\"@id\":\"https:\/\/futbolhoy.co\/index.php\/2020\/07\/28\/atalanta-ante-parma-busca-ampliar-records\/#primaryimage\",\"url\":\"https:\/\/futbolhoy.co\/wp-content\/uploads\/2020\/01\/Captura-2.jpg\",\"contentUrl\":\"https:\/\/futbolhoy.co\/wp-content\/uploads\/2020\/01\/Captura-2.jpg\",\"width\":1018,\"height\":567,\"caption\":\"@atalanta_bc\"},{\"@type\":\"BreadcrumbList\",\"@id\":\"https:\/\/futbolhoy.co\/index.php\/2020\/07\/28\/atalanta-ante-parma-busca-ampliar-records\/#breadcrumb\",\"itemListElement\":[{\"@type\":\"ListItem\",\"position\":1,\"name\":\"Portada\",\"item\":\"https:\/\/futbolhoy.co\/\"},{\"@type\":\"ListItem\",\"position\":2,\"name\":\"Atalanta ante Parma busca ampliar r\u00e9cords\"}]},{\"@type\":\"WebSite\",\"@id\":\"https:\/\/futbolhoy.co\/#website\",\"url\":\"https:\/\/futbolhoy.co\/\",\"name\":\"FutbolHoy\",\"description\":\"\",\"publisher\":{\"@id\":\"https:\/\/futbolhoy.co\/#organization\"},\"potentialAction\":[{\"@type\":\"SearchAction\",\"target\":{\"@type\":\"EntryPoint\",\"urlTemplate\":\"https:\/\/futbolhoy.co\/?s={search_term_string}\"},\"query-input\":{\"@type\":\"PropertyValueSpecification\",\"valueRequired\":true,\"valueName\":\"search_term_string\"}}],\"inLanguage\":\"es\"},{\"@type\":\"Organization\",\"@id\":\"https:\/\/futbolhoy.co\/#organization\",\"name\":\"Futbolhoy.co\",\"url\":\"https:\/\/futbolhoy.co\/\",\"logo\":{\"@type\":\"ImageObject\",\"inLanguage\":\"es\",\"@id\":\"https:\/\/futbolhoy.co\/#\/schema\/logo\/image\/\",\"url\":\"https:\/\/futbolhoy.co\/wp-content\/uploads\/2018\/08\/17426380_1906371736249227_6326180412931521141_n.jpg\",\"contentUrl\":\"https:\/\/futbolhoy.co\/wp-content\/uploads\/2018\/08\/17426380_1906371736249227_6326180412931521141_n.jpg\",\"width\":960,\"height\":960,\"caption\":\"Futbolhoy.co\"},\"image\":{\"@id\":\"https:\/\/futbolhoy.co\/#\/schema\/logo\/image\/\"},\"sameAs\":[\"https:\/\/www.facebook.com\/FutbolHoyCol\/\",\"https:\/\/x.com\/FutbolHoyCol\",\"https:\/\/www.instagram.com\/futbolhoycol\/\"]},{\"@type\":\"Person\",\"@id\":\"https:\/\/futbolhoy.co\/#\/schema\/person\/c4a353a512b127643723a34bb1812f7d\",\"name\":\"Laura Hern\u00e1ndez\",\"image\":{\"@type\":\"ImageObject\",\"inLanguage\":\"es\",\"@id\":\"https:\/\/futbolhoy.co\/#\/schema\/person\/image\/\",\"url\":\"https:\/\/secure.gravatar.com\/avatar\/d25959a15b9b293a743f99181c7cfd01?s=96&d=mm&r=g\",\"contentUrl\":\"https:\/\/secure.gravatar.com\/avatar\/d25959a15b9b293a743f99181c7cfd01?s=96&d=mm&r=g\",\"caption\":\"Laura Hern\u00e1ndez\"}}]}<\/script>\n<!-- \/ Yoast SEO plugin. -->","yoast_head_json":{"title":"Atalanta ante Parma busca ampliar r\u00e9cords -","robots":{"index":"index","follow":"follow","max-snippet":"max-snippet:-1","max-image-preview":"max-image-preview:large","max-video-preview":"max-video-preview:-1"},"canonical":"https:\/\/futbolhoy.co\/index.php\/2020\/07\/28\/atalanta-ante-parma-busca-ampliar-records\/","og_locale":"es_ES","og_type":"article","og_title":"Atalanta ante Parma busca ampliar r\u00e9cords -","og_description":"(Gian Piero Gasperini, DT de Atalanta) Atalanta, con los goleadores colombianos Duv\u00e1n Zapata y Luis Fernando Muriel visitar\u00e1 a las 12:30PM al Parma en el inicio de la pen\u00faltima fecha de la Serie A de Italia, donde parcialmente marcha tercero a ocho puntos del campe\u00f3n Juventus. Zapata y Muriel, cada uno con 18 goles, son [&hellip;]","og_url":"https:\/\/futbolhoy.co\/index.php\/2020\/07\/28\/atalanta-ante-parma-busca-ampliar-records\/","article_publisher":"https:\/\/www.facebook.com\/FutbolHoyCol\/","article_published_time":"2020-07-28T13:01:19+00:00","article_modified_time":"2020-07-28T20:33:30+00:00","og_image":[{"width":1018,"height":567,"url":"https:\/\/futbolhoy.co\/wp-content\/uploads\/2020\/01\/Captura-2.jpg","type":"image\/jpeg"}],"author":"Laura Hern\u00e1ndez","twitter_card":"summary_large_image","twitter_creator":"@FutbolHoyCol","twitter_site":"@FutbolHoyCol","twitter_misc":{"Escrito por":"Laura Hern\u00e1ndez","Tiempo de lectura":"1 minuto"},"schema":{"@context":"https:\/\/schema.org","@graph":[{"@type":"Article","@id":"https:\/\/futbolhoy.co\/index.php\/2020\/07\/28\/atalanta-ante-parma-busca-ampliar-records\/#article","isPartOf":{"@id":"https:\/\/futbolhoy.co\/index.php\/2020\/07\/28\/atalanta-ante-parma-busca-ampliar-records\/"},"author":{"name":"Laura Hern\u00e1ndez","@id":"https:\/\/futbolhoy.co\/#\/schema\/person\/c4a353a512b127643723a34bb1812f7d"},"headline":"Atalanta ante Parma busca ampliar r\u00e9cords","datePublished":"2020-07-28T13:01:19+00:00","dateModified":"2020-07-28T20:33:30+00:00","mainEntityOfPage":{"@id":"https:\/\/futbolhoy.co\/index.php\/2020\/07\/28\/atalanta-ante-parma-busca-ampliar-records\/"},"wordCount":291,"commentCount":0,"publisher":{"@id":"https:\/\/futbolhoy.co\/#organization"},"image":{"@id":"https:\/\/futbolhoy.co\/index.php\/2020\/07\/28\/atalanta-ante-parma-busca-ampliar-records\/#primaryimage"},"thumbnailUrl":"https:\/\/futbolhoy.co\/wp-content\/uploads\/2020\/01\/Captura-2.jpg","keywords":["Atalanta","Duv\u00e1n Zapata","luis muriel","Parma","Serie A"],"articleSection":["Mundo Futbol"],"inLanguage":"es","potentialAction":[{"@type":"CommentAction","name":"Comment","target":["https:\/\/futbolhoy.co\/index.php\/2020\/07\/28\/atalanta-ante-parma-busca-ampliar-records\/#respond"]}]},{"@type":"WebPage","@id":"https:\/\/futbolhoy.co\/index.php\/2020\/07\/28\/atalanta-ante-parma-busca-ampliar-records\/","url":"https:\/\/futbolhoy.co\/index.php\/2020\/07\/28\/atalanta-ante-parma-busca-ampliar-records\/","name":"Atalanta ante Parma busca ampliar r\u00e9cords -","isPartOf":{"@id":"https:\/\/futbolhoy.co\/#website"},"primaryImageOfPage":{"@id":"https:\/\/futbolhoy.co\/index.php\/2020\/07\/28\/atalanta-ante-parma-busca-ampliar-records\/#primaryimage"},"image":{"@id":"https:\/\/futbolhoy.co\/index.php\/2020\/07\/28\/atalanta-ante-parma-busca-ampliar-records\/#primaryimage"},"thumbnailUrl":"https:\/\/futbolhoy.co\/wp-content\/uploads\/2020\/01\/Captura-2.jpg","datePublished":"2020-07-28T13:01:19+00:00","dateModified":"2020-07-28T20:33:30+00:00","breadcrumb":{"@id":"https:\/\/futbolhoy.co\/index.php\/2020\/07\/28\/atalanta-ante-parma-busca-ampliar-records\/#breadcrumb"},"inLanguage":"es","potentialAction":[{"@type":"ReadAction","target":["https:\/\/futbolhoy.co\/index.php\/2020\/07\/28\/atalanta-ante-parma-busca-ampliar-records\/"]}]},{"@type":"ImageObject","inLanguage":"es","@id":"https:\/\/futbolhoy.co\/index.php\/2020\/07\/28\/atalanta-ante-parma-busca-ampliar-records\/#primaryimage","url":"https:\/\/futbolhoy.co\/wp-content\/uploads\/2020\/01\/Captura-2.jpg","contentUrl":"https:\/\/futbolhoy.co\/wp-content\/uploads\/2020\/01\/Captura-2.jpg","width":1018,"height":567,"caption":"@atalanta_bc"},{"@type":"BreadcrumbList","@id":"https:\/\/futbolhoy.co\/index.php\/2020\/07\/28\/atalanta-ante-parma-busca-ampliar-records\/#breadcrumb","itemListElement":[{"@type":"ListItem","position":1,"name":"Portada","item":"https:\/\/futbolhoy.co\/"},{"@type":"ListItem","position":2,"name":"Atalanta ante Parma busca ampliar r\u00e9cords"}]},{"@type":"WebSite","@id":"https:\/\/futbolhoy.co\/#website","url":"https:\/\/futbolhoy.co\/","name":"FutbolHoy","description":"","publisher":{"@id":"https:\/\/futbolhoy.co\/#organization"},"potentialAction":[{"@type":"SearchAction","target":{"@type":"EntryPoint","urlTemplate":"https:\/\/futbolhoy.co\/?s={search_term_string}"},"query-input":{"@type":"PropertyValueSpecification","valueRequired":true,"valueName":"search_term_string"}}],"inLanguage":"es"},{"@type":"Organization","@id":"https:\/\/futbolhoy.co\/#organization","name":"Futbolhoy.co","url":"https:\/\/futbolhoy.co\/","logo":{"@type":"ImageObject","inLanguage":"es","@id":"https:\/\/futbolhoy.co\/#\/schema\/logo\/image\/","url":"https:\/\/futbolhoy.co\/wp-content\/uploads\/2018\/08\/17426380_1906371736249227_6326180412931521141_n.jpg","contentUrl":"https:\/\/futbolhoy.co\/wp-content\/uploads\/2018\/08\/17426380_1906371736249227_6326180412931521141_n.jpg","width":960,"height":960,"caption":"Futbolhoy.co"},"image":{"@id":"https:\/\/futbolhoy.co\/#\/schema\/logo\/image\/"},"sameAs":["https:\/\/www.facebook.com\/FutbolHoyCol\/","https:\/\/x.com\/FutbolHoyCol","https:\/\/www.instagram.com\/futbolhoycol\/"]},{"@type":"Person","@id":"https:\/\/futbolhoy.co\/#\/schema\/person\/c4a353a512b127643723a34bb1812f7d","name":"Laura Hern\u00e1ndez","image":{"@type":"ImageObject","inLanguage":"es","@id":"https:\/\/futbolhoy.co\/#\/schema\/person\/image\/","url":"https:\/\/secure.gravatar.com\/avatar\/d25959a15b9b293a743f99181c7cfd01?s=96&d=mm&r=g","contentUrl":"https:\/\/secure.gravatar.com\/avatar\/d25959a15b9b293a743f99181c7cfd01?s=96&d=mm&r=g","caption":"Laura Hern\u00e1ndez"}}]}},"publishpress_future_action":{"enabled":false,"date":"2026-05-03 20:04:40","action":"change-status","newStatus":"draft","terms":[],"taxonomy":"category","extraData":[]},"publishpress_future_workflow_manual_trigger":{"enabledWorkflows":[]},"_links":{"self":[{"href":"https:\/\/futbolhoy.co\/index.php\/wp-json\/wp\/v2\/posts\/53926","targetHints":{"allow":["GET"]}}],"collection":[{"href":"https:\/\/futbolhoy.co\/index.php\/wp-json\/wp\/v2\/posts"}],"about":[{"href":"https:\/\/futbolhoy.co\/index.php\/wp-json\/wp\/v2\/types\/post"}],"author":[{"embeddable":true,"href":"https:\/\/futbolhoy.co\/index.php\/wp-json\/wp\/v2\/users\/5"}],"replies":[{"embeddable":true,"href":"https:\/\/futbolhoy.co\/index.php\/wp-json\/wp\/v2\/comments?post=53926"}],"version-history":[{"count":1,"href":"https:\/\/futbolhoy.co\/index.php\/wp-json\/wp\/v2\/posts\/53926\/revisions"}],"predecessor-version":[{"id":53928,"href":"https:\/\/futbolhoy.co\/index.php\/wp-json\/wp\/v2\/posts\/53926\/revisions\/53928"}],"wp:featuredmedia":[{"embeddable":true,"href":"https:\/\/futbolhoy.co\/index.php\/wp-json\/wp\/v2\/media\/45472"}],"wp:attachment":[{"href":"https:\/\/futbolhoy.co\/index.php\/wp-json\/wp\/v2\/media?parent=53926"}],"wp:term":[{"taxonomy":"category","embeddable":true,"href":"https:\/\/futbolhoy.co\/index.php\/wp-json\/wp\/v2\/categories?post=53926"},{"taxonomy":"post_tag","embeddable":true,"href":"https:\/\/futbolhoy.co\/index.php\/wp-json\/wp\/v2\/tags?post=53926"}],"curies":[{"name":"wp","href":"https:\/\/api.w.org\/{rel}","templated":true}]}}