{"id":53971,"date":"2020-07-30T07:59:15","date_gmt":"2020-07-30T12:59:15","guid":{"rendered":"https:\/\/futbolhoy.co\/?p=53971"},"modified":"2020-07-30T19:19:32","modified_gmt":"2020-07-31T00:19:32","slug":"falcao-seguira-en-turquia","status":"publish","type":"post","link":"https:\/\/futbolhoy.co\/index.php\/2020\/07\/30\/falcao-seguira-en-turquia\/","title":{"rendered":"Falcao seguir\u00e1 en Turqu\u00eda"},"content":{"rendered":"<p style=\"text-align: justify;\"><span style=\"font-family: helvetica, arial, sans-serif;\">El goleador samario <strong>Falcao Garc\u00eda,<\/strong> quien tiene contrato hasta junio del 2022 con <strong>Galatasaray,<\/strong> seguir\u00e1 en el futbol turco a pesar del inter\u00e9s de la <strong>MLS<\/strong> de <strong>Estados Unidos.<\/strong><\/span><\/p>\n<p style=\"text-align: justify;\"><span style=\"font-family: helvetica, arial, sans-serif;\">\u00abSe supo que la directiva del Galatasaray no ha recibido ofertas oficiales de <strong>Inter Miami<\/strong> ni de otro equipo por Radamel Falcao\u00bb, se\u00f1al\u00f3 el canal turco <em>TRT Spor.<\/em><\/span><\/p>\n<p style=\"text-align: justify;\"><span style=\"font-family: helvetica, arial, sans-serif;\">\u00abLa familia de Falcao, con tres hijas y esperando el cuarto, cree que Turqu\u00eda es el lugar m\u00e1s seguro para el nacimiento del ni\u00f1o\u00bb, agreg\u00f3 <em>Sporx<\/em> de <strong>Estambul<\/strong>.<\/span><\/p>\n<p style=\"text-align: justify;\"><span style=\"font-family: helvetica, arial, sans-serif;\">El rumor surgi\u00f3 el pasado fin de semana cuando se conocieron algunas im\u00e1genes de camisetas del equipo de <strong>David Beckham,<\/strong> con el nombre del colombiano estampado.<\/span><\/p>\n","protected":false},"excerpt":{"rendered":"<p>El goleador samario Falcao Garc\u00eda, quien tiene contrato hasta junio del 2022 con Galatasaray, seguir\u00e1 en el futbol turco a pesar del inter\u00e9s de la MLS de Estados Unidos. \u00abSe supo que la directiva del Galatasaray no ha recibido ofertas oficiales de Inter Miami ni de otro equipo por Radamel Falcao\u00bb, se\u00f1al\u00f3 el canal turco [&hellip;]<\/p>\n","protected":false},"author":5,"featured_media":48774,"comment_status":"open","ping_status":"closed","sticky":false,"template":"","format":"standard","meta":{"_acf_changed":false,"footnotes":""},"categories":[418],"tags":[616,1920,1114],"class_list":{"0":"post-53971","1":"post","2":"type-post","3":"status-publish","4":"format-standard","5":"has-post-thumbnail","7":"category-colombia","8":"tag-falcao","9":"tag-galatasara","10":"tag-galatasaray"},"acf":[],"_links":{"self":[{"href":"https:\/\/futbolhoy.co\/index.php\/wp-json\/wp\/v2\/posts\/53971","targetHints":{"allow":["GET"]}}],"collection":[{"href":"https:\/\/futbolhoy.co\/index.php\/wp-json\/wp\/v2\/posts"}],"about":[{"href":"https:\/\/futbolhoy.co\/index.php\/wp-json\/wp\/v2\/types\/post"}],"author":[{"embeddable":true,"href":"https:\/\/futbolhoy.co\/index.php\/wp-json\/wp\/v2\/users\/5"}],"replies":[{"embeddable":true,"href":"https:\/\/futbolhoy.co\/index.php\/wp-json\/wp\/v2\/comments?post=53971"}],"version-history":[{"count":1,"href":"https:\/\/futbolhoy.co\/index.php\/wp-json\/wp\/v2\/posts\/53971\/revisions"}],"predecessor-version":[{"id":53972,"href":"https:\/\/futbolhoy.co\/index.php\/wp-json\/wp\/v2\/posts\/53971\/revisions\/53972"}],"wp:featuredmedia":[{"embeddable":true,"href":"https:\/\/futbolhoy.co\/index.php\/wp-json\/wp\/v2\/media\/48774"}],"wp:attachment":[{"href":"https:\/\/futbolhoy.co\/index.php\/wp-json\/wp\/v2\/media?parent=53971"}],"wp:term":[{"taxonomy":"category","embeddable":true,"href":"https:\/\/futbolhoy.co\/index.php\/wp-json\/wp\/v2\/categories?post=53971"},{"taxonomy":"post_tag","embeddable":true,"href":"https:\/\/futbolhoy.co\/index.php\/wp-json\/wp\/v2\/tags?post=53971"}],"curies":[{"name":"wp","href":"https:\/\/api.w.org\/{rel}","templated":true}]}}