{"id":54545,"date":"2020-08-14T16:09:11","date_gmt":"2020-08-14T21:09:11","guid":{"rendered":"https:\/\/futbolhoy.co\/?p=54545"},"modified":"2020-08-15T09:32:25","modified_gmt":"2020-08-15T14:32:25","slug":"bayern-humillo-y-elimino-al-barcelona","status":"publish","type":"post","link":"https:\/\/futbolhoy.co\/index.php\/2020\/08\/14\/bayern-humillo-y-elimino-al-barcelona\/","title":{"rendered":"Bayern humill\u00f3 y elimin\u00f3 al Barcelona"},"content":{"rendered":"<!--[if lt IE 9]><script>document.createElement('audio');<\/script><![endif]-->\n<audio class=\"wp-audio-shortcode\" id=\"audio-54545-1\" preload=\"none\" style=\"width: 100%;\" controls=\"controls\"><source type=\"audio\/mpeg\" src=\"https:\/\/futbolhoy.co\/wp-content\/uploads\/2020\/08\/savetweetvid_q5beF35LVy9gb0ab.mp3?_=1\" \/><a href=\"https:\/\/futbolhoy.co\/wp-content\/uploads\/2020\/08\/savetweetvid_q5beF35LVy9gb0ab.mp3\">https:\/\/futbolhoy.co\/wp-content\/uploads\/2020\/08\/savetweetvid_q5beF35LVy9gb0ab.mp3<\/a><\/audio>\n<p><span style=\"font-size: 10pt; font-family: helvetica, arial, sans-serif;\"><strong><em>Gerard Piqu\u00e9 - Defensa Barcelona\u00a0<\/em><\/strong><\/span><\/p>\n<audio class=\"wp-audio-shortcode\" id=\"audio-54545-2\" preload=\"none\" style=\"width: 100%;\" controls=\"controls\"><source type=\"audio\/mpeg\" src=\"https:\/\/futbolhoy.co\/wp-content\/uploads\/2020\/08\/savetweetvid_fjKfa2tileq_TJIf.mp3?_=2\" \/><a href=\"https:\/\/futbolhoy.co\/wp-content\/uploads\/2020\/08\/savetweetvid_fjKfa2tileq_TJIf.mp3\">https:\/\/futbolhoy.co\/wp-content\/uploads\/2020\/08\/savetweetvid_fjKfa2tileq_TJIf.mp3<\/a><\/audio>\n<p><span style=\"font-family: helvetica, arial, sans-serif; font-size: 10pt;\"><strong><em>Quique Seti\u00e9n - Director T\u00e9cnico de Barcelona\u00a0<\/em><\/strong><\/span><\/p>\n<p style=\"text-align: justify;\"><span style=\"font-family: helvetica, arial, sans-serif;\"><strong>Bayern Munich<\/strong> se convirti\u00f3 en el tercer equipo clasificado a las semifinales de la <strong>Liga de Campeones<\/strong> en Lisboa, luego de propinar una paliza 8-2 al <strong>Barcelona<\/strong>.<\/span><\/p>\n<p style=\"text-align: justify;\"><span style=\"font-family: helvetica, arial, sans-serif;\">La goleada la inici\u00f3 <strong>Thomas M\u00fcller<\/strong>, a los 4 minutos, despu\u00e9s de una combinaci\u00f3n con <strong>Robert Lewandowski<\/strong> al interior del \u00e1rea; pero la reacci\u00f3n azulgrana fue muy r\u00e1pida y tres minutos despu\u00e9s con autogol de <strong>David Alaba<\/strong> empat\u00f3 el encuentro, tras un defectuoso despeje de un centro de <strong>Jordi Alba.<\/strong><\/span><\/p>\n<p style=\"text-align: justify;\"><span style=\"font-family: helvetica, arial, sans-serif;\">El poder\u00edo alem\u00e1n ratific\u00f3 su dominio y a los 22 minutos, <strong>Ivan Perisic<\/strong>, aprovech\u00f3 un error de <strong>Sergi Roberto<\/strong> que perdi\u00f3 el bal\u00f3n en zona defensiva, y marc\u00f3 el segundo.<\/span><\/p>\n<p style=\"text-align: justify;\"><span style=\"font-family: helvetica, arial, sans-serif;\">Seis minutos m\u00e1s tarde, <strong>Serge Gnabry<\/strong> le gan\u00f3 la espalda a <strong>Clement Lenglet<\/strong> y anot\u00f3 el tercero; mientras que <strong>M\u00fcller,<\/strong> a los 31, luego de un centro de J<strong>oshua Kimmich<\/strong> desde la derecha, se adelant\u00f3 a la defensa y convirti\u00f3 el cuarto.<\/span><\/p>\n<p style=\"text-align: justify;\"><span style=\"font-family: helvetica, arial, sans-serif;\">A los 54, el \u00e1rbitro anul\u00f3 una jugada de gol a <strong>Lewandowki,<\/strong> por un fuera de lugar de M\u00fcller.<\/span><\/p>\n<p style=\"text-align: justify;\"><span style=\"font-family: helvetica, arial, sans-serif;\">El equipo catal\u00e1n reaccion\u00f3 y <strong>Luis Su\u00e1rez<\/strong>, a los 56 minutos, super\u00f3 la marca de<strong> Le\u00f3n Goretzka<\/strong> y con fuerte remate hizo el segundo.<\/span><\/p>\n<p style=\"text-align: justify;\"><span style=\"font-family: helvetica, arial, sans-serif;\">Los teutones mantuvieron el ritmo \u00a0y en gran jugada de <strong>Alphonso Davies<\/strong>, con sus 19 a\u00f1os, super\u00f3 la marca de <strong>Nelson Semedo<\/strong> y desde la l\u00ednea de fondo asisti\u00f3 a <strong>Kimmich,<\/strong> para anotar el quinto.<\/span><\/p>\n<p style=\"text-align: justify;\"><span style=\"font-family: helvetica, arial, sans-serif;\">El sexto gol naci\u00f3 en una jugada entre <strong>Davies<\/strong> y <strong>Philippe Coutinho<\/strong> por la parte izquierda del \u00e1rea y el brasile\u00f1o, en un centro a media altura, habilit\u00f3 a <strong>Lewandowski<\/strong> para que convirtiera de cabeza.<\/span><\/p>\n<p style=\"text-align: justify;\"><span style=\"font-family: helvetica, arial, sans-serif;\">Una vez m\u00e1s <strong>Coutinho,<\/strong> con un doblete en 4 minutos, marc\u00f3 los dos goles que restaban para la aparatosa ca\u00edda del equipo catal\u00e1n.<\/span><\/p>\n<p style=\"text-align: justify;\"><span style=\"font-family: helvetica, arial, sans-serif;\">Al cierre del partido, se especul\u00f3 con la renuncia del entrenador<strong> Quique Seti\u00e9n<\/strong>, que cumpli\u00f3 con una floja campa\u00f1a, donde perdi\u00f3 la <strong>Liga<\/strong> y qued\u00f3 eliminado en cuartos de final de <strong>Champions.<\/strong><\/span><\/p>\n<p style=\"text-align: justify;\"><span style=\"font-family: helvetica, arial, sans-serif;\"><strong>Bayern M\u00fanich<\/strong> se medir\u00e1 el pr\u00f3ximo mi\u00e9rcoles, en semifinales, al ganador de la serie que disputar\u00e1n este s\u00e1bado,<strong> Manchester City<\/strong> y <strong>Lyon.<\/strong><\/span><\/p>\n","protected":false},"excerpt":{"rendered":"<p>Gerard Piqu\u00e9 - Defensa Barcelona\u00a0 Quique Seti\u00e9n - Director T\u00e9cnico de Barcelona\u00a0 Bayern Munich se convirti\u00f3 en el tercer equipo clasificado a las semifinales de la Liga de Campeones en Lisboa, luego de propinar una paliza 8-2 al Barcelona. La goleada la inici\u00f3 Thomas M\u00fcller, a los 4 minutos, despu\u00e9s de una combinaci\u00f3n con Robert [&hellip;]<\/p>\n","protected":false},"author":5,"featured_media":54546,"comment_status":"open","ping_status":"open","sticky":false,"template":"","format":"video","meta":{"_acf_changed":false,"footnotes":""},"categories":[4],"tags":[722,88,81],"class_list":{"0":"post-54545","1":"post","2":"type-post","3":"status-publish","4":"format-video","5":"has-post-thumbnail","7":"category-champions-league","8":"tag-barcelona","9":"tag-bayern-munich","10":"tag-champions-league","11":"post_format-post-format-video"},"acf":[],"yoast_head":"<!-- This site is optimized with the Yoast SEO plugin v26.8 - https:\/\/yoast.com\/product\/yoast-seo-wordpress\/ -->\n<title>Bayern humill\u00f3 y elimin\u00f3 al Barcelona -<\/title>\n<meta name=\"robots\" content=\"index, follow, max-snippet:-1, max-image-preview:large, max-video-preview:-1\" \/>\n<link rel=\"canonical\" href=\"https:\/\/futbolhoy.co\/index.php\/2020\/08\/14\/bayern-humillo-y-elimino-al-barcelona\/\" \/>\n<meta property=\"og:locale\" content=\"es_ES\" \/>\n<meta property=\"og:type\" content=\"article\" \/>\n<meta property=\"og:title\" content=\"Bayern humill\u00f3 y elimin\u00f3 al Barcelona -\" \/>\n<meta property=\"og:description\" content=\"Gerard Piqu\u00e9 - Defensa Barcelona\u00a0 Quique Seti\u00e9n - Director T\u00e9cnico de Barcelona\u00a0 Bayern Munich se convirti\u00f3 en el tercer equipo clasificado a las semifinales de la Liga de Campeones en Lisboa, luego de propinar una paliza 8-2 al Barcelona. La goleada la inici\u00f3 Thomas M\u00fcller, a los 4 minutos, despu\u00e9s de una combinaci\u00f3n con Robert [&hellip;]\" \/>\n<meta property=\"og:url\" content=\"https:\/\/futbolhoy.co\/index.php\/2020\/08\/14\/bayern-humillo-y-elimino-al-barcelona\/\" \/>\n<meta property=\"article:publisher\" content=\"https:\/\/www.facebook.com\/FutbolHoyCol\/\" \/>\n<meta property=\"article:published_time\" content=\"2020-08-14T21:09:11+00:00\" \/>\n<meta property=\"article:modified_time\" content=\"2020-08-15T14:32:25+00:00\" \/>\n<meta property=\"og:image\" content=\"https:\/\/futbolhoy.co\/wp-content\/uploads\/2020\/08\/EfaMy-lXgAgDvlI.jpg\" \/>\n\t<meta property=\"og:image:width\" content=\"680\" \/>\n\t<meta property=\"og:image:height\" content=\"383\" \/>\n\t<meta property=\"og:image:type\" content=\"image\/jpeg\" \/>\n<meta name=\"author\" content=\"Laura Hern\u00e1ndez\" \/>\n<meta name=\"twitter:card\" content=\"summary_large_image\" \/>\n<meta name=\"twitter:creator\" content=\"@FutbolHoyCol\" \/>\n<meta name=\"twitter:site\" content=\"@FutbolHoyCol\" \/>\n<meta name=\"twitter:label1\" content=\"Escrito por\" \/>\n\t<meta name=\"twitter:data1\" content=\"Laura Hern\u00e1ndez\" \/>\n\t<meta name=\"twitter:label2\" content=\"Tiempo de lectura\" \/>\n\t<meta name=\"twitter:data2\" content=\"2 minutos\" \/>\n<script type=\"application\/ld+json\" class=\"yoast-schema-graph\">{\"@context\":\"https:\/\/schema.org\",\"@graph\":[{\"@type\":\"Article\",\"@id\":\"https:\/\/futbolhoy.co\/index.php\/2020\/08\/14\/bayern-humillo-y-elimino-al-barcelona\/#article\",\"isPartOf\":{\"@id\":\"https:\/\/futbolhoy.co\/index.php\/2020\/08\/14\/bayern-humillo-y-elimino-al-barcelona\/\"},\"author\":{\"name\":\"Laura Hern\u00e1ndez\",\"@id\":\"https:\/\/futbolhoy.co\/#\/schema\/person\/c4a353a512b127643723a34bb1812f7d\"},\"headline\":\"Bayern humill\u00f3 y elimin\u00f3 al Barcelona\",\"datePublished\":\"2020-08-14T21:09:11+00:00\",\"dateModified\":\"2020-08-15T14:32:25+00:00\",\"mainEntityOfPage\":{\"@id\":\"https:\/\/futbolhoy.co\/index.php\/2020\/08\/14\/bayern-humillo-y-elimino-al-barcelona\/\"},\"wordCount\":408,\"commentCount\":0,\"publisher\":{\"@id\":\"https:\/\/futbolhoy.co\/#organization\"},\"image\":{\"@id\":\"https:\/\/futbolhoy.co\/index.php\/2020\/08\/14\/bayern-humillo-y-elimino-al-barcelona\/#primaryimage\"},\"thumbnailUrl\":\"https:\/\/futbolhoy.co\/wp-content\/uploads\/2020\/08\/EfaMy-lXgAgDvlI.jpg\",\"keywords\":[\"Barcelona\",\"Bayern M\u00fanich\",\"Champions League\"],\"articleSection\":[\"Champions League\"],\"inLanguage\":\"es\",\"potentialAction\":[{\"@type\":\"CommentAction\",\"name\":\"Comment\",\"target\":[\"https:\/\/futbolhoy.co\/index.php\/2020\/08\/14\/bayern-humillo-y-elimino-al-barcelona\/#respond\"]}]},{\"@type\":\"WebPage\",\"@id\":\"https:\/\/futbolhoy.co\/index.php\/2020\/08\/14\/bayern-humillo-y-elimino-al-barcelona\/\",\"url\":\"https:\/\/futbolhoy.co\/index.php\/2020\/08\/14\/bayern-humillo-y-elimino-al-barcelona\/\",\"name\":\"Bayern humill\u00f3 y elimin\u00f3 al Barcelona -\",\"isPartOf\":{\"@id\":\"https:\/\/futbolhoy.co\/#website\"},\"primaryImageOfPage\":{\"@id\":\"https:\/\/futbolhoy.co\/index.php\/2020\/08\/14\/bayern-humillo-y-elimino-al-barcelona\/#primaryimage\"},\"image\":{\"@id\":\"https:\/\/futbolhoy.co\/index.php\/2020\/08\/14\/bayern-humillo-y-elimino-al-barcelona\/#primaryimage\"},\"thumbnailUrl\":\"https:\/\/futbolhoy.co\/wp-content\/uploads\/2020\/08\/EfaMy-lXgAgDvlI.jpg\",\"datePublished\":\"2020-08-14T21:09:11+00:00\",\"dateModified\":\"2020-08-15T14:32:25+00:00\",\"breadcrumb\":{\"@id\":\"https:\/\/futbolhoy.co\/index.php\/2020\/08\/14\/bayern-humillo-y-elimino-al-barcelona\/#breadcrumb\"},\"inLanguage\":\"es\",\"potentialAction\":[{\"@type\":\"ReadAction\",\"target\":[\"https:\/\/futbolhoy.co\/index.php\/2020\/08\/14\/bayern-humillo-y-elimino-al-barcelona\/\"]}]},{\"@type\":\"ImageObject\",\"inLanguage\":\"es\",\"@id\":\"https:\/\/futbolhoy.co\/index.php\/2020\/08\/14\/bayern-humillo-y-elimino-al-barcelona\/#primaryimage\",\"url\":\"https:\/\/futbolhoy.co\/wp-content\/uploads\/2020\/08\/EfaMy-lXgAgDvlI.jpg\",\"contentUrl\":\"https:\/\/futbolhoy.co\/wp-content\/uploads\/2020\/08\/EfaMy-lXgAgDvlI.jpg\",\"width\":680,\"height\":383},{\"@type\":\"BreadcrumbList\",\"@id\":\"https:\/\/futbolhoy.co\/index.php\/2020\/08\/14\/bayern-humillo-y-elimino-al-barcelona\/#breadcrumb\",\"itemListElement\":[{\"@type\":\"ListItem\",\"position\":1,\"name\":\"Portada\",\"item\":\"https:\/\/futbolhoy.co\/\"},{\"@type\":\"ListItem\",\"position\":2,\"name\":\"Bayern humill\u00f3 y elimin\u00f3 al Barcelona\"}]},{\"@type\":\"WebSite\",\"@id\":\"https:\/\/futbolhoy.co\/#website\",\"url\":\"https:\/\/futbolhoy.co\/\",\"name\":\"FutbolHoy\",\"description\":\"\",\"publisher\":{\"@id\":\"https:\/\/futbolhoy.co\/#organization\"},\"potentialAction\":[{\"@type\":\"SearchAction\",\"target\":{\"@type\":\"EntryPoint\",\"urlTemplate\":\"https:\/\/futbolhoy.co\/?s={search_term_string}\"},\"query-input\":{\"@type\":\"PropertyValueSpecification\",\"valueRequired\":true,\"valueName\":\"search_term_string\"}}],\"inLanguage\":\"es\"},{\"@type\":\"Organization\",\"@id\":\"https:\/\/futbolhoy.co\/#organization\",\"name\":\"Futbolhoy.co\",\"url\":\"https:\/\/futbolhoy.co\/\",\"logo\":{\"@type\":\"ImageObject\",\"inLanguage\":\"es\",\"@id\":\"https:\/\/futbolhoy.co\/#\/schema\/logo\/image\/\",\"url\":\"https:\/\/futbolhoy.co\/wp-content\/uploads\/2018\/08\/17426380_1906371736249227_6326180412931521141_n.jpg\",\"contentUrl\":\"https:\/\/futbolhoy.co\/wp-content\/uploads\/2018\/08\/17426380_1906371736249227_6326180412931521141_n.jpg\",\"width\":960,\"height\":960,\"caption\":\"Futbolhoy.co\"},\"image\":{\"@id\":\"https:\/\/futbolhoy.co\/#\/schema\/logo\/image\/\"},\"sameAs\":[\"https:\/\/www.facebook.com\/FutbolHoyCol\/\",\"https:\/\/x.com\/FutbolHoyCol\",\"https:\/\/www.instagram.com\/futbolhoycol\/\"]},{\"@type\":\"Person\",\"@id\":\"https:\/\/futbolhoy.co\/#\/schema\/person\/c4a353a512b127643723a34bb1812f7d\",\"name\":\"Laura Hern\u00e1ndez\",\"image\":{\"@type\":\"ImageObject\",\"inLanguage\":\"es\",\"@id\":\"https:\/\/futbolhoy.co\/#\/schema\/person\/image\/\",\"url\":\"https:\/\/secure.gravatar.com\/avatar\/d25959a15b9b293a743f99181c7cfd01?s=96&d=mm&r=g\",\"contentUrl\":\"https:\/\/secure.gravatar.com\/avatar\/d25959a15b9b293a743f99181c7cfd01?s=96&d=mm&r=g\",\"caption\":\"Laura Hern\u00e1ndez\"}}]}<\/script>\n<!-- \/ Yoast SEO plugin. -->","yoast_head_json":{"title":"Bayern humill\u00f3 y elimin\u00f3 al Barcelona -","robots":{"index":"index","follow":"follow","max-snippet":"max-snippet:-1","max-image-preview":"max-image-preview:large","max-video-preview":"max-video-preview:-1"},"canonical":"https:\/\/futbolhoy.co\/index.php\/2020\/08\/14\/bayern-humillo-y-elimino-al-barcelona\/","og_locale":"es_ES","og_type":"article","og_title":"Bayern humill\u00f3 y elimin\u00f3 al Barcelona -","og_description":"Gerard Piqu\u00e9 - Defensa Barcelona\u00a0 Quique Seti\u00e9n - Director T\u00e9cnico de Barcelona\u00a0 Bayern Munich se convirti\u00f3 en el tercer equipo clasificado a las semifinales de la Liga de Campeones en Lisboa, luego de propinar una paliza 8-2 al Barcelona. La goleada la inici\u00f3 Thomas M\u00fcller, a los 4 minutos, despu\u00e9s de una combinaci\u00f3n con Robert [&hellip;]","og_url":"https:\/\/futbolhoy.co\/index.php\/2020\/08\/14\/bayern-humillo-y-elimino-al-barcelona\/","article_publisher":"https:\/\/www.facebook.com\/FutbolHoyCol\/","article_published_time":"2020-08-14T21:09:11+00:00","article_modified_time":"2020-08-15T14:32:25+00:00","og_image":[{"width":680,"height":383,"url":"https:\/\/futbolhoy.co\/wp-content\/uploads\/2020\/08\/EfaMy-lXgAgDvlI.jpg","type":"image\/jpeg"}],"author":"Laura Hern\u00e1ndez","twitter_card":"summary_large_image","twitter_creator":"@FutbolHoyCol","twitter_site":"@FutbolHoyCol","twitter_misc":{"Escrito por":"Laura Hern\u00e1ndez","Tiempo de lectura":"2 minutos"},"schema":{"@context":"https:\/\/schema.org","@graph":[{"@type":"Article","@id":"https:\/\/futbolhoy.co\/index.php\/2020\/08\/14\/bayern-humillo-y-elimino-al-barcelona\/#article","isPartOf":{"@id":"https:\/\/futbolhoy.co\/index.php\/2020\/08\/14\/bayern-humillo-y-elimino-al-barcelona\/"},"author":{"name":"Laura Hern\u00e1ndez","@id":"https:\/\/futbolhoy.co\/#\/schema\/person\/c4a353a512b127643723a34bb1812f7d"},"headline":"Bayern humill\u00f3 y elimin\u00f3 al Barcelona","datePublished":"2020-08-14T21:09:11+00:00","dateModified":"2020-08-15T14:32:25+00:00","mainEntityOfPage":{"@id":"https:\/\/futbolhoy.co\/index.php\/2020\/08\/14\/bayern-humillo-y-elimino-al-barcelona\/"},"wordCount":408,"commentCount":0,"publisher":{"@id":"https:\/\/futbolhoy.co\/#organization"},"image":{"@id":"https:\/\/futbolhoy.co\/index.php\/2020\/08\/14\/bayern-humillo-y-elimino-al-barcelona\/#primaryimage"},"thumbnailUrl":"https:\/\/futbolhoy.co\/wp-content\/uploads\/2020\/08\/EfaMy-lXgAgDvlI.jpg","keywords":["Barcelona","Bayern M\u00fanich","Champions League"],"articleSection":["Champions League"],"inLanguage":"es","potentialAction":[{"@type":"CommentAction","name":"Comment","target":["https:\/\/futbolhoy.co\/index.php\/2020\/08\/14\/bayern-humillo-y-elimino-al-barcelona\/#respond"]}]},{"@type":"WebPage","@id":"https:\/\/futbolhoy.co\/index.php\/2020\/08\/14\/bayern-humillo-y-elimino-al-barcelona\/","url":"https:\/\/futbolhoy.co\/index.php\/2020\/08\/14\/bayern-humillo-y-elimino-al-barcelona\/","name":"Bayern humill\u00f3 y elimin\u00f3 al Barcelona -","isPartOf":{"@id":"https:\/\/futbolhoy.co\/#website"},"primaryImageOfPage":{"@id":"https:\/\/futbolhoy.co\/index.php\/2020\/08\/14\/bayern-humillo-y-elimino-al-barcelona\/#primaryimage"},"image":{"@id":"https:\/\/futbolhoy.co\/index.php\/2020\/08\/14\/bayern-humillo-y-elimino-al-barcelona\/#primaryimage"},"thumbnailUrl":"https:\/\/futbolhoy.co\/wp-content\/uploads\/2020\/08\/EfaMy-lXgAgDvlI.jpg","datePublished":"2020-08-14T21:09:11+00:00","dateModified":"2020-08-15T14:32:25+00:00","breadcrumb":{"@id":"https:\/\/futbolhoy.co\/index.php\/2020\/08\/14\/bayern-humillo-y-elimino-al-barcelona\/#breadcrumb"},"inLanguage":"es","potentialAction":[{"@type":"ReadAction","target":["https:\/\/futbolhoy.co\/index.php\/2020\/08\/14\/bayern-humillo-y-elimino-al-barcelona\/"]}]},{"@type":"ImageObject","inLanguage":"es","@id":"https:\/\/futbolhoy.co\/index.php\/2020\/08\/14\/bayern-humillo-y-elimino-al-barcelona\/#primaryimage","url":"https:\/\/futbolhoy.co\/wp-content\/uploads\/2020\/08\/EfaMy-lXgAgDvlI.jpg","contentUrl":"https:\/\/futbolhoy.co\/wp-content\/uploads\/2020\/08\/EfaMy-lXgAgDvlI.jpg","width":680,"height":383},{"@type":"BreadcrumbList","@id":"https:\/\/futbolhoy.co\/index.php\/2020\/08\/14\/bayern-humillo-y-elimino-al-barcelona\/#breadcrumb","itemListElement":[{"@type":"ListItem","position":1,"name":"Portada","item":"https:\/\/futbolhoy.co\/"},{"@type":"ListItem","position":2,"name":"Bayern humill\u00f3 y elimin\u00f3 al Barcelona"}]},{"@type":"WebSite","@id":"https:\/\/futbolhoy.co\/#website","url":"https:\/\/futbolhoy.co\/","name":"FutbolHoy","description":"","publisher":{"@id":"https:\/\/futbolhoy.co\/#organization"},"potentialAction":[{"@type":"SearchAction","target":{"@type":"EntryPoint","urlTemplate":"https:\/\/futbolhoy.co\/?s={search_term_string}"},"query-input":{"@type":"PropertyValueSpecification","valueRequired":true,"valueName":"search_term_string"}}],"inLanguage":"es"},{"@type":"Organization","@id":"https:\/\/futbolhoy.co\/#organization","name":"Futbolhoy.co","url":"https:\/\/futbolhoy.co\/","logo":{"@type":"ImageObject","inLanguage":"es","@id":"https:\/\/futbolhoy.co\/#\/schema\/logo\/image\/","url":"https:\/\/futbolhoy.co\/wp-content\/uploads\/2018\/08\/17426380_1906371736249227_6326180412931521141_n.jpg","contentUrl":"https:\/\/futbolhoy.co\/wp-content\/uploads\/2018\/08\/17426380_1906371736249227_6326180412931521141_n.jpg","width":960,"height":960,"caption":"Futbolhoy.co"},"image":{"@id":"https:\/\/futbolhoy.co\/#\/schema\/logo\/image\/"},"sameAs":["https:\/\/www.facebook.com\/FutbolHoyCol\/","https:\/\/x.com\/FutbolHoyCol","https:\/\/www.instagram.com\/futbolhoycol\/"]},{"@type":"Person","@id":"https:\/\/futbolhoy.co\/#\/schema\/person\/c4a353a512b127643723a34bb1812f7d","name":"Laura Hern\u00e1ndez","image":{"@type":"ImageObject","inLanguage":"es","@id":"https:\/\/futbolhoy.co\/#\/schema\/person\/image\/","url":"https:\/\/secure.gravatar.com\/avatar\/d25959a15b9b293a743f99181c7cfd01?s=96&d=mm&r=g","contentUrl":"https:\/\/secure.gravatar.com\/avatar\/d25959a15b9b293a743f99181c7cfd01?s=96&d=mm&r=g","caption":"Laura Hern\u00e1ndez"}}]}},"publishpress_future_action":{"enabled":false,"date":"2026-05-03 17:14:38","action":"change-status","newStatus":"draft","terms":[],"taxonomy":"category","extraData":[]},"publishpress_future_workflow_manual_trigger":{"enabledWorkflows":[]},"_links":{"self":[{"href":"https:\/\/futbolhoy.co\/index.php\/wp-json\/wp\/v2\/posts\/54545","targetHints":{"allow":["GET"]}}],"collection":[{"href":"https:\/\/futbolhoy.co\/index.php\/wp-json\/wp\/v2\/posts"}],"about":[{"href":"https:\/\/futbolhoy.co\/index.php\/wp-json\/wp\/v2\/types\/post"}],"author":[{"embeddable":true,"href":"https:\/\/futbolhoy.co\/index.php\/wp-json\/wp\/v2\/users\/5"}],"replies":[{"embeddable":true,"href":"https:\/\/futbolhoy.co\/index.php\/wp-json\/wp\/v2\/comments?post=54545"}],"version-history":[{"count":4,"href":"https:\/\/futbolhoy.co\/index.php\/wp-json\/wp\/v2\/posts\/54545\/revisions"}],"predecessor-version":[{"id":54552,"href":"https:\/\/futbolhoy.co\/index.php\/wp-json\/wp\/v2\/posts\/54545\/revisions\/54552"}],"wp:featuredmedia":[{"embeddable":true,"href":"https:\/\/futbolhoy.co\/index.php\/wp-json\/wp\/v2\/media\/54546"}],"wp:attachment":[{"href":"https:\/\/futbolhoy.co\/index.php\/wp-json\/wp\/v2\/media?parent=54545"}],"wp:term":[{"taxonomy":"category","embeddable":true,"href":"https:\/\/futbolhoy.co\/index.php\/wp-json\/wp\/v2\/categories?post=54545"},{"taxonomy":"post_tag","embeddable":true,"href":"https:\/\/futbolhoy.co\/index.php\/wp-json\/wp\/v2\/tags?post=54545"}],"curies":[{"name":"wp","href":"https:\/\/api.w.org\/{rel}","templated":true}]}}