{"id":54560,"date":"2020-08-14T15:53:28","date_gmt":"2020-08-14T20:53:28","guid":{"rendered":"https:\/\/futbolhoy.co\/?p=54560"},"modified":"2020-08-15T09:21:35","modified_gmt":"2020-08-15T14:21:35","slug":"la-derrota-del-barcelona-sacudio-a-los-catalanes","status":"publish","type":"post","link":"https:\/\/futbolhoy.co\/index.php\/2020\/08\/14\/la-derrota-del-barcelona-sacudio-a-los-catalanes\/","title":{"rendered":"La derrota del Barcelona sacudi\u00f3 a los catalanes"},"content":{"rendered":"<p style=\"text-align: justify;\"><span style=\"font-family: helvetica, arial, sans-serif;\">La campa\u00f1a del <strong>Barcelona<\/strong> en la temporada 2019\/20 fue calificada, por especialistas y los medios espa\u00f1oles, como una de las peores de su historia en Liga y los torneos de la <strong>UEFA<\/strong>.<\/span><\/p>\n<p style=\"text-align: justify;\"><span style=\"font-family: helvetica, arial, sans-serif;\">El estad\u00edgrafo espa\u00f1ol <strong>MisterChip,<\/strong> detall\u00f3 as\u00ed la goleada 2-8 que le propin\u00f3 el Bayern M\u00fanich en los cuartos de final de la Liga de Campeones.<\/span><\/p>\n<p style=\"text-align: justify;\"><span style=\"font-family: helvetica, arial, sans-serif;\">\u201cEs la peor derrota europea en la historia del <strong>Barcelona<\/strong> y la peor derrota en la carrera profesional de <strong>Messi<\/strong> (superando el 6-1 de Bolivia en 2009)\u201d, anot\u00f3 en sus redes sociales.<\/span><\/p>\n<p style=\"text-align: justify;\"><span style=\"font-family: helvetica, arial, sans-serif;\">\u201c<strong>Quique Seti\u00e9n<\/strong> ha igualado hoy la peor derrota de su carrera profesional como entrenador (529 partidos oficiales). Tambi\u00e9n cay\u00f3 por seis goles de margen (6-0) con el Lugo frente al <strong>Girona<\/strong> en Segunda Divisi\u00f3n (16 de febrero de 2014)\u201d, agreg\u00f3.<\/span><\/p>\n<p style=\"text-align: justify;\"><span style=\"font-family: helvetica, arial, sans-serif;\">\u201cEl Barcelona cierra la temporada sin un solo t\u00edtulo oficial (eliminado en semis de la Supercopa de Espa\u00f1a, eliminado en cuartos de la Copa del Rey, subcampe\u00f3n de Liga y eliminado en cuartos de la Copa de Europa), algo que no suced\u00eda desde la campa\u00f1a 2007-08\u201d, escribi\u00f3 en su cuenta personal de twitter.<\/span><\/p>\n<p style=\"text-align: justify;\"><span style=\"font-family: helvetica, arial, sans-serif;\">Entretanto, la prensa de <strong>Madrid<\/strong> y <strong>Barcelona<\/strong> resumi\u00f3 con grandes titulares la humillante derrota.<\/span><\/p>\n<ul>\n<li style=\"text-align: justify;\"><span style=\"font-family: helvetica, arial, sans-serif;\"><i><strong>AS<\/strong>:<\/i>\u00a0El Bar\u00e7a se instala en el infierno. El equipo blaugrana es aplastado y humillado por un Bayern de M\u00fanich que retrata el rid\u00edculo de un equipo acabado.<\/span><\/li>\n<li style=\"text-align: justify;\"><span style=\"font-family: helvetica, arial, sans-serif;\"><i><strong>Marca<\/strong>:<\/i>\u00a0Bayern M\u00fanich aplasta al Barcelona y lo golea en Lisboa. Barcelona 2-8 al Bayern Munich. El elenco B\u00e1varo no tuvo compasi\u00f3n con Seti\u00e9n y sus muchachos.<\/span><\/li>\n<li style=\"text-align: justify;\"><span style=\"font-family: helvetica, arial, sans-serif;\"><strong><i>Mundo Deportivo:<\/i><\/strong>\u00a0\u00a1Rid\u00edculo hist\u00f3rico del Bar\u00e7a en la Champions! El Bayern aplast\u00f3 al conjunto azulgrana con un contundente 2-8 en los cuartos de final disputados en el estadio Da Luz de Lisboa<\/span><\/li>\n<li style=\"text-align: justify;\"><span style=\"font-family: helvetica, arial, sans-serif;\"><i><strong>Sport<\/strong>:<\/i>\u00a0Otro fracaso hist\u00f3rico del Bar\u00e7a en la Champions. Otra humillaci\u00f3n que obliga a tomar medidas.<\/span><\/li>\n<li style=\"text-align: justify;\"><span style=\"font-family: helvetica, arial, sans-serif;\"><strong><i>El Pa\u00eds:<\/i><\/strong>\u00a0El Bayer le propina una hist\u00f3rica goleada al Barcelona en la Champions League<\/span><\/li>\n<\/ul>\n","protected":false},"excerpt":{"rendered":"<p>La campa\u00f1a del Barcelona en la temporada 2019\/20 fue calificada, por especialistas y los medios espa\u00f1oles, como una de las peores de su historia en Liga y los torneos de la UEFA. El estad\u00edgrafo espa\u00f1ol MisterChip, detall\u00f3 as\u00ed la goleada 2-8 que le propin\u00f3 el Bayern M\u00fanich en los cuartos de final de la Liga [&hellip;]<\/p>\n","protected":false},"author":5,"featured_media":54561,"comment_status":"open","ping_status":"open","sticky":false,"template":"","format":"standard","meta":{"_acf_changed":false,"footnotes":""},"categories":[4],"tags":[],"class_list":{"0":"post-54560","1":"post","2":"type-post","3":"status-publish","4":"format-standard","5":"has-post-thumbnail","7":"category-champions-league"},"acf":[],"yoast_head":"<!-- This site is optimized with the Yoast SEO plugin v26.8 - https:\/\/yoast.com\/product\/yoast-seo-wordpress\/ -->\n<title>La derrota del Barcelona sacudi\u00f3 a los catalanes -<\/title>\n<meta name=\"robots\" content=\"index, follow, max-snippet:-1, max-image-preview:large, max-video-preview:-1\" \/>\n<link rel=\"canonical\" href=\"https:\/\/futbolhoy.co\/index.php\/2020\/08\/14\/la-derrota-del-barcelona-sacudio-a-los-catalanes\/\" \/>\n<meta property=\"og:locale\" content=\"es_ES\" \/>\n<meta property=\"og:type\" content=\"article\" \/>\n<meta property=\"og:title\" content=\"La derrota del Barcelona sacudi\u00f3 a los catalanes -\" \/>\n<meta property=\"og:description\" content=\"La campa\u00f1a del Barcelona en la temporada 2019\/20 fue calificada, por especialistas y los medios espa\u00f1oles, como una de las peores de su historia en Liga y los torneos de la UEFA. El estad\u00edgrafo espa\u00f1ol MisterChip, detall\u00f3 as\u00ed la goleada 2-8 que le propin\u00f3 el Bayern M\u00fanich en los cuartos de final de la Liga [&hellip;]\" \/>\n<meta property=\"og:url\" content=\"https:\/\/futbolhoy.co\/index.php\/2020\/08\/14\/la-derrota-del-barcelona-sacudio-a-los-catalanes\/\" \/>\n<meta property=\"article:publisher\" content=\"https:\/\/www.facebook.com\/FutbolHoyCol\/\" \/>\n<meta property=\"article:published_time\" content=\"2020-08-14T20:53:28+00:00\" \/>\n<meta property=\"article:modified_time\" content=\"2020-08-15T14:21:35+00:00\" \/>\n<meta property=\"og:image\" content=\"https:\/\/futbolhoy.co\/wp-content\/uploads\/2020\/08\/EfaKQLrWsAEyzis.jpg\" \/>\n\t<meta property=\"og:image:width\" content=\"680\" \/>\n\t<meta property=\"og:image:height\" content=\"459\" \/>\n\t<meta property=\"og:image:type\" content=\"image\/jpeg\" \/>\n<meta name=\"author\" content=\"Laura Hern\u00e1ndez\" \/>\n<meta name=\"twitter:card\" content=\"summary_large_image\" \/>\n<meta name=\"twitter:creator\" content=\"@FutbolHoyCol\" \/>\n<meta name=\"twitter:site\" content=\"@FutbolHoyCol\" \/>\n<meta name=\"twitter:label1\" content=\"Escrito por\" \/>\n\t<meta name=\"twitter:data1\" content=\"Laura Hern\u00e1ndez\" \/>\n\t<meta name=\"twitter:label2\" content=\"Tiempo de lectura\" \/>\n\t<meta name=\"twitter:data2\" content=\"2 minutos\" \/>\n<script type=\"application\/ld+json\" class=\"yoast-schema-graph\">{\"@context\":\"https:\/\/schema.org\",\"@graph\":[{\"@type\":\"Article\",\"@id\":\"https:\/\/futbolhoy.co\/index.php\/2020\/08\/14\/la-derrota-del-barcelona-sacudio-a-los-catalanes\/#article\",\"isPartOf\":{\"@id\":\"https:\/\/futbolhoy.co\/index.php\/2020\/08\/14\/la-derrota-del-barcelona-sacudio-a-los-catalanes\/\"},\"author\":{\"name\":\"Laura Hern\u00e1ndez\",\"@id\":\"https:\/\/futbolhoy.co\/#\/schema\/person\/c4a353a512b127643723a34bb1812f7d\"},\"headline\":\"La derrota del Barcelona sacudi\u00f3 a los catalanes\",\"datePublished\":\"2020-08-14T20:53:28+00:00\",\"dateModified\":\"2020-08-15T14:21:35+00:00\",\"mainEntityOfPage\":{\"@id\":\"https:\/\/futbolhoy.co\/index.php\/2020\/08\/14\/la-derrota-del-barcelona-sacudio-a-los-catalanes\/\"},\"wordCount\":345,\"commentCount\":0,\"publisher\":{\"@id\":\"https:\/\/futbolhoy.co\/#organization\"},\"image\":{\"@id\":\"https:\/\/futbolhoy.co\/index.php\/2020\/08\/14\/la-derrota-del-barcelona-sacudio-a-los-catalanes\/#primaryimage\"},\"thumbnailUrl\":\"https:\/\/futbolhoy.co\/wp-content\/uploads\/2020\/08\/EfaKQLrWsAEyzis.jpg\",\"articleSection\":[\"Champions League\"],\"inLanguage\":\"es\",\"potentialAction\":[{\"@type\":\"CommentAction\",\"name\":\"Comment\",\"target\":[\"https:\/\/futbolhoy.co\/index.php\/2020\/08\/14\/la-derrota-del-barcelona-sacudio-a-los-catalanes\/#respond\"]}]},{\"@type\":\"WebPage\",\"@id\":\"https:\/\/futbolhoy.co\/index.php\/2020\/08\/14\/la-derrota-del-barcelona-sacudio-a-los-catalanes\/\",\"url\":\"https:\/\/futbolhoy.co\/index.php\/2020\/08\/14\/la-derrota-del-barcelona-sacudio-a-los-catalanes\/\",\"name\":\"La derrota del Barcelona sacudi\u00f3 a los catalanes -\",\"isPartOf\":{\"@id\":\"https:\/\/futbolhoy.co\/#website\"},\"primaryImageOfPage\":{\"@id\":\"https:\/\/futbolhoy.co\/index.php\/2020\/08\/14\/la-derrota-del-barcelona-sacudio-a-los-catalanes\/#primaryimage\"},\"image\":{\"@id\":\"https:\/\/futbolhoy.co\/index.php\/2020\/08\/14\/la-derrota-del-barcelona-sacudio-a-los-catalanes\/#primaryimage\"},\"thumbnailUrl\":\"https:\/\/futbolhoy.co\/wp-content\/uploads\/2020\/08\/EfaKQLrWsAEyzis.jpg\",\"datePublished\":\"2020-08-14T20:53:28+00:00\",\"dateModified\":\"2020-08-15T14:21:35+00:00\",\"breadcrumb\":{\"@id\":\"https:\/\/futbolhoy.co\/index.php\/2020\/08\/14\/la-derrota-del-barcelona-sacudio-a-los-catalanes\/#breadcrumb\"},\"inLanguage\":\"es\",\"potentialAction\":[{\"@type\":\"ReadAction\",\"target\":[\"https:\/\/futbolhoy.co\/index.php\/2020\/08\/14\/la-derrota-del-barcelona-sacudio-a-los-catalanes\/\"]}]},{\"@type\":\"ImageObject\",\"inLanguage\":\"es\",\"@id\":\"https:\/\/futbolhoy.co\/index.php\/2020\/08\/14\/la-derrota-del-barcelona-sacudio-a-los-catalanes\/#primaryimage\",\"url\":\"https:\/\/futbolhoy.co\/wp-content\/uploads\/2020\/08\/EfaKQLrWsAEyzis.jpg\",\"contentUrl\":\"https:\/\/futbolhoy.co\/wp-content\/uploads\/2020\/08\/EfaKQLrWsAEyzis.jpg\",\"width\":680,\"height\":459},{\"@type\":\"BreadcrumbList\",\"@id\":\"https:\/\/futbolhoy.co\/index.php\/2020\/08\/14\/la-derrota-del-barcelona-sacudio-a-los-catalanes\/#breadcrumb\",\"itemListElement\":[{\"@type\":\"ListItem\",\"position\":1,\"name\":\"Portada\",\"item\":\"https:\/\/futbolhoy.co\/\"},{\"@type\":\"ListItem\",\"position\":2,\"name\":\"La derrota del Barcelona sacudi\u00f3 a los catalanes\"}]},{\"@type\":\"WebSite\",\"@id\":\"https:\/\/futbolhoy.co\/#website\",\"url\":\"https:\/\/futbolhoy.co\/\",\"name\":\"FutbolHoy\",\"description\":\"\",\"publisher\":{\"@id\":\"https:\/\/futbolhoy.co\/#organization\"},\"potentialAction\":[{\"@type\":\"SearchAction\",\"target\":{\"@type\":\"EntryPoint\",\"urlTemplate\":\"https:\/\/futbolhoy.co\/?s={search_term_string}\"},\"query-input\":{\"@type\":\"PropertyValueSpecification\",\"valueRequired\":true,\"valueName\":\"search_term_string\"}}],\"inLanguage\":\"es\"},{\"@type\":\"Organization\",\"@id\":\"https:\/\/futbolhoy.co\/#organization\",\"name\":\"Futbolhoy.co\",\"url\":\"https:\/\/futbolhoy.co\/\",\"logo\":{\"@type\":\"ImageObject\",\"inLanguage\":\"es\",\"@id\":\"https:\/\/futbolhoy.co\/#\/schema\/logo\/image\/\",\"url\":\"https:\/\/futbolhoy.co\/wp-content\/uploads\/2018\/08\/17426380_1906371736249227_6326180412931521141_n.jpg\",\"contentUrl\":\"https:\/\/futbolhoy.co\/wp-content\/uploads\/2018\/08\/17426380_1906371736249227_6326180412931521141_n.jpg\",\"width\":960,\"height\":960,\"caption\":\"Futbolhoy.co\"},\"image\":{\"@id\":\"https:\/\/futbolhoy.co\/#\/schema\/logo\/image\/\"},\"sameAs\":[\"https:\/\/www.facebook.com\/FutbolHoyCol\/\",\"https:\/\/x.com\/FutbolHoyCol\",\"https:\/\/www.instagram.com\/futbolhoycol\/\"]},{\"@type\":\"Person\",\"@id\":\"https:\/\/futbolhoy.co\/#\/schema\/person\/c4a353a512b127643723a34bb1812f7d\",\"name\":\"Laura Hern\u00e1ndez\",\"image\":{\"@type\":\"ImageObject\",\"inLanguage\":\"es\",\"@id\":\"https:\/\/futbolhoy.co\/#\/schema\/person\/image\/\",\"url\":\"https:\/\/secure.gravatar.com\/avatar\/d25959a15b9b293a743f99181c7cfd01?s=96&d=mm&r=g\",\"contentUrl\":\"https:\/\/secure.gravatar.com\/avatar\/d25959a15b9b293a743f99181c7cfd01?s=96&d=mm&r=g\",\"caption\":\"Laura Hern\u00e1ndez\"}}]}<\/script>\n<!-- \/ Yoast SEO plugin. -->","yoast_head_json":{"title":"La derrota del Barcelona sacudi\u00f3 a los catalanes -","robots":{"index":"index","follow":"follow","max-snippet":"max-snippet:-1","max-image-preview":"max-image-preview:large","max-video-preview":"max-video-preview:-1"},"canonical":"https:\/\/futbolhoy.co\/index.php\/2020\/08\/14\/la-derrota-del-barcelona-sacudio-a-los-catalanes\/","og_locale":"es_ES","og_type":"article","og_title":"La derrota del Barcelona sacudi\u00f3 a los catalanes -","og_description":"La campa\u00f1a del Barcelona en la temporada 2019\/20 fue calificada, por especialistas y los medios espa\u00f1oles, como una de las peores de su historia en Liga y los torneos de la UEFA. El estad\u00edgrafo espa\u00f1ol MisterChip, detall\u00f3 as\u00ed la goleada 2-8 que le propin\u00f3 el Bayern M\u00fanich en los cuartos de final de la Liga [&hellip;]","og_url":"https:\/\/futbolhoy.co\/index.php\/2020\/08\/14\/la-derrota-del-barcelona-sacudio-a-los-catalanes\/","article_publisher":"https:\/\/www.facebook.com\/FutbolHoyCol\/","article_published_time":"2020-08-14T20:53:28+00:00","article_modified_time":"2020-08-15T14:21:35+00:00","og_image":[{"width":680,"height":459,"url":"https:\/\/futbolhoy.co\/wp-content\/uploads\/2020\/08\/EfaKQLrWsAEyzis.jpg","type":"image\/jpeg"}],"author":"Laura Hern\u00e1ndez","twitter_card":"summary_large_image","twitter_creator":"@FutbolHoyCol","twitter_site":"@FutbolHoyCol","twitter_misc":{"Escrito por":"Laura Hern\u00e1ndez","Tiempo de lectura":"2 minutos"},"schema":{"@context":"https:\/\/schema.org","@graph":[{"@type":"Article","@id":"https:\/\/futbolhoy.co\/index.php\/2020\/08\/14\/la-derrota-del-barcelona-sacudio-a-los-catalanes\/#article","isPartOf":{"@id":"https:\/\/futbolhoy.co\/index.php\/2020\/08\/14\/la-derrota-del-barcelona-sacudio-a-los-catalanes\/"},"author":{"name":"Laura Hern\u00e1ndez","@id":"https:\/\/futbolhoy.co\/#\/schema\/person\/c4a353a512b127643723a34bb1812f7d"},"headline":"La derrota del Barcelona sacudi\u00f3 a los catalanes","datePublished":"2020-08-14T20:53:28+00:00","dateModified":"2020-08-15T14:21:35+00:00","mainEntityOfPage":{"@id":"https:\/\/futbolhoy.co\/index.php\/2020\/08\/14\/la-derrota-del-barcelona-sacudio-a-los-catalanes\/"},"wordCount":345,"commentCount":0,"publisher":{"@id":"https:\/\/futbolhoy.co\/#organization"},"image":{"@id":"https:\/\/futbolhoy.co\/index.php\/2020\/08\/14\/la-derrota-del-barcelona-sacudio-a-los-catalanes\/#primaryimage"},"thumbnailUrl":"https:\/\/futbolhoy.co\/wp-content\/uploads\/2020\/08\/EfaKQLrWsAEyzis.jpg","articleSection":["Champions League"],"inLanguage":"es","potentialAction":[{"@type":"CommentAction","name":"Comment","target":["https:\/\/futbolhoy.co\/index.php\/2020\/08\/14\/la-derrota-del-barcelona-sacudio-a-los-catalanes\/#respond"]}]},{"@type":"WebPage","@id":"https:\/\/futbolhoy.co\/index.php\/2020\/08\/14\/la-derrota-del-barcelona-sacudio-a-los-catalanes\/","url":"https:\/\/futbolhoy.co\/index.php\/2020\/08\/14\/la-derrota-del-barcelona-sacudio-a-los-catalanes\/","name":"La derrota del Barcelona sacudi\u00f3 a los catalanes -","isPartOf":{"@id":"https:\/\/futbolhoy.co\/#website"},"primaryImageOfPage":{"@id":"https:\/\/futbolhoy.co\/index.php\/2020\/08\/14\/la-derrota-del-barcelona-sacudio-a-los-catalanes\/#primaryimage"},"image":{"@id":"https:\/\/futbolhoy.co\/index.php\/2020\/08\/14\/la-derrota-del-barcelona-sacudio-a-los-catalanes\/#primaryimage"},"thumbnailUrl":"https:\/\/futbolhoy.co\/wp-content\/uploads\/2020\/08\/EfaKQLrWsAEyzis.jpg","datePublished":"2020-08-14T20:53:28+00:00","dateModified":"2020-08-15T14:21:35+00:00","breadcrumb":{"@id":"https:\/\/futbolhoy.co\/index.php\/2020\/08\/14\/la-derrota-del-barcelona-sacudio-a-los-catalanes\/#breadcrumb"},"inLanguage":"es","potentialAction":[{"@type":"ReadAction","target":["https:\/\/futbolhoy.co\/index.php\/2020\/08\/14\/la-derrota-del-barcelona-sacudio-a-los-catalanes\/"]}]},{"@type":"ImageObject","inLanguage":"es","@id":"https:\/\/futbolhoy.co\/index.php\/2020\/08\/14\/la-derrota-del-barcelona-sacudio-a-los-catalanes\/#primaryimage","url":"https:\/\/futbolhoy.co\/wp-content\/uploads\/2020\/08\/EfaKQLrWsAEyzis.jpg","contentUrl":"https:\/\/futbolhoy.co\/wp-content\/uploads\/2020\/08\/EfaKQLrWsAEyzis.jpg","width":680,"height":459},{"@type":"BreadcrumbList","@id":"https:\/\/futbolhoy.co\/index.php\/2020\/08\/14\/la-derrota-del-barcelona-sacudio-a-los-catalanes\/#breadcrumb","itemListElement":[{"@type":"ListItem","position":1,"name":"Portada","item":"https:\/\/futbolhoy.co\/"},{"@type":"ListItem","position":2,"name":"La derrota del Barcelona sacudi\u00f3 a los catalanes"}]},{"@type":"WebSite","@id":"https:\/\/futbolhoy.co\/#website","url":"https:\/\/futbolhoy.co\/","name":"FutbolHoy","description":"","publisher":{"@id":"https:\/\/futbolhoy.co\/#organization"},"potentialAction":[{"@type":"SearchAction","target":{"@type":"EntryPoint","urlTemplate":"https:\/\/futbolhoy.co\/?s={search_term_string}"},"query-input":{"@type":"PropertyValueSpecification","valueRequired":true,"valueName":"search_term_string"}}],"inLanguage":"es"},{"@type":"Organization","@id":"https:\/\/futbolhoy.co\/#organization","name":"Futbolhoy.co","url":"https:\/\/futbolhoy.co\/","logo":{"@type":"ImageObject","inLanguage":"es","@id":"https:\/\/futbolhoy.co\/#\/schema\/logo\/image\/","url":"https:\/\/futbolhoy.co\/wp-content\/uploads\/2018\/08\/17426380_1906371736249227_6326180412931521141_n.jpg","contentUrl":"https:\/\/futbolhoy.co\/wp-content\/uploads\/2018\/08\/17426380_1906371736249227_6326180412931521141_n.jpg","width":960,"height":960,"caption":"Futbolhoy.co"},"image":{"@id":"https:\/\/futbolhoy.co\/#\/schema\/logo\/image\/"},"sameAs":["https:\/\/www.facebook.com\/FutbolHoyCol\/","https:\/\/x.com\/FutbolHoyCol","https:\/\/www.instagram.com\/futbolhoycol\/"]},{"@type":"Person","@id":"https:\/\/futbolhoy.co\/#\/schema\/person\/c4a353a512b127643723a34bb1812f7d","name":"Laura Hern\u00e1ndez","image":{"@type":"ImageObject","inLanguage":"es","@id":"https:\/\/futbolhoy.co\/#\/schema\/person\/image\/","url":"https:\/\/secure.gravatar.com\/avatar\/d25959a15b9b293a743f99181c7cfd01?s=96&d=mm&r=g","contentUrl":"https:\/\/secure.gravatar.com\/avatar\/d25959a15b9b293a743f99181c7cfd01?s=96&d=mm&r=g","caption":"Laura Hern\u00e1ndez"}}]}},"publishpress_future_action":{"enabled":false,"date":"2026-05-03 19:49:12","action":"change-status","newStatus":"draft","terms":[],"taxonomy":"category","extraData":[]},"publishpress_future_workflow_manual_trigger":{"enabledWorkflows":[]},"_links":{"self":[{"href":"https:\/\/futbolhoy.co\/index.php\/wp-json\/wp\/v2\/posts\/54560","targetHints":{"allow":["GET"]}}],"collection":[{"href":"https:\/\/futbolhoy.co\/index.php\/wp-json\/wp\/v2\/posts"}],"about":[{"href":"https:\/\/futbolhoy.co\/index.php\/wp-json\/wp\/v2\/types\/post"}],"author":[{"embeddable":true,"href":"https:\/\/futbolhoy.co\/index.php\/wp-json\/wp\/v2\/users\/5"}],"replies":[{"embeddable":true,"href":"https:\/\/futbolhoy.co\/index.php\/wp-json\/wp\/v2\/comments?post=54560"}],"version-history":[{"count":1,"href":"https:\/\/futbolhoy.co\/index.php\/wp-json\/wp\/v2\/posts\/54560\/revisions"}],"predecessor-version":[{"id":54562,"href":"https:\/\/futbolhoy.co\/index.php\/wp-json\/wp\/v2\/posts\/54560\/revisions\/54562"}],"wp:featuredmedia":[{"embeddable":true,"href":"https:\/\/futbolhoy.co\/index.php\/wp-json\/wp\/v2\/media\/54561"}],"wp:attachment":[{"href":"https:\/\/futbolhoy.co\/index.php\/wp-json\/wp\/v2\/media?parent=54560"}],"wp:term":[{"taxonomy":"category","embeddable":true,"href":"https:\/\/futbolhoy.co\/index.php\/wp-json\/wp\/v2\/categories?post=54560"},{"taxonomy":"post_tag","embeddable":true,"href":"https:\/\/futbolhoy.co\/index.php\/wp-json\/wp\/v2\/tags?post=54560"}],"curies":[{"name":"wp","href":"https:\/\/api.w.org\/{rel}","templated":true}]}}