{"id":54567,"date":"2020-08-15T08:25:14","date_gmt":"2020-08-15T13:25:14","guid":{"rendered":"https:\/\/futbolhoy.co\/?p=54567"},"modified":"2020-08-15T17:51:03","modified_gmt":"2020-08-15T22:51:03","slug":"el-futbol-peruano-retornara-la-proxima-semana","status":"publish","type":"post","link":"https:\/\/futbolhoy.co\/index.php\/2020\/08\/15\/el-futbol-peruano-retornara-la-proxima-semana\/","title":{"rendered":"El f\u00fatbol peruano retornar\u00e1 la pr\u00f3xima semana"},"content":{"rendered":"<p style=\"text-align: justify;\"><span style=\"font-family: helvetica, arial, sans-serif;\">El gobierno peruano anunci\u00f3 que la <strong>Liga<\/strong> se reanudar\u00e1 el pr\u00f3ximo martes, a pesar de un rebrote de la pandemia, despu\u00e9s de un fallido retorno hace una semana luego de 5 meses de suspensi\u00f3n.<\/span><\/p>\n<p style=\"text-align: justify;\"><span style=\"font-family: helvetica, arial, sans-serif;\">\"El <strong>Instituto Peruano del Deporte<\/strong> aprueba la propuesta presentada por la <strong>Federaci\u00f3n Peruana de F\u00fatbol (FPF)<\/strong> para el reinicio del campeonato de la<strong> Liga 1<\/strong> el martes 18 de agosto\", anunci\u00f3 la entidad gubernamental.<\/span><\/p>\n<p style=\"text-align: justify;\"><span style=\"font-family: helvetica, arial, sans-serif;\">El campeonato se retomar\u00e1, sin p\u00fablico, con los partidos pendientes de la s\u00e9ptima fecha, postergada hace una semana luego una congregaci\u00f3n de hinchas, violando las medidas sanitarias.<\/span><\/p>\n<p style=\"text-align: justify;\"><span style=\"font-family: helvetica, arial, sans-serif;\">El gobierno advirti\u00f3 a los dirigentes que si los hinchas vuelven a causar aglomeraciones, suspender\u00e1 definitivamente el torneo.<\/span><\/p>\n","protected":false},"excerpt":{"rendered":"<p>El gobierno peruano anunci\u00f3 que la Liga se reanudar\u00e1 el pr\u00f3ximo martes, a pesar de un rebrote de la pandemia, despu\u00e9s de un fallido retorno hace una semana luego de 5 meses de suspensi\u00f3n. \"El Instituto Peruano del Deporte aprueba la propuesta presentada por la Federaci\u00f3n Peruana de F\u00fatbol (FPF) para el reinicio del campeonato [&hellip;]<\/p>\n","protected":false},"author":5,"featured_media":54568,"comment_status":"open","ping_status":"open","sticky":false,"template":"","format":"standard","meta":{"_acf_changed":false,"footnotes":""},"categories":[152],"tags":[144],"class_list":{"0":"post-54567","1":"post","2":"type-post","3":"status-publish","4":"format-standard","5":"has-post-thumbnail","7":"category-mundo-futbol","8":"tag-peru"},"acf":[],"yoast_head":"<!-- This site is optimized with the Yoast SEO plugin v26.8 - https:\/\/yoast.com\/product\/yoast-seo-wordpress\/ -->\n<title>El f\u00fatbol peruano retornar\u00e1 la pr\u00f3xima semana -<\/title>\n<meta name=\"robots\" content=\"index, follow, max-snippet:-1, max-image-preview:large, max-video-preview:-1\" \/>\n<link rel=\"canonical\" href=\"https:\/\/futbolhoy.co\/index.php\/2020\/08\/15\/el-futbol-peruano-retornara-la-proxima-semana\/\" \/>\n<meta property=\"og:locale\" content=\"es_ES\" \/>\n<meta property=\"og:type\" content=\"article\" \/>\n<meta property=\"og:title\" content=\"El f\u00fatbol peruano retornar\u00e1 la pr\u00f3xima semana -\" \/>\n<meta property=\"og:description\" content=\"El gobierno peruano anunci\u00f3 que la Liga se reanudar\u00e1 el pr\u00f3ximo martes, a pesar de un rebrote de la pandemia, despu\u00e9s de un fallido retorno hace una semana luego de 5 meses de suspensi\u00f3n. &quot;El Instituto Peruano del Deporte aprueba la propuesta presentada por la Federaci\u00f3n Peruana de F\u00fatbol (FPF) para el reinicio del campeonato [&hellip;]\" \/>\n<meta property=\"og:url\" content=\"https:\/\/futbolhoy.co\/index.php\/2020\/08\/15\/el-futbol-peruano-retornara-la-proxima-semana\/\" \/>\n<meta property=\"article:publisher\" content=\"https:\/\/www.facebook.com\/FutbolHoyCol\/\" \/>\n<meta property=\"article:published_time\" content=\"2020-08-15T13:25:14+00:00\" \/>\n<meta property=\"article:modified_time\" content=\"2020-08-15T22:51:03+00:00\" \/>\n<meta property=\"og:image\" content=\"https:\/\/futbolhoy.co\/wp-content\/uploads\/2020\/08\/EfatG9CWoAEAuRj.jpg\" \/>\n\t<meta property=\"og:image:width\" content=\"2048\" \/>\n\t<meta property=\"og:image:height\" content=\"2048\" \/>\n\t<meta property=\"og:image:type\" content=\"image\/jpeg\" \/>\n<meta name=\"author\" content=\"Laura Hern\u00e1ndez\" \/>\n<meta name=\"twitter:card\" content=\"summary_large_image\" \/>\n<meta name=\"twitter:creator\" content=\"@FutbolHoyCol\" \/>\n<meta name=\"twitter:site\" content=\"@FutbolHoyCol\" \/>\n<meta name=\"twitter:label1\" content=\"Escrito por\" \/>\n\t<meta name=\"twitter:data1\" content=\"Laura Hern\u00e1ndez\" \/>\n\t<meta name=\"twitter:label2\" content=\"Tiempo de lectura\" \/>\n\t<meta name=\"twitter:data2\" content=\"1 minuto\" \/>\n<script type=\"application\/ld+json\" class=\"yoast-schema-graph\">{\"@context\":\"https:\/\/schema.org\",\"@graph\":[{\"@type\":\"Article\",\"@id\":\"https:\/\/futbolhoy.co\/index.php\/2020\/08\/15\/el-futbol-peruano-retornara-la-proxima-semana\/#article\",\"isPartOf\":{\"@id\":\"https:\/\/futbolhoy.co\/index.php\/2020\/08\/15\/el-futbol-peruano-retornara-la-proxima-semana\/\"},\"author\":{\"name\":\"Laura Hern\u00e1ndez\",\"@id\":\"https:\/\/futbolhoy.co\/#\/schema\/person\/c4a353a512b127643723a34bb1812f7d\"},\"headline\":\"El f\u00fatbol peruano retornar\u00e1 la pr\u00f3xima semana\",\"datePublished\":\"2020-08-15T13:25:14+00:00\",\"dateModified\":\"2020-08-15T22:51:03+00:00\",\"mainEntityOfPage\":{\"@id\":\"https:\/\/futbolhoy.co\/index.php\/2020\/08\/15\/el-futbol-peruano-retornara-la-proxima-semana\/\"},\"wordCount\":127,\"commentCount\":0,\"publisher\":{\"@id\":\"https:\/\/futbolhoy.co\/#organization\"},\"image\":{\"@id\":\"https:\/\/futbolhoy.co\/index.php\/2020\/08\/15\/el-futbol-peruano-retornara-la-proxima-semana\/#primaryimage\"},\"thumbnailUrl\":\"https:\/\/futbolhoy.co\/wp-content\/uploads\/2020\/08\/EfatG9CWoAEAuRj.jpg\",\"keywords\":[\"Per\u00fa\"],\"articleSection\":[\"Mundo Futbol\"],\"inLanguage\":\"es\",\"potentialAction\":[{\"@type\":\"CommentAction\",\"name\":\"Comment\",\"target\":[\"https:\/\/futbolhoy.co\/index.php\/2020\/08\/15\/el-futbol-peruano-retornara-la-proxima-semana\/#respond\"]}]},{\"@type\":\"WebPage\",\"@id\":\"https:\/\/futbolhoy.co\/index.php\/2020\/08\/15\/el-futbol-peruano-retornara-la-proxima-semana\/\",\"url\":\"https:\/\/futbolhoy.co\/index.php\/2020\/08\/15\/el-futbol-peruano-retornara-la-proxima-semana\/\",\"name\":\"El f\u00fatbol peruano retornar\u00e1 la pr\u00f3xima semana -\",\"isPartOf\":{\"@id\":\"https:\/\/futbolhoy.co\/#website\"},\"primaryImageOfPage\":{\"@id\":\"https:\/\/futbolhoy.co\/index.php\/2020\/08\/15\/el-futbol-peruano-retornara-la-proxima-semana\/#primaryimage\"},\"image\":{\"@id\":\"https:\/\/futbolhoy.co\/index.php\/2020\/08\/15\/el-futbol-peruano-retornara-la-proxima-semana\/#primaryimage\"},\"thumbnailUrl\":\"https:\/\/futbolhoy.co\/wp-content\/uploads\/2020\/08\/EfatG9CWoAEAuRj.jpg\",\"datePublished\":\"2020-08-15T13:25:14+00:00\",\"dateModified\":\"2020-08-15T22:51:03+00:00\",\"breadcrumb\":{\"@id\":\"https:\/\/futbolhoy.co\/index.php\/2020\/08\/15\/el-futbol-peruano-retornara-la-proxima-semana\/#breadcrumb\"},\"inLanguage\":\"es\",\"potentialAction\":[{\"@type\":\"ReadAction\",\"target\":[\"https:\/\/futbolhoy.co\/index.php\/2020\/08\/15\/el-futbol-peruano-retornara-la-proxima-semana\/\"]}]},{\"@type\":\"ImageObject\",\"inLanguage\":\"es\",\"@id\":\"https:\/\/futbolhoy.co\/index.php\/2020\/08\/15\/el-futbol-peruano-retornara-la-proxima-semana\/#primaryimage\",\"url\":\"https:\/\/futbolhoy.co\/wp-content\/uploads\/2020\/08\/EfatG9CWoAEAuRj.jpg\",\"contentUrl\":\"https:\/\/futbolhoy.co\/wp-content\/uploads\/2020\/08\/EfatG9CWoAEAuRj.jpg\",\"width\":2048,\"height\":2048},{\"@type\":\"BreadcrumbList\",\"@id\":\"https:\/\/futbolhoy.co\/index.php\/2020\/08\/15\/el-futbol-peruano-retornara-la-proxima-semana\/#breadcrumb\",\"itemListElement\":[{\"@type\":\"ListItem\",\"position\":1,\"name\":\"Portada\",\"item\":\"https:\/\/futbolhoy.co\/\"},{\"@type\":\"ListItem\",\"position\":2,\"name\":\"El f\u00fatbol peruano retornar\u00e1 la pr\u00f3xima semana\"}]},{\"@type\":\"WebSite\",\"@id\":\"https:\/\/futbolhoy.co\/#website\",\"url\":\"https:\/\/futbolhoy.co\/\",\"name\":\"FutbolHoy\",\"description\":\"\",\"publisher\":{\"@id\":\"https:\/\/futbolhoy.co\/#organization\"},\"potentialAction\":[{\"@type\":\"SearchAction\",\"target\":{\"@type\":\"EntryPoint\",\"urlTemplate\":\"https:\/\/futbolhoy.co\/?s={search_term_string}\"},\"query-input\":{\"@type\":\"PropertyValueSpecification\",\"valueRequired\":true,\"valueName\":\"search_term_string\"}}],\"inLanguage\":\"es\"},{\"@type\":\"Organization\",\"@id\":\"https:\/\/futbolhoy.co\/#organization\",\"name\":\"Futbolhoy.co\",\"url\":\"https:\/\/futbolhoy.co\/\",\"logo\":{\"@type\":\"ImageObject\",\"inLanguage\":\"es\",\"@id\":\"https:\/\/futbolhoy.co\/#\/schema\/logo\/image\/\",\"url\":\"https:\/\/futbolhoy.co\/wp-content\/uploads\/2018\/08\/17426380_1906371736249227_6326180412931521141_n.jpg\",\"contentUrl\":\"https:\/\/futbolhoy.co\/wp-content\/uploads\/2018\/08\/17426380_1906371736249227_6326180412931521141_n.jpg\",\"width\":960,\"height\":960,\"caption\":\"Futbolhoy.co\"},\"image\":{\"@id\":\"https:\/\/futbolhoy.co\/#\/schema\/logo\/image\/\"},\"sameAs\":[\"https:\/\/www.facebook.com\/FutbolHoyCol\/\",\"https:\/\/x.com\/FutbolHoyCol\",\"https:\/\/www.instagram.com\/futbolhoycol\/\"]},{\"@type\":\"Person\",\"@id\":\"https:\/\/futbolhoy.co\/#\/schema\/person\/c4a353a512b127643723a34bb1812f7d\",\"name\":\"Laura Hern\u00e1ndez\",\"image\":{\"@type\":\"ImageObject\",\"inLanguage\":\"es\",\"@id\":\"https:\/\/futbolhoy.co\/#\/schema\/person\/image\/\",\"url\":\"https:\/\/secure.gravatar.com\/avatar\/d25959a15b9b293a743f99181c7cfd01?s=96&d=mm&r=g\",\"contentUrl\":\"https:\/\/secure.gravatar.com\/avatar\/d25959a15b9b293a743f99181c7cfd01?s=96&d=mm&r=g\",\"caption\":\"Laura Hern\u00e1ndez\"}}]}<\/script>\n<!-- \/ Yoast SEO plugin. -->","yoast_head_json":{"title":"El f\u00fatbol peruano retornar\u00e1 la pr\u00f3xima semana -","robots":{"index":"index","follow":"follow","max-snippet":"max-snippet:-1","max-image-preview":"max-image-preview:large","max-video-preview":"max-video-preview:-1"},"canonical":"https:\/\/futbolhoy.co\/index.php\/2020\/08\/15\/el-futbol-peruano-retornara-la-proxima-semana\/","og_locale":"es_ES","og_type":"article","og_title":"El f\u00fatbol peruano retornar\u00e1 la pr\u00f3xima semana -","og_description":"El gobierno peruano anunci\u00f3 que la Liga se reanudar\u00e1 el pr\u00f3ximo martes, a pesar de un rebrote de la pandemia, despu\u00e9s de un fallido retorno hace una semana luego de 5 meses de suspensi\u00f3n. \"El Instituto Peruano del Deporte aprueba la propuesta presentada por la Federaci\u00f3n Peruana de F\u00fatbol (FPF) para el reinicio del campeonato [&hellip;]","og_url":"https:\/\/futbolhoy.co\/index.php\/2020\/08\/15\/el-futbol-peruano-retornara-la-proxima-semana\/","article_publisher":"https:\/\/www.facebook.com\/FutbolHoyCol\/","article_published_time":"2020-08-15T13:25:14+00:00","article_modified_time":"2020-08-15T22:51:03+00:00","og_image":[{"width":2048,"height":2048,"url":"https:\/\/futbolhoy.co\/wp-content\/uploads\/2020\/08\/EfatG9CWoAEAuRj.jpg","type":"image\/jpeg"}],"author":"Laura Hern\u00e1ndez","twitter_card":"summary_large_image","twitter_creator":"@FutbolHoyCol","twitter_site":"@FutbolHoyCol","twitter_misc":{"Escrito por":"Laura Hern\u00e1ndez","Tiempo de lectura":"1 minuto"},"schema":{"@context":"https:\/\/schema.org","@graph":[{"@type":"Article","@id":"https:\/\/futbolhoy.co\/index.php\/2020\/08\/15\/el-futbol-peruano-retornara-la-proxima-semana\/#article","isPartOf":{"@id":"https:\/\/futbolhoy.co\/index.php\/2020\/08\/15\/el-futbol-peruano-retornara-la-proxima-semana\/"},"author":{"name":"Laura Hern\u00e1ndez","@id":"https:\/\/futbolhoy.co\/#\/schema\/person\/c4a353a512b127643723a34bb1812f7d"},"headline":"El f\u00fatbol peruano retornar\u00e1 la pr\u00f3xima semana","datePublished":"2020-08-15T13:25:14+00:00","dateModified":"2020-08-15T22:51:03+00:00","mainEntityOfPage":{"@id":"https:\/\/futbolhoy.co\/index.php\/2020\/08\/15\/el-futbol-peruano-retornara-la-proxima-semana\/"},"wordCount":127,"commentCount":0,"publisher":{"@id":"https:\/\/futbolhoy.co\/#organization"},"image":{"@id":"https:\/\/futbolhoy.co\/index.php\/2020\/08\/15\/el-futbol-peruano-retornara-la-proxima-semana\/#primaryimage"},"thumbnailUrl":"https:\/\/futbolhoy.co\/wp-content\/uploads\/2020\/08\/EfatG9CWoAEAuRj.jpg","keywords":["Per\u00fa"],"articleSection":["Mundo Futbol"],"inLanguage":"es","potentialAction":[{"@type":"CommentAction","name":"Comment","target":["https:\/\/futbolhoy.co\/index.php\/2020\/08\/15\/el-futbol-peruano-retornara-la-proxima-semana\/#respond"]}]},{"@type":"WebPage","@id":"https:\/\/futbolhoy.co\/index.php\/2020\/08\/15\/el-futbol-peruano-retornara-la-proxima-semana\/","url":"https:\/\/futbolhoy.co\/index.php\/2020\/08\/15\/el-futbol-peruano-retornara-la-proxima-semana\/","name":"El f\u00fatbol peruano retornar\u00e1 la pr\u00f3xima semana -","isPartOf":{"@id":"https:\/\/futbolhoy.co\/#website"},"primaryImageOfPage":{"@id":"https:\/\/futbolhoy.co\/index.php\/2020\/08\/15\/el-futbol-peruano-retornara-la-proxima-semana\/#primaryimage"},"image":{"@id":"https:\/\/futbolhoy.co\/index.php\/2020\/08\/15\/el-futbol-peruano-retornara-la-proxima-semana\/#primaryimage"},"thumbnailUrl":"https:\/\/futbolhoy.co\/wp-content\/uploads\/2020\/08\/EfatG9CWoAEAuRj.jpg","datePublished":"2020-08-15T13:25:14+00:00","dateModified":"2020-08-15T22:51:03+00:00","breadcrumb":{"@id":"https:\/\/futbolhoy.co\/index.php\/2020\/08\/15\/el-futbol-peruano-retornara-la-proxima-semana\/#breadcrumb"},"inLanguage":"es","potentialAction":[{"@type":"ReadAction","target":["https:\/\/futbolhoy.co\/index.php\/2020\/08\/15\/el-futbol-peruano-retornara-la-proxima-semana\/"]}]},{"@type":"ImageObject","inLanguage":"es","@id":"https:\/\/futbolhoy.co\/index.php\/2020\/08\/15\/el-futbol-peruano-retornara-la-proxima-semana\/#primaryimage","url":"https:\/\/futbolhoy.co\/wp-content\/uploads\/2020\/08\/EfatG9CWoAEAuRj.jpg","contentUrl":"https:\/\/futbolhoy.co\/wp-content\/uploads\/2020\/08\/EfatG9CWoAEAuRj.jpg","width":2048,"height":2048},{"@type":"BreadcrumbList","@id":"https:\/\/futbolhoy.co\/index.php\/2020\/08\/15\/el-futbol-peruano-retornara-la-proxima-semana\/#breadcrumb","itemListElement":[{"@type":"ListItem","position":1,"name":"Portada","item":"https:\/\/futbolhoy.co\/"},{"@type":"ListItem","position":2,"name":"El f\u00fatbol peruano retornar\u00e1 la pr\u00f3xima semana"}]},{"@type":"WebSite","@id":"https:\/\/futbolhoy.co\/#website","url":"https:\/\/futbolhoy.co\/","name":"FutbolHoy","description":"","publisher":{"@id":"https:\/\/futbolhoy.co\/#organization"},"potentialAction":[{"@type":"SearchAction","target":{"@type":"EntryPoint","urlTemplate":"https:\/\/futbolhoy.co\/?s={search_term_string}"},"query-input":{"@type":"PropertyValueSpecification","valueRequired":true,"valueName":"search_term_string"}}],"inLanguage":"es"},{"@type":"Organization","@id":"https:\/\/futbolhoy.co\/#organization","name":"Futbolhoy.co","url":"https:\/\/futbolhoy.co\/","logo":{"@type":"ImageObject","inLanguage":"es","@id":"https:\/\/futbolhoy.co\/#\/schema\/logo\/image\/","url":"https:\/\/futbolhoy.co\/wp-content\/uploads\/2018\/08\/17426380_1906371736249227_6326180412931521141_n.jpg","contentUrl":"https:\/\/futbolhoy.co\/wp-content\/uploads\/2018\/08\/17426380_1906371736249227_6326180412931521141_n.jpg","width":960,"height":960,"caption":"Futbolhoy.co"},"image":{"@id":"https:\/\/futbolhoy.co\/#\/schema\/logo\/image\/"},"sameAs":["https:\/\/www.facebook.com\/FutbolHoyCol\/","https:\/\/x.com\/FutbolHoyCol","https:\/\/www.instagram.com\/futbolhoycol\/"]},{"@type":"Person","@id":"https:\/\/futbolhoy.co\/#\/schema\/person\/c4a353a512b127643723a34bb1812f7d","name":"Laura Hern\u00e1ndez","image":{"@type":"ImageObject","inLanguage":"es","@id":"https:\/\/futbolhoy.co\/#\/schema\/person\/image\/","url":"https:\/\/secure.gravatar.com\/avatar\/d25959a15b9b293a743f99181c7cfd01?s=96&d=mm&r=g","contentUrl":"https:\/\/secure.gravatar.com\/avatar\/d25959a15b9b293a743f99181c7cfd01?s=96&d=mm&r=g","caption":"Laura Hern\u00e1ndez"}}]}},"publishpress_future_action":{"enabled":false,"date":"2026-05-03 04:23:48","action":"change-status","newStatus":"draft","terms":[],"taxonomy":"category","extraData":[]},"publishpress_future_workflow_manual_trigger":{"enabledWorkflows":[]},"_links":{"self":[{"href":"https:\/\/futbolhoy.co\/index.php\/wp-json\/wp\/v2\/posts\/54567","targetHints":{"allow":["GET"]}}],"collection":[{"href":"https:\/\/futbolhoy.co\/index.php\/wp-json\/wp\/v2\/posts"}],"about":[{"href":"https:\/\/futbolhoy.co\/index.php\/wp-json\/wp\/v2\/types\/post"}],"author":[{"embeddable":true,"href":"https:\/\/futbolhoy.co\/index.php\/wp-json\/wp\/v2\/users\/5"}],"replies":[{"embeddable":true,"href":"https:\/\/futbolhoy.co\/index.php\/wp-json\/wp\/v2\/comments?post=54567"}],"version-history":[{"count":1,"href":"https:\/\/futbolhoy.co\/index.php\/wp-json\/wp\/v2\/posts\/54567\/revisions"}],"predecessor-version":[{"id":54569,"href":"https:\/\/futbolhoy.co\/index.php\/wp-json\/wp\/v2\/posts\/54567\/revisions\/54569"}],"wp:featuredmedia":[{"embeddable":true,"href":"https:\/\/futbolhoy.co\/index.php\/wp-json\/wp\/v2\/media\/54568"}],"wp:attachment":[{"href":"https:\/\/futbolhoy.co\/index.php\/wp-json\/wp\/v2\/media?parent=54567"}],"wp:term":[{"taxonomy":"category","embeddable":true,"href":"https:\/\/futbolhoy.co\/index.php\/wp-json\/wp\/v2\/categories?post=54567"},{"taxonomy":"post_tag","embeddable":true,"href":"https:\/\/futbolhoy.co\/index.php\/wp-json\/wp\/v2\/tags?post=54567"}],"curies":[{"name":"wp","href":"https:\/\/api.w.org\/{rel}","templated":true}]}}