{"id":54592,"date":"2020-08-16T16:10:46","date_gmt":"2020-08-16T21:10:46","guid":{"rendered":"https:\/\/futbolhoy.co\/?p=54592"},"modified":"2020-08-17T14:00:02","modified_gmt":"2020-08-17T19:00:02","slug":"messi-se-quiere-ir-ya","status":"publish","type":"post","link":"https:\/\/futbolhoy.co\/index.php\/2020\/08\/16\/messi-se-quiere-ir-ya\/","title":{"rendered":"Messi se quiere ir ya"},"content":{"rendered":"<p style=\"text-align: justify;\"><span style=\"font-family: helvetica, arial, sans-serif;\">El mundo del\u00a0<b>FC Barcelona<\/b>\u00a0se podr\u00eda sacudir a\u00fan m\u00e1s luego de la aparatosa ca\u00edda 2-8 ante el\u00a0<b>Bayern M\u00fanich<\/b>\u00a0y la eliminaci\u00f3n de la\u00a0<b>Champions<\/b>, ante la informaci\u00f3n emitida por\u00a0<i>Esporte Interativo<\/i>, que se\u00f1al\u00f3 que el capit\u00e1n del equipo<b>\u00a0Lionel Messi<\/b>, habr\u00eda manifestado a la junta directiva si deseo de salir de inmediato del club.<\/span><\/p>\n<p style=\"text-align: justify;\"><span style=\"font-family: helvetica, arial, sans-serif;\">De acuerdo con el periodista brasile\u00f1o\u00a0<b>Marcelo Bechler<\/b>, Messi ya comunic\u00f3 al club que no ve un proyecto deportivo que lo satisfaga en los 3 o 4 a\u00f1os de carrera que le quedan a un alto nivel, demostrando la frustraci\u00f3n que atraviesa ante los fracasos deportivos de la \u00faltima temporada, donde los<i>\u00a0'blaugrana'\u00a0<\/i>no alcanzaron ning\u00fan t\u00edtulo.<\/span><\/p>\n<p style=\"text-align: justify;\"><span style=\"font-family: helvetica, arial, sans-serif;\">Bechler fue el periodista que primero entreg\u00f3 la noticia de la salida de\u00a0<b>Neymar\u00a0<\/b>al\u00a0<b>PSG<\/b>.<\/span><\/p>\n<p style=\"text-align: justify;\"><span style=\"font-family: helvetica, arial, sans-serif;\">Barcelona alista una reuni\u00f3n para este lunes donde se oficializar\u00e1n las salidas del t\u00e9cnico\u00a0<b>Quique Seti\u00e9n<\/b>\u00a0y el gerente deportivo\u00a0<b>Eric Abidal<\/b>.<\/span><\/p>\n<blockquote class=\"twitter-tweet\" data-width=\"550\" data-dnt=\"true\">\n<p lang=\"pt\" dir=\"ltr\">Aten\u00e7\u00e3o para a not\u00edcia: Messi quer deixar o Barcelona. N\u00e3o em 2021. Agora. <a href=\"https:\/\/t.co\/XTcJwYIa2s\">pic.twitter.com\/XTcJwYIa2s<\/a><\/p>\n<p>&mdash; Marcelo Bechler (@marcelobechler) <a href=\"https:\/\/twitter.com\/marcelobechler\/status\/1295058777666981893?ref_src=twsrc%5Etfw\">August 16, 2020<\/a><\/p><\/blockquote>\n<p><script async src=\"https:\/\/platform.twitter.com\/widgets.js\" charset=\"utf-8\"><\/script><\/p>\n<p>&nbsp;<\/p>\n","protected":false},"excerpt":{"rendered":"<p>El mundo del\u00a0FC Barcelona\u00a0se podr\u00eda sacudir a\u00fan m\u00e1s luego de la aparatosa ca\u00edda 2-8 ante el\u00a0Bayern M\u00fanich\u00a0y la eliminaci\u00f3n de la\u00a0Champions, ante la informaci\u00f3n emitida por\u00a0Esporte Interativo, que se\u00f1al\u00f3 que el capit\u00e1n del equipo\u00a0Lionel Messi, habr\u00eda manifestado a la junta directiva si deseo de salir de inmediato del club. De acuerdo con el periodista brasile\u00f1o\u00a0Marcelo [&hellip;]<\/p>\n","protected":false},"author":5,"featured_media":54593,"comment_status":"open","ping_status":"open","sticky":false,"template":"","format":"standard","meta":{"_acf_changed":false,"footnotes":""},"categories":[152],"tags":[],"class_list":{"0":"post-54592","1":"post","2":"type-post","3":"status-publish","4":"format-standard","5":"has-post-thumbnail","7":"category-mundo-futbol"},"acf":[],"yoast_head":"<!-- This site is optimized with the Yoast SEO plugin v26.8 - https:\/\/yoast.com\/product\/yoast-seo-wordpress\/ -->\n<title>Messi se quiere ir ya -<\/title>\n<meta name=\"robots\" content=\"index, follow, max-snippet:-1, max-image-preview:large, max-video-preview:-1\" \/>\n<link rel=\"canonical\" href=\"https:\/\/futbolhoy.co\/index.php\/2020\/08\/16\/messi-se-quiere-ir-ya\/\" \/>\n<meta property=\"og:locale\" content=\"es_ES\" \/>\n<meta property=\"og:type\" content=\"article\" \/>\n<meta property=\"og:title\" content=\"Messi se quiere ir ya -\" \/>\n<meta property=\"og:description\" content=\"El mundo del\u00a0FC Barcelona\u00a0se podr\u00eda sacudir a\u00fan m\u00e1s luego de la aparatosa ca\u00edda 2-8 ante el\u00a0Bayern M\u00fanich\u00a0y la eliminaci\u00f3n de la\u00a0Champions, ante la informaci\u00f3n emitida por\u00a0Esporte Interativo, que se\u00f1al\u00f3 que el capit\u00e1n del equipo\u00a0Lionel Messi, habr\u00eda manifestado a la junta directiva si deseo de salir de inmediato del club. De acuerdo con el periodista brasile\u00f1o\u00a0Marcelo [&hellip;]\" \/>\n<meta property=\"og:url\" content=\"https:\/\/futbolhoy.co\/index.php\/2020\/08\/16\/messi-se-quiere-ir-ya\/\" \/>\n<meta property=\"article:publisher\" content=\"https:\/\/www.facebook.com\/FutbolHoyCol\/\" \/>\n<meta property=\"article:published_time\" content=\"2020-08-16T21:10:46+00:00\" \/>\n<meta property=\"article:modified_time\" content=\"2020-08-17T19:00:02+00:00\" \/>\n<meta property=\"og:image\" content=\"https:\/\/futbolhoy.co\/wp-content\/uploads\/2020\/08\/Efkc2T8XYAAMn2a.jpg\" \/>\n\t<meta property=\"og:image:width\" content=\"680\" \/>\n\t<meta property=\"og:image:height\" content=\"425\" \/>\n\t<meta property=\"og:image:type\" content=\"image\/jpeg\" \/>\n<meta name=\"author\" content=\"Laura Hern\u00e1ndez\" \/>\n<meta name=\"twitter:card\" content=\"summary_large_image\" \/>\n<meta name=\"twitter:creator\" content=\"@FutbolHoyCol\" \/>\n<meta name=\"twitter:site\" content=\"@FutbolHoyCol\" \/>\n<meta name=\"twitter:label1\" content=\"Escrito por\" \/>\n\t<meta name=\"twitter:data1\" content=\"Laura Hern\u00e1ndez\" \/>\n\t<meta name=\"twitter:label2\" content=\"Tiempo de lectura\" \/>\n\t<meta name=\"twitter:data2\" content=\"1 minuto\" \/>\n<script type=\"application\/ld+json\" class=\"yoast-schema-graph\">{\"@context\":\"https:\/\/schema.org\",\"@graph\":[{\"@type\":\"Article\",\"@id\":\"https:\/\/futbolhoy.co\/index.php\/2020\/08\/16\/messi-se-quiere-ir-ya\/#article\",\"isPartOf\":{\"@id\":\"https:\/\/futbolhoy.co\/index.php\/2020\/08\/16\/messi-se-quiere-ir-ya\/\"},\"author\":{\"name\":\"Laura Hern\u00e1ndez\",\"@id\":\"https:\/\/futbolhoy.co\/#\/schema\/person\/c4a353a512b127643723a34bb1812f7d\"},\"headline\":\"Messi se quiere ir ya\",\"datePublished\":\"2020-08-16T21:10:46+00:00\",\"dateModified\":\"2020-08-17T19:00:02+00:00\",\"mainEntityOfPage\":{\"@id\":\"https:\/\/futbolhoy.co\/index.php\/2020\/08\/16\/messi-se-quiere-ir-ya\/\"},\"wordCount\":180,\"commentCount\":0,\"publisher\":{\"@id\":\"https:\/\/futbolhoy.co\/#organization\"},\"image\":{\"@id\":\"https:\/\/futbolhoy.co\/index.php\/2020\/08\/16\/messi-se-quiere-ir-ya\/#primaryimage\"},\"thumbnailUrl\":\"https:\/\/futbolhoy.co\/wp-content\/uploads\/2020\/08\/Efkc2T8XYAAMn2a.jpg\",\"articleSection\":[\"Mundo Futbol\"],\"inLanguage\":\"es\",\"potentialAction\":[{\"@type\":\"CommentAction\",\"name\":\"Comment\",\"target\":[\"https:\/\/futbolhoy.co\/index.php\/2020\/08\/16\/messi-se-quiere-ir-ya\/#respond\"]}]},{\"@type\":\"WebPage\",\"@id\":\"https:\/\/futbolhoy.co\/index.php\/2020\/08\/16\/messi-se-quiere-ir-ya\/\",\"url\":\"https:\/\/futbolhoy.co\/index.php\/2020\/08\/16\/messi-se-quiere-ir-ya\/\",\"name\":\"Messi se quiere ir ya -\",\"isPartOf\":{\"@id\":\"https:\/\/futbolhoy.co\/#website\"},\"primaryImageOfPage\":{\"@id\":\"https:\/\/futbolhoy.co\/index.php\/2020\/08\/16\/messi-se-quiere-ir-ya\/#primaryimage\"},\"image\":{\"@id\":\"https:\/\/futbolhoy.co\/index.php\/2020\/08\/16\/messi-se-quiere-ir-ya\/#primaryimage\"},\"thumbnailUrl\":\"https:\/\/futbolhoy.co\/wp-content\/uploads\/2020\/08\/Efkc2T8XYAAMn2a.jpg\",\"datePublished\":\"2020-08-16T21:10:46+00:00\",\"dateModified\":\"2020-08-17T19:00:02+00:00\",\"breadcrumb\":{\"@id\":\"https:\/\/futbolhoy.co\/index.php\/2020\/08\/16\/messi-se-quiere-ir-ya\/#breadcrumb\"},\"inLanguage\":\"es\",\"potentialAction\":[{\"@type\":\"ReadAction\",\"target\":[\"https:\/\/futbolhoy.co\/index.php\/2020\/08\/16\/messi-se-quiere-ir-ya\/\"]}]},{\"@type\":\"ImageObject\",\"inLanguage\":\"es\",\"@id\":\"https:\/\/futbolhoy.co\/index.php\/2020\/08\/16\/messi-se-quiere-ir-ya\/#primaryimage\",\"url\":\"https:\/\/futbolhoy.co\/wp-content\/uploads\/2020\/08\/Efkc2T8XYAAMn2a.jpg\",\"contentUrl\":\"https:\/\/futbolhoy.co\/wp-content\/uploads\/2020\/08\/Efkc2T8XYAAMn2a.jpg\",\"width\":680,\"height\":425},{\"@type\":\"BreadcrumbList\",\"@id\":\"https:\/\/futbolhoy.co\/index.php\/2020\/08\/16\/messi-se-quiere-ir-ya\/#breadcrumb\",\"itemListElement\":[{\"@type\":\"ListItem\",\"position\":1,\"name\":\"Portada\",\"item\":\"https:\/\/futbolhoy.co\/\"},{\"@type\":\"ListItem\",\"position\":2,\"name\":\"Messi se quiere ir ya\"}]},{\"@type\":\"WebSite\",\"@id\":\"https:\/\/futbolhoy.co\/#website\",\"url\":\"https:\/\/futbolhoy.co\/\",\"name\":\"FutbolHoy\",\"description\":\"\",\"publisher\":{\"@id\":\"https:\/\/futbolhoy.co\/#organization\"},\"potentialAction\":[{\"@type\":\"SearchAction\",\"target\":{\"@type\":\"EntryPoint\",\"urlTemplate\":\"https:\/\/futbolhoy.co\/?s={search_term_string}\"},\"query-input\":{\"@type\":\"PropertyValueSpecification\",\"valueRequired\":true,\"valueName\":\"search_term_string\"}}],\"inLanguage\":\"es\"},{\"@type\":\"Organization\",\"@id\":\"https:\/\/futbolhoy.co\/#organization\",\"name\":\"Futbolhoy.co\",\"url\":\"https:\/\/futbolhoy.co\/\",\"logo\":{\"@type\":\"ImageObject\",\"inLanguage\":\"es\",\"@id\":\"https:\/\/futbolhoy.co\/#\/schema\/logo\/image\/\",\"url\":\"https:\/\/futbolhoy.co\/wp-content\/uploads\/2018\/08\/17426380_1906371736249227_6326180412931521141_n.jpg\",\"contentUrl\":\"https:\/\/futbolhoy.co\/wp-content\/uploads\/2018\/08\/17426380_1906371736249227_6326180412931521141_n.jpg\",\"width\":960,\"height\":960,\"caption\":\"Futbolhoy.co\"},\"image\":{\"@id\":\"https:\/\/futbolhoy.co\/#\/schema\/logo\/image\/\"},\"sameAs\":[\"https:\/\/www.facebook.com\/FutbolHoyCol\/\",\"https:\/\/x.com\/FutbolHoyCol\",\"https:\/\/www.instagram.com\/futbolhoycol\/\"]},{\"@type\":\"Person\",\"@id\":\"https:\/\/futbolhoy.co\/#\/schema\/person\/c4a353a512b127643723a34bb1812f7d\",\"name\":\"Laura Hern\u00e1ndez\",\"image\":{\"@type\":\"ImageObject\",\"inLanguage\":\"es\",\"@id\":\"https:\/\/futbolhoy.co\/#\/schema\/person\/image\/\",\"url\":\"https:\/\/secure.gravatar.com\/avatar\/d25959a15b9b293a743f99181c7cfd01?s=96&d=mm&r=g\",\"contentUrl\":\"https:\/\/secure.gravatar.com\/avatar\/d25959a15b9b293a743f99181c7cfd01?s=96&d=mm&r=g\",\"caption\":\"Laura Hern\u00e1ndez\"}}]}<\/script>\n<!-- \/ Yoast SEO plugin. -->","yoast_head_json":{"title":"Messi se quiere ir ya -","robots":{"index":"index","follow":"follow","max-snippet":"max-snippet:-1","max-image-preview":"max-image-preview:large","max-video-preview":"max-video-preview:-1"},"canonical":"https:\/\/futbolhoy.co\/index.php\/2020\/08\/16\/messi-se-quiere-ir-ya\/","og_locale":"es_ES","og_type":"article","og_title":"Messi se quiere ir ya -","og_description":"El mundo del\u00a0FC Barcelona\u00a0se podr\u00eda sacudir a\u00fan m\u00e1s luego de la aparatosa ca\u00edda 2-8 ante el\u00a0Bayern M\u00fanich\u00a0y la eliminaci\u00f3n de la\u00a0Champions, ante la informaci\u00f3n emitida por\u00a0Esporte Interativo, que se\u00f1al\u00f3 que el capit\u00e1n del equipo\u00a0Lionel Messi, habr\u00eda manifestado a la junta directiva si deseo de salir de inmediato del club. De acuerdo con el periodista brasile\u00f1o\u00a0Marcelo [&hellip;]","og_url":"https:\/\/futbolhoy.co\/index.php\/2020\/08\/16\/messi-se-quiere-ir-ya\/","article_publisher":"https:\/\/www.facebook.com\/FutbolHoyCol\/","article_published_time":"2020-08-16T21:10:46+00:00","article_modified_time":"2020-08-17T19:00:02+00:00","og_image":[{"width":680,"height":425,"url":"https:\/\/futbolhoy.co\/wp-content\/uploads\/2020\/08\/Efkc2T8XYAAMn2a.jpg","type":"image\/jpeg"}],"author":"Laura Hern\u00e1ndez","twitter_card":"summary_large_image","twitter_creator":"@FutbolHoyCol","twitter_site":"@FutbolHoyCol","twitter_misc":{"Escrito por":"Laura Hern\u00e1ndez","Tiempo de lectura":"1 minuto"},"schema":{"@context":"https:\/\/schema.org","@graph":[{"@type":"Article","@id":"https:\/\/futbolhoy.co\/index.php\/2020\/08\/16\/messi-se-quiere-ir-ya\/#article","isPartOf":{"@id":"https:\/\/futbolhoy.co\/index.php\/2020\/08\/16\/messi-se-quiere-ir-ya\/"},"author":{"name":"Laura Hern\u00e1ndez","@id":"https:\/\/futbolhoy.co\/#\/schema\/person\/c4a353a512b127643723a34bb1812f7d"},"headline":"Messi se quiere ir ya","datePublished":"2020-08-16T21:10:46+00:00","dateModified":"2020-08-17T19:00:02+00:00","mainEntityOfPage":{"@id":"https:\/\/futbolhoy.co\/index.php\/2020\/08\/16\/messi-se-quiere-ir-ya\/"},"wordCount":180,"commentCount":0,"publisher":{"@id":"https:\/\/futbolhoy.co\/#organization"},"image":{"@id":"https:\/\/futbolhoy.co\/index.php\/2020\/08\/16\/messi-se-quiere-ir-ya\/#primaryimage"},"thumbnailUrl":"https:\/\/futbolhoy.co\/wp-content\/uploads\/2020\/08\/Efkc2T8XYAAMn2a.jpg","articleSection":["Mundo Futbol"],"inLanguage":"es","potentialAction":[{"@type":"CommentAction","name":"Comment","target":["https:\/\/futbolhoy.co\/index.php\/2020\/08\/16\/messi-se-quiere-ir-ya\/#respond"]}]},{"@type":"WebPage","@id":"https:\/\/futbolhoy.co\/index.php\/2020\/08\/16\/messi-se-quiere-ir-ya\/","url":"https:\/\/futbolhoy.co\/index.php\/2020\/08\/16\/messi-se-quiere-ir-ya\/","name":"Messi se quiere ir ya -","isPartOf":{"@id":"https:\/\/futbolhoy.co\/#website"},"primaryImageOfPage":{"@id":"https:\/\/futbolhoy.co\/index.php\/2020\/08\/16\/messi-se-quiere-ir-ya\/#primaryimage"},"image":{"@id":"https:\/\/futbolhoy.co\/index.php\/2020\/08\/16\/messi-se-quiere-ir-ya\/#primaryimage"},"thumbnailUrl":"https:\/\/futbolhoy.co\/wp-content\/uploads\/2020\/08\/Efkc2T8XYAAMn2a.jpg","datePublished":"2020-08-16T21:10:46+00:00","dateModified":"2020-08-17T19:00:02+00:00","breadcrumb":{"@id":"https:\/\/futbolhoy.co\/index.php\/2020\/08\/16\/messi-se-quiere-ir-ya\/#breadcrumb"},"inLanguage":"es","potentialAction":[{"@type":"ReadAction","target":["https:\/\/futbolhoy.co\/index.php\/2020\/08\/16\/messi-se-quiere-ir-ya\/"]}]},{"@type":"ImageObject","inLanguage":"es","@id":"https:\/\/futbolhoy.co\/index.php\/2020\/08\/16\/messi-se-quiere-ir-ya\/#primaryimage","url":"https:\/\/futbolhoy.co\/wp-content\/uploads\/2020\/08\/Efkc2T8XYAAMn2a.jpg","contentUrl":"https:\/\/futbolhoy.co\/wp-content\/uploads\/2020\/08\/Efkc2T8XYAAMn2a.jpg","width":680,"height":425},{"@type":"BreadcrumbList","@id":"https:\/\/futbolhoy.co\/index.php\/2020\/08\/16\/messi-se-quiere-ir-ya\/#breadcrumb","itemListElement":[{"@type":"ListItem","position":1,"name":"Portada","item":"https:\/\/futbolhoy.co\/"},{"@type":"ListItem","position":2,"name":"Messi se quiere ir ya"}]},{"@type":"WebSite","@id":"https:\/\/futbolhoy.co\/#website","url":"https:\/\/futbolhoy.co\/","name":"FutbolHoy","description":"","publisher":{"@id":"https:\/\/futbolhoy.co\/#organization"},"potentialAction":[{"@type":"SearchAction","target":{"@type":"EntryPoint","urlTemplate":"https:\/\/futbolhoy.co\/?s={search_term_string}"},"query-input":{"@type":"PropertyValueSpecification","valueRequired":true,"valueName":"search_term_string"}}],"inLanguage":"es"},{"@type":"Organization","@id":"https:\/\/futbolhoy.co\/#organization","name":"Futbolhoy.co","url":"https:\/\/futbolhoy.co\/","logo":{"@type":"ImageObject","inLanguage":"es","@id":"https:\/\/futbolhoy.co\/#\/schema\/logo\/image\/","url":"https:\/\/futbolhoy.co\/wp-content\/uploads\/2018\/08\/17426380_1906371736249227_6326180412931521141_n.jpg","contentUrl":"https:\/\/futbolhoy.co\/wp-content\/uploads\/2018\/08\/17426380_1906371736249227_6326180412931521141_n.jpg","width":960,"height":960,"caption":"Futbolhoy.co"},"image":{"@id":"https:\/\/futbolhoy.co\/#\/schema\/logo\/image\/"},"sameAs":["https:\/\/www.facebook.com\/FutbolHoyCol\/","https:\/\/x.com\/FutbolHoyCol","https:\/\/www.instagram.com\/futbolhoycol\/"]},{"@type":"Person","@id":"https:\/\/futbolhoy.co\/#\/schema\/person\/c4a353a512b127643723a34bb1812f7d","name":"Laura Hern\u00e1ndez","image":{"@type":"ImageObject","inLanguage":"es","@id":"https:\/\/futbolhoy.co\/#\/schema\/person\/image\/","url":"https:\/\/secure.gravatar.com\/avatar\/d25959a15b9b293a743f99181c7cfd01?s=96&d=mm&r=g","contentUrl":"https:\/\/secure.gravatar.com\/avatar\/d25959a15b9b293a743f99181c7cfd01?s=96&d=mm&r=g","caption":"Laura Hern\u00e1ndez"}}]}},"publishpress_future_action":{"enabled":false,"date":"2026-05-03 13:07:57","action":"change-status","newStatus":"draft","terms":[],"taxonomy":"category","extraData":[]},"publishpress_future_workflow_manual_trigger":{"enabledWorkflows":[]},"_links":{"self":[{"href":"https:\/\/futbolhoy.co\/index.php\/wp-json\/wp\/v2\/posts\/54592","targetHints":{"allow":["GET"]}}],"collection":[{"href":"https:\/\/futbolhoy.co\/index.php\/wp-json\/wp\/v2\/posts"}],"about":[{"href":"https:\/\/futbolhoy.co\/index.php\/wp-json\/wp\/v2\/types\/post"}],"author":[{"embeddable":true,"href":"https:\/\/futbolhoy.co\/index.php\/wp-json\/wp\/v2\/users\/5"}],"replies":[{"embeddable":true,"href":"https:\/\/futbolhoy.co\/index.php\/wp-json\/wp\/v2\/comments?post=54592"}],"version-history":[{"count":3,"href":"https:\/\/futbolhoy.co\/index.php\/wp-json\/wp\/v2\/posts\/54592\/revisions"}],"predecessor-version":[{"id":54596,"href":"https:\/\/futbolhoy.co\/index.php\/wp-json\/wp\/v2\/posts\/54592\/revisions\/54596"}],"wp:featuredmedia":[{"embeddable":true,"href":"https:\/\/futbolhoy.co\/index.php\/wp-json\/wp\/v2\/media\/54593"}],"wp:attachment":[{"href":"https:\/\/futbolhoy.co\/index.php\/wp-json\/wp\/v2\/media?parent=54592"}],"wp:term":[{"taxonomy":"category","embeddable":true,"href":"https:\/\/futbolhoy.co\/index.php\/wp-json\/wp\/v2\/categories?post=54592"},{"taxonomy":"post_tag","embeddable":true,"href":"https:\/\/futbolhoy.co\/index.php\/wp-json\/wp\/v2\/tags?post=54592"}],"curies":[{"name":"wp","href":"https:\/\/api.w.org\/{rel}","templated":true}]}}