{"id":54606,"date":"2020-08-17T08:00:39","date_gmt":"2020-08-17T13:00:39","guid":{"rendered":"https:\/\/futbolhoy.co\/?p=54606"},"modified":"2020-08-17T17:47:10","modified_gmt":"2020-08-17T22:47:10","slug":"cavani-cerca-del-futbol-portugues","status":"publish","type":"post","link":"https:\/\/futbolhoy.co\/index.php\/2020\/08\/17\/cavani-cerca-del-futbol-portugues\/","title":{"rendered":"Cavani, cerca del f\u00fatbol portugu\u00e9s"},"content":{"rendered":"<p style=\"text-align: justify;\"><span style=\"font-family: helvetica, arial, sans-serif;\">El delantero uruguayo <strong>Edinson Cavani<\/strong> parti\u00f3 a <strong>Europa<\/strong> y todo parece indicar, seg\u00fan medios de su pa\u00eds, que su destino ser\u00e1 el <strong>Benfica<\/strong> de <strong>Portugal.<\/strong><\/span><\/p>\n<p style=\"text-align: justify;\"><span style=\"font-family: helvetica, arial, sans-serif;\"><strong>Christian Gonz\u00e1lez<\/strong>, su preparador f\u00edsico durante los meses que Cavani permaneci\u00f3 en <strong>Salto,<\/strong> su ciudad natal, escribi\u00f3 en <strong>Instagram:<\/strong> \u201cMuchos \u00e9xitos, buen viaje, gracias por la oportunidad y la confianza. Una Experiencia \u00fanica, a seguir brillando 'Matador\u201d.<\/span><\/p>\n<p style=\"text-align: justify;\"><span style=\"font-family: helvetica, arial, sans-serif;\">Cavani, que no renov\u00f3 con el <strong>Par\u00eds Saint Germain,<\/strong> cerrar\u00eda este lunes su paso al equipo luso, adelantaron varios medios de ese pa\u00eds.<\/span><\/p>\n","protected":false},"excerpt":{"rendered":"<p>El delantero uruguayo Edinson Cavani parti\u00f3 a Europa y todo parece indicar, seg\u00fan medios de su pa\u00eds, que su destino ser\u00e1 el Benfica de Portugal. Christian Gonz\u00e1lez, su preparador f\u00edsico durante los meses que Cavani permaneci\u00f3 en Salto, su ciudad natal, escribi\u00f3 en Instagram: \u201cMuchos \u00e9xitos, buen viaje, gracias por la oportunidad y la confianza. [&hellip;]<\/p>\n","protected":false},"author":5,"featured_media":21217,"comment_status":"open","ping_status":"open","sticky":false,"template":"","format":"standard","meta":{"_acf_changed":false,"footnotes":""},"categories":[152],"tags":[1914,236],"class_list":{"0":"post-54606","1":"post","2":"type-post","3":"status-publish","4":"format-standard","5":"has-post-thumbnail","7":"category-mundo-futbol","8":"tag-benfica","9":"tag-edinson-cavani"},"acf":[],"yoast_head":"<!-- This site is optimized with the Yoast SEO plugin v26.8 - https:\/\/yoast.com\/product\/yoast-seo-wordpress\/ -->\n<title>Cavani, cerca del f\u00fatbol portugu\u00e9s -<\/title>\n<meta name=\"robots\" content=\"index, follow, max-snippet:-1, max-image-preview:large, max-video-preview:-1\" \/>\n<link rel=\"canonical\" href=\"https:\/\/futbolhoy.co\/index.php\/2020\/08\/17\/cavani-cerca-del-futbol-portugues\/\" \/>\n<meta property=\"og:locale\" content=\"es_ES\" \/>\n<meta property=\"og:type\" content=\"article\" \/>\n<meta property=\"og:title\" content=\"Cavani, cerca del f\u00fatbol portugu\u00e9s -\" \/>\n<meta property=\"og:description\" content=\"El delantero uruguayo Edinson Cavani parti\u00f3 a Europa y todo parece indicar, seg\u00fan medios de su pa\u00eds, que su destino ser\u00e1 el Benfica de Portugal. Christian Gonz\u00e1lez, su preparador f\u00edsico durante los meses que Cavani permaneci\u00f3 en Salto, su ciudad natal, escribi\u00f3 en Instagram: \u201cMuchos \u00e9xitos, buen viaje, gracias por la oportunidad y la confianza. [&hellip;]\" \/>\n<meta property=\"og:url\" content=\"https:\/\/futbolhoy.co\/index.php\/2020\/08\/17\/cavani-cerca-del-futbol-portugues\/\" \/>\n<meta property=\"article:publisher\" content=\"https:\/\/www.facebook.com\/FutbolHoyCol\/\" \/>\n<meta property=\"article:published_time\" content=\"2020-08-17T13:00:39+00:00\" \/>\n<meta property=\"article:modified_time\" content=\"2020-08-17T22:47:10+00:00\" \/>\n<meta property=\"og:image\" content=\"https:\/\/futbolhoy.co\/wp-content\/uploads\/2018\/06\/cavani.jpg\" \/>\n\t<meta property=\"og:image:width\" content=\"1200\" \/>\n\t<meta property=\"og:image:height\" content=\"628\" \/>\n\t<meta property=\"og:image:type\" content=\"image\/jpeg\" \/>\n<meta name=\"author\" content=\"Laura Hern\u00e1ndez\" \/>\n<meta name=\"twitter:card\" content=\"summary_large_image\" \/>\n<meta name=\"twitter:creator\" content=\"@FutbolHoyCol\" \/>\n<meta name=\"twitter:site\" content=\"@FutbolHoyCol\" \/>\n<meta name=\"twitter:label1\" content=\"Escrito por\" \/>\n\t<meta name=\"twitter:data1\" content=\"Laura Hern\u00e1ndez\" \/>\n<script type=\"application\/ld+json\" class=\"yoast-schema-graph\">{\"@context\":\"https:\/\/schema.org\",\"@graph\":[{\"@type\":\"Article\",\"@id\":\"https:\/\/futbolhoy.co\/index.php\/2020\/08\/17\/cavani-cerca-del-futbol-portugues\/#article\",\"isPartOf\":{\"@id\":\"https:\/\/futbolhoy.co\/index.php\/2020\/08\/17\/cavani-cerca-del-futbol-portugues\/\"},\"author\":{\"name\":\"Laura Hern\u00e1ndez\",\"@id\":\"https:\/\/futbolhoy.co\/#\/schema\/person\/c4a353a512b127643723a34bb1812f7d\"},\"headline\":\"Cavani, cerca del f\u00fatbol portugu\u00e9s\",\"datePublished\":\"2020-08-17T13:00:39+00:00\",\"dateModified\":\"2020-08-17T22:47:10+00:00\",\"mainEntityOfPage\":{\"@id\":\"https:\/\/futbolhoy.co\/index.php\/2020\/08\/17\/cavani-cerca-del-futbol-portugues\/\"},\"wordCount\":99,\"commentCount\":0,\"publisher\":{\"@id\":\"https:\/\/futbolhoy.co\/#organization\"},\"image\":{\"@id\":\"https:\/\/futbolhoy.co\/index.php\/2020\/08\/17\/cavani-cerca-del-futbol-portugues\/#primaryimage\"},\"thumbnailUrl\":\"https:\/\/futbolhoy.co\/wp-content\/uploads\/2018\/06\/cavani.jpg\",\"keywords\":[\"Benfica\",\"Edinson Cavani\"],\"articleSection\":[\"Mundo Futbol\"],\"inLanguage\":\"es\",\"potentialAction\":[{\"@type\":\"CommentAction\",\"name\":\"Comment\",\"target\":[\"https:\/\/futbolhoy.co\/index.php\/2020\/08\/17\/cavani-cerca-del-futbol-portugues\/#respond\"]}]},{\"@type\":\"WebPage\",\"@id\":\"https:\/\/futbolhoy.co\/index.php\/2020\/08\/17\/cavani-cerca-del-futbol-portugues\/\",\"url\":\"https:\/\/futbolhoy.co\/index.php\/2020\/08\/17\/cavani-cerca-del-futbol-portugues\/\",\"name\":\"Cavani, cerca del f\u00fatbol portugu\u00e9s -\",\"isPartOf\":{\"@id\":\"https:\/\/futbolhoy.co\/#website\"},\"primaryImageOfPage\":{\"@id\":\"https:\/\/futbolhoy.co\/index.php\/2020\/08\/17\/cavani-cerca-del-futbol-portugues\/#primaryimage\"},\"image\":{\"@id\":\"https:\/\/futbolhoy.co\/index.php\/2020\/08\/17\/cavani-cerca-del-futbol-portugues\/#primaryimage\"},\"thumbnailUrl\":\"https:\/\/futbolhoy.co\/wp-content\/uploads\/2018\/06\/cavani.jpg\",\"datePublished\":\"2020-08-17T13:00:39+00:00\",\"dateModified\":\"2020-08-17T22:47:10+00:00\",\"breadcrumb\":{\"@id\":\"https:\/\/futbolhoy.co\/index.php\/2020\/08\/17\/cavani-cerca-del-futbol-portugues\/#breadcrumb\"},\"inLanguage\":\"es\",\"potentialAction\":[{\"@type\":\"ReadAction\",\"target\":[\"https:\/\/futbolhoy.co\/index.php\/2020\/08\/17\/cavani-cerca-del-futbol-portugues\/\"]}]},{\"@type\":\"ImageObject\",\"inLanguage\":\"es\",\"@id\":\"https:\/\/futbolhoy.co\/index.php\/2020\/08\/17\/cavani-cerca-del-futbol-portugues\/#primaryimage\",\"url\":\"https:\/\/futbolhoy.co\/wp-content\/uploads\/2018\/06\/cavani.jpg\",\"contentUrl\":\"https:\/\/futbolhoy.co\/wp-content\/uploads\/2018\/06\/cavani.jpg\",\"width\":1200,\"height\":628,\"caption\":\"Twitter @fifaworldcup_Es\"},{\"@type\":\"BreadcrumbList\",\"@id\":\"https:\/\/futbolhoy.co\/index.php\/2020\/08\/17\/cavani-cerca-del-futbol-portugues\/#breadcrumb\",\"itemListElement\":[{\"@type\":\"ListItem\",\"position\":1,\"name\":\"Portada\",\"item\":\"https:\/\/futbolhoy.co\/\"},{\"@type\":\"ListItem\",\"position\":2,\"name\":\"Cavani, cerca del f\u00fatbol portugu\u00e9s\"}]},{\"@type\":\"WebSite\",\"@id\":\"https:\/\/futbolhoy.co\/#website\",\"url\":\"https:\/\/futbolhoy.co\/\",\"name\":\"FutbolHoy\",\"description\":\"\",\"publisher\":{\"@id\":\"https:\/\/futbolhoy.co\/#organization\"},\"potentialAction\":[{\"@type\":\"SearchAction\",\"target\":{\"@type\":\"EntryPoint\",\"urlTemplate\":\"https:\/\/futbolhoy.co\/?s={search_term_string}\"},\"query-input\":{\"@type\":\"PropertyValueSpecification\",\"valueRequired\":true,\"valueName\":\"search_term_string\"}}],\"inLanguage\":\"es\"},{\"@type\":\"Organization\",\"@id\":\"https:\/\/futbolhoy.co\/#organization\",\"name\":\"Futbolhoy.co\",\"url\":\"https:\/\/futbolhoy.co\/\",\"logo\":{\"@type\":\"ImageObject\",\"inLanguage\":\"es\",\"@id\":\"https:\/\/futbolhoy.co\/#\/schema\/logo\/image\/\",\"url\":\"https:\/\/futbolhoy.co\/wp-content\/uploads\/2018\/08\/17426380_1906371736249227_6326180412931521141_n.jpg\",\"contentUrl\":\"https:\/\/futbolhoy.co\/wp-content\/uploads\/2018\/08\/17426380_1906371736249227_6326180412931521141_n.jpg\",\"width\":960,\"height\":960,\"caption\":\"Futbolhoy.co\"},\"image\":{\"@id\":\"https:\/\/futbolhoy.co\/#\/schema\/logo\/image\/\"},\"sameAs\":[\"https:\/\/www.facebook.com\/FutbolHoyCol\/\",\"https:\/\/x.com\/FutbolHoyCol\",\"https:\/\/www.instagram.com\/futbolhoycol\/\"]},{\"@type\":\"Person\",\"@id\":\"https:\/\/futbolhoy.co\/#\/schema\/person\/c4a353a512b127643723a34bb1812f7d\",\"name\":\"Laura Hern\u00e1ndez\",\"image\":{\"@type\":\"ImageObject\",\"inLanguage\":\"es\",\"@id\":\"https:\/\/futbolhoy.co\/#\/schema\/person\/image\/\",\"url\":\"https:\/\/secure.gravatar.com\/avatar\/d25959a15b9b293a743f99181c7cfd01?s=96&d=mm&r=g\",\"contentUrl\":\"https:\/\/secure.gravatar.com\/avatar\/d25959a15b9b293a743f99181c7cfd01?s=96&d=mm&r=g\",\"caption\":\"Laura Hern\u00e1ndez\"}}]}<\/script>\n<!-- \/ Yoast SEO plugin. -->","yoast_head_json":{"title":"Cavani, cerca del f\u00fatbol portugu\u00e9s -","robots":{"index":"index","follow":"follow","max-snippet":"max-snippet:-1","max-image-preview":"max-image-preview:large","max-video-preview":"max-video-preview:-1"},"canonical":"https:\/\/futbolhoy.co\/index.php\/2020\/08\/17\/cavani-cerca-del-futbol-portugues\/","og_locale":"es_ES","og_type":"article","og_title":"Cavani, cerca del f\u00fatbol portugu\u00e9s -","og_description":"El delantero uruguayo Edinson Cavani parti\u00f3 a Europa y todo parece indicar, seg\u00fan medios de su pa\u00eds, que su destino ser\u00e1 el Benfica de Portugal. Christian Gonz\u00e1lez, su preparador f\u00edsico durante los meses que Cavani permaneci\u00f3 en Salto, su ciudad natal, escribi\u00f3 en Instagram: \u201cMuchos \u00e9xitos, buen viaje, gracias por la oportunidad y la confianza. [&hellip;]","og_url":"https:\/\/futbolhoy.co\/index.php\/2020\/08\/17\/cavani-cerca-del-futbol-portugues\/","article_publisher":"https:\/\/www.facebook.com\/FutbolHoyCol\/","article_published_time":"2020-08-17T13:00:39+00:00","article_modified_time":"2020-08-17T22:47:10+00:00","og_image":[{"width":1200,"height":628,"url":"https:\/\/futbolhoy.co\/wp-content\/uploads\/2018\/06\/cavani.jpg","type":"image\/jpeg"}],"author":"Laura Hern\u00e1ndez","twitter_card":"summary_large_image","twitter_creator":"@FutbolHoyCol","twitter_site":"@FutbolHoyCol","twitter_misc":{"Escrito por":"Laura Hern\u00e1ndez"},"schema":{"@context":"https:\/\/schema.org","@graph":[{"@type":"Article","@id":"https:\/\/futbolhoy.co\/index.php\/2020\/08\/17\/cavani-cerca-del-futbol-portugues\/#article","isPartOf":{"@id":"https:\/\/futbolhoy.co\/index.php\/2020\/08\/17\/cavani-cerca-del-futbol-portugues\/"},"author":{"name":"Laura Hern\u00e1ndez","@id":"https:\/\/futbolhoy.co\/#\/schema\/person\/c4a353a512b127643723a34bb1812f7d"},"headline":"Cavani, cerca del f\u00fatbol portugu\u00e9s","datePublished":"2020-08-17T13:00:39+00:00","dateModified":"2020-08-17T22:47:10+00:00","mainEntityOfPage":{"@id":"https:\/\/futbolhoy.co\/index.php\/2020\/08\/17\/cavani-cerca-del-futbol-portugues\/"},"wordCount":99,"commentCount":0,"publisher":{"@id":"https:\/\/futbolhoy.co\/#organization"},"image":{"@id":"https:\/\/futbolhoy.co\/index.php\/2020\/08\/17\/cavani-cerca-del-futbol-portugues\/#primaryimage"},"thumbnailUrl":"https:\/\/futbolhoy.co\/wp-content\/uploads\/2018\/06\/cavani.jpg","keywords":["Benfica","Edinson Cavani"],"articleSection":["Mundo Futbol"],"inLanguage":"es","potentialAction":[{"@type":"CommentAction","name":"Comment","target":["https:\/\/futbolhoy.co\/index.php\/2020\/08\/17\/cavani-cerca-del-futbol-portugues\/#respond"]}]},{"@type":"WebPage","@id":"https:\/\/futbolhoy.co\/index.php\/2020\/08\/17\/cavani-cerca-del-futbol-portugues\/","url":"https:\/\/futbolhoy.co\/index.php\/2020\/08\/17\/cavani-cerca-del-futbol-portugues\/","name":"Cavani, cerca del f\u00fatbol portugu\u00e9s -","isPartOf":{"@id":"https:\/\/futbolhoy.co\/#website"},"primaryImageOfPage":{"@id":"https:\/\/futbolhoy.co\/index.php\/2020\/08\/17\/cavani-cerca-del-futbol-portugues\/#primaryimage"},"image":{"@id":"https:\/\/futbolhoy.co\/index.php\/2020\/08\/17\/cavani-cerca-del-futbol-portugues\/#primaryimage"},"thumbnailUrl":"https:\/\/futbolhoy.co\/wp-content\/uploads\/2018\/06\/cavani.jpg","datePublished":"2020-08-17T13:00:39+00:00","dateModified":"2020-08-17T22:47:10+00:00","breadcrumb":{"@id":"https:\/\/futbolhoy.co\/index.php\/2020\/08\/17\/cavani-cerca-del-futbol-portugues\/#breadcrumb"},"inLanguage":"es","potentialAction":[{"@type":"ReadAction","target":["https:\/\/futbolhoy.co\/index.php\/2020\/08\/17\/cavani-cerca-del-futbol-portugues\/"]}]},{"@type":"ImageObject","inLanguage":"es","@id":"https:\/\/futbolhoy.co\/index.php\/2020\/08\/17\/cavani-cerca-del-futbol-portugues\/#primaryimage","url":"https:\/\/futbolhoy.co\/wp-content\/uploads\/2018\/06\/cavani.jpg","contentUrl":"https:\/\/futbolhoy.co\/wp-content\/uploads\/2018\/06\/cavani.jpg","width":1200,"height":628,"caption":"Twitter @fifaworldcup_Es"},{"@type":"BreadcrumbList","@id":"https:\/\/futbolhoy.co\/index.php\/2020\/08\/17\/cavani-cerca-del-futbol-portugues\/#breadcrumb","itemListElement":[{"@type":"ListItem","position":1,"name":"Portada","item":"https:\/\/futbolhoy.co\/"},{"@type":"ListItem","position":2,"name":"Cavani, cerca del f\u00fatbol portugu\u00e9s"}]},{"@type":"WebSite","@id":"https:\/\/futbolhoy.co\/#website","url":"https:\/\/futbolhoy.co\/","name":"FutbolHoy","description":"","publisher":{"@id":"https:\/\/futbolhoy.co\/#organization"},"potentialAction":[{"@type":"SearchAction","target":{"@type":"EntryPoint","urlTemplate":"https:\/\/futbolhoy.co\/?s={search_term_string}"},"query-input":{"@type":"PropertyValueSpecification","valueRequired":true,"valueName":"search_term_string"}}],"inLanguage":"es"},{"@type":"Organization","@id":"https:\/\/futbolhoy.co\/#organization","name":"Futbolhoy.co","url":"https:\/\/futbolhoy.co\/","logo":{"@type":"ImageObject","inLanguage":"es","@id":"https:\/\/futbolhoy.co\/#\/schema\/logo\/image\/","url":"https:\/\/futbolhoy.co\/wp-content\/uploads\/2018\/08\/17426380_1906371736249227_6326180412931521141_n.jpg","contentUrl":"https:\/\/futbolhoy.co\/wp-content\/uploads\/2018\/08\/17426380_1906371736249227_6326180412931521141_n.jpg","width":960,"height":960,"caption":"Futbolhoy.co"},"image":{"@id":"https:\/\/futbolhoy.co\/#\/schema\/logo\/image\/"},"sameAs":["https:\/\/www.facebook.com\/FutbolHoyCol\/","https:\/\/x.com\/FutbolHoyCol","https:\/\/www.instagram.com\/futbolhoycol\/"]},{"@type":"Person","@id":"https:\/\/futbolhoy.co\/#\/schema\/person\/c4a353a512b127643723a34bb1812f7d","name":"Laura Hern\u00e1ndez","image":{"@type":"ImageObject","inLanguage":"es","@id":"https:\/\/futbolhoy.co\/#\/schema\/person\/image\/","url":"https:\/\/secure.gravatar.com\/avatar\/d25959a15b9b293a743f99181c7cfd01?s=96&d=mm&r=g","contentUrl":"https:\/\/secure.gravatar.com\/avatar\/d25959a15b9b293a743f99181c7cfd01?s=96&d=mm&r=g","caption":"Laura Hern\u00e1ndez"}}]}},"publishpress_future_action":{"enabled":false,"date":"2026-05-03 10:27:39","action":"change-status","newStatus":"draft","terms":[],"taxonomy":"category","extraData":[]},"publishpress_future_workflow_manual_trigger":{"enabledWorkflows":[]},"_links":{"self":[{"href":"https:\/\/futbolhoy.co\/index.php\/wp-json\/wp\/v2\/posts\/54606","targetHints":{"allow":["GET"]}}],"collection":[{"href":"https:\/\/futbolhoy.co\/index.php\/wp-json\/wp\/v2\/posts"}],"about":[{"href":"https:\/\/futbolhoy.co\/index.php\/wp-json\/wp\/v2\/types\/post"}],"author":[{"embeddable":true,"href":"https:\/\/futbolhoy.co\/index.php\/wp-json\/wp\/v2\/users\/5"}],"replies":[{"embeddable":true,"href":"https:\/\/futbolhoy.co\/index.php\/wp-json\/wp\/v2\/comments?post=54606"}],"version-history":[{"count":1,"href":"https:\/\/futbolhoy.co\/index.php\/wp-json\/wp\/v2\/posts\/54606\/revisions"}],"predecessor-version":[{"id":54608,"href":"https:\/\/futbolhoy.co\/index.php\/wp-json\/wp\/v2\/posts\/54606\/revisions\/54608"}],"wp:featuredmedia":[{"embeddable":true,"href":"https:\/\/futbolhoy.co\/index.php\/wp-json\/wp\/v2\/media\/21217"}],"wp:attachment":[{"href":"https:\/\/futbolhoy.co\/index.php\/wp-json\/wp\/v2\/media?parent=54606"}],"wp:term":[{"taxonomy":"category","embeddable":true,"href":"https:\/\/futbolhoy.co\/index.php\/wp-json\/wp\/v2\/categories?post=54606"},{"taxonomy":"post_tag","embeddable":true,"href":"https:\/\/futbolhoy.co\/index.php\/wp-json\/wp\/v2\/tags?post=54606"}],"curies":[{"name":"wp","href":"https:\/\/api.w.org\/{rel}","templated":true}]}}