{"id":54736,"date":"2020-08-20T15:37:52","date_gmt":"2020-08-20T20:37:52","guid":{"rendered":"https:\/\/futbolhoy.co\/?p=54736"},"modified":"2020-08-22T08:28:27","modified_gmt":"2020-08-22T13:28:27","slug":"el-futuro-de-messi-centro-de-especulaciones","status":"publish","type":"post","link":"https:\/\/futbolhoy.co\/index.php\/2020\/08\/20\/el-futuro-de-messi-centro-de-especulaciones\/","title":{"rendered":"El futuro de Messi, centro de especulaciones"},"content":{"rendered":"<p style=\"text-align: justify;\"><span style=\"font-family: helvetica, arial, sans-serif;\">El delantero y capit\u00e1n del\u00a0<b>Barcelona<\/b>,\u00a0<b>Lionel Messi<\/b>, le habr\u00eda comunicado al nuevo entrenador, el holand\u00e9s\u00a0<b>Ronald Koeman<\/b>, que se ve m\u00e1s fuera que dentro del club la pr\u00f3xima temporada.<\/span><\/p>\n<p style=\"text-align: justify;\"><span style=\"font-family: helvetica, arial, sans-serif;\">Seg\u00fan la emisora catalana\u00a0<i>RAC1<\/i>, Messi interrumpi\u00f3 sus vacaciones para tratar con Koeman su continuidad y reconocerle que, no tiene claro su futuro y que se ve \u00abm\u00e1s fuera que dentro del Bar\u00e7a en el proyecto que se avecina\u201d.<\/span><\/p>\n<p style=\"text-align: justify;\"><span style=\"font-family: helvetica, arial, sans-serif;\">Leo tambi\u00e9n habr\u00eda manifestado al t\u00e9cnico que es consciente de las dificultades que tendr\u00e1 para dejar el club \u2018blaugrana\u2019 este verano, ya que tiene un a\u00f1o m\u00e1s de contrato y su cl\u00e1usula de rescisi\u00f3n asciende a los 700 millones de euros.<\/span><\/p>\n<p style=\"text-align: justify;\"><span style=\"font-family: helvetica, arial, sans-serif;\">Otros medios de prensa en la ciudad Condal aseguran que el jugador quiere esperar a conocer a profundidad el &#8216;proyecto Koeman&#8217;, aunque si le dio a conocer su ruptura con la directiva actual.<\/span><\/p>\n<p style=\"text-align: justify;\"><span style=\"font-family: helvetica, arial, sans-serif;\"><b>Inter de Mil\u00e1n<\/b>,\u00a0<b>M\u00e1nchester City<\/b>\u00a0e incluso el\u00a0<b>PSG<\/b>\u00a0est\u00e1n a la expectativa de la decisi\u00f3n del jugador para adelantar alg\u00fan tipo de negociaci\u00f3n.<\/span><\/p>\n","protected":false},"excerpt":{"rendered":"<p>El delantero y capit\u00e1n del\u00a0Barcelona,\u00a0Lionel Messi, le habr\u00eda comunicado al nuevo entrenador, el holand\u00e9s\u00a0Ronald Koeman, que se ve m\u00e1s fuera que dentro del club la pr\u00f3xima temporada. Seg\u00fan la emisora catalana\u00a0RAC1, Messi interrumpi\u00f3 sus vacaciones para tratar con Koeman su continuidad y reconocerle que, no tiene claro su futuro y que se ve \u00abm\u00e1s fuera [&hellip;]<\/p>\n","protected":false},"author":5,"featured_media":54737,"comment_status":"open","ping_status":"closed","sticky":false,"template":"","format":"standard","meta":{"_acf_changed":false,"footnotes":""},"categories":[152],"tags":[],"class_list":{"0":"post-54736","1":"post","2":"type-post","3":"status-publish","4":"format-standard","5":"has-post-thumbnail","7":"category-mundo-futbol"},"acf":[],"_links":{"self":[{"href":"https:\/\/futbolhoy.co\/index.php\/wp-json\/wp\/v2\/posts\/54736","targetHints":{"allow":["GET"]}}],"collection":[{"href":"https:\/\/futbolhoy.co\/index.php\/wp-json\/wp\/v2\/posts"}],"about":[{"href":"https:\/\/futbolhoy.co\/index.php\/wp-json\/wp\/v2\/types\/post"}],"author":[{"embeddable":true,"href":"https:\/\/futbolhoy.co\/index.php\/wp-json\/wp\/v2\/users\/5"}],"replies":[{"embeddable":true,"href":"https:\/\/futbolhoy.co\/index.php\/wp-json\/wp\/v2\/comments?post=54736"}],"version-history":[{"count":1,"href":"https:\/\/futbolhoy.co\/index.php\/wp-json\/wp\/v2\/posts\/54736\/revisions"}],"predecessor-version":[{"id":54738,"href":"https:\/\/futbolhoy.co\/index.php\/wp-json\/wp\/v2\/posts\/54736\/revisions\/54738"}],"wp:featuredmedia":[{"embeddable":true,"href":"https:\/\/futbolhoy.co\/index.php\/wp-json\/wp\/v2\/media\/54737"}],"wp:attachment":[{"href":"https:\/\/futbolhoy.co\/index.php\/wp-json\/wp\/v2\/media?parent=54736"}],"wp:term":[{"taxonomy":"category","embeddable":true,"href":"https:\/\/futbolhoy.co\/index.php\/wp-json\/wp\/v2\/categories?post=54736"},{"taxonomy":"post_tag","embeddable":true,"href":"https:\/\/futbolhoy.co\/index.php\/wp-json\/wp\/v2\/tags?post=54736"}],"curies":[{"name":"wp","href":"https:\/\/api.w.org\/{rel}","templated":true}]}}