{"id":54748,"date":"2020-08-20T18:07:16","date_gmt":"2020-08-20T23:07:16","guid":{"rendered":"https:\/\/futbolhoy.co\/?p=54748"},"modified":"2020-08-21T16:01:20","modified_gmt":"2020-08-21T21:01:20","slug":"europa-define-su-primer-campeon","status":"publish","type":"post","link":"https:\/\/futbolhoy.co\/index.php\/2020\/08\/20\/europa-define-su-primer-campeon\/","title":{"rendered":"Europa define su primer campe\u00f3n"},"content":{"rendered":"<p style=\"text-align: justify;\"><span style=\"font-family: helvetica, arial, sans-serif;\">El\u00a0<b>Sevilla<\/b>\u00a0y el\u00a0<b>Inter de Mil\u00e1n<\/b>\u00a0se enfrentar\u00e1n este viernes en\u00a0<b>Colonia<\/b>,\u00a0<b>Alemania<\/b>, por primera vez en una competici\u00f3n continental, con el t\u00edtulo de la\u00a0<b>Europa League<\/b>\u00a0en juego en medio de la pandemia.<\/span><\/p>\n<p style=\"text-align: justify;\"><span style=\"font-family: helvetica, arial, sans-serif;\">Sevilla es el m\u00e1ximo ganador del segundo torneo de clubes m\u00e1s importante de Europa, con cinco coronas, 2006, 2007, 2014, 2015 y 2016, imponi\u00e9ndose en todas las ocasiones que accedi\u00f3 a la final.<\/span><\/p>\n<p style=\"text-align: justify;\"><span style=\"font-family: helvetica, arial, sans-serif;\">Por su parte, el\u00a0<b>Inter<\/b>\u00a0ha alcanzado los t\u00edtulos en 1991, 1994 y 1998.<\/span><\/p>\n<p style=\"text-align: justify;\"><span style=\"font-family: helvetica, arial, sans-serif;\">El t\u00e9cnico espa\u00f1ol\u00a0<b>Julen Lopetegui<\/b>\u00a0dispone de toda la plantilla en el Sevilla incluido el extremo argentino\u00a0<b>Lucas Ocampos<\/b>, quien tiene algunas molestias en una rodilla.<\/span><\/p>\n<p style=\"text-align: justify;\"><span style=\"font-family: helvetica, arial, sans-serif;\">Entretanto<b>, Antonio Conte<\/b>, entrenador del Inter, tambi\u00e9n cuenta con todos sus jugadores para el compromiso y no tendr\u00eda cambios en el equipo inicialista, respecto al que gole\u00f3 5-0 al\u00a0<b>Shakhtar\u00a0<\/b>en semifinales.<\/span><\/p>\n<p style=\"text-align: justify;\"><span style=\"font-family: helvetica, arial, sans-serif;\"><b>Probables formaciones:<\/b><\/span><\/p>\n<p style=\"text-align: justify;\"><span style=\"font-family: helvetica, arial, sans-serif;\"><b>Sevilla:<\/b>\u00a0Bono; Jes\u00fas Navas, Jules Kound\u00e9, Diego Carlos, Sergio Reguil\u00f3n; Fernando, Joan Jord\u00e1n; Lucas Ocampos, \u00c9ver Banega, Suso; y Youssef En-Nesyri.<\/span><\/p>\n<p style=\"text-align: justify;\"><span style=\"font-family: helvetica, arial, sans-serif;\"><b>Inter de Mil\u00e1n:<\/b>\u00a0Samir Handanovic; Diego God\u00edn, Stefan De Vrij, Alessandro Bastoni; Danilo D&#8217;Ambrosio, Nicolo Barella, Marcelo Brozovic, Roberto Gagliardini, Ashley Young; Lautaro Mart\u00ednez y Romelu Lukaku.<\/span><\/p>\n<p style=\"text-align: justify;\"><span style=\"font-family: helvetica, arial, sans-serif;\"><b>\u00c1rbitro:<\/b>\u00a0Danny Makkelie (HOL).<\/span><\/p>\n","protected":false},"excerpt":{"rendered":"<p>El\u00a0Sevilla\u00a0y el\u00a0Inter de Mil\u00e1n\u00a0se enfrentar\u00e1n este viernes en\u00a0Colonia,\u00a0Alemania, por primera vez en una competici\u00f3n continental, con el t\u00edtulo de la\u00a0Europa League\u00a0en juego en medio de la pandemia. Sevilla es el m\u00e1ximo ganador del segundo torneo de clubes m\u00e1s importante de Europa, con cinco coronas, 2006, 2007, 2014, 2015 y 2016, imponi\u00e9ndose en todas las ocasiones [&hellip;]<\/p>\n","protected":false},"author":5,"featured_media":54749,"comment_status":"open","ping_status":"closed","sticky":false,"template":"","format":"standard","meta":{"_acf_changed":false,"footnotes":""},"categories":[152],"tags":[],"class_list":{"0":"post-54748","1":"post","2":"type-post","3":"status-publish","4":"format-standard","5":"has-post-thumbnail","7":"category-mundo-futbol"},"acf":[],"_links":{"self":[{"href":"https:\/\/futbolhoy.co\/index.php\/wp-json\/wp\/v2\/posts\/54748","targetHints":{"allow":["GET"]}}],"collection":[{"href":"https:\/\/futbolhoy.co\/index.php\/wp-json\/wp\/v2\/posts"}],"about":[{"href":"https:\/\/futbolhoy.co\/index.php\/wp-json\/wp\/v2\/types\/post"}],"author":[{"embeddable":true,"href":"https:\/\/futbolhoy.co\/index.php\/wp-json\/wp\/v2\/users\/5"}],"replies":[{"embeddable":true,"href":"https:\/\/futbolhoy.co\/index.php\/wp-json\/wp\/v2\/comments?post=54748"}],"version-history":[{"count":1,"href":"https:\/\/futbolhoy.co\/index.php\/wp-json\/wp\/v2\/posts\/54748\/revisions"}],"predecessor-version":[{"id":54750,"href":"https:\/\/futbolhoy.co\/index.php\/wp-json\/wp\/v2\/posts\/54748\/revisions\/54750"}],"wp:featuredmedia":[{"embeddable":true,"href":"https:\/\/futbolhoy.co\/index.php\/wp-json\/wp\/v2\/media\/54749"}],"wp:attachment":[{"href":"https:\/\/futbolhoy.co\/index.php\/wp-json\/wp\/v2\/media?parent=54748"}],"wp:term":[{"taxonomy":"category","embeddable":true,"href":"https:\/\/futbolhoy.co\/index.php\/wp-json\/wp\/v2\/categories?post=54748"},{"taxonomy":"post_tag","embeddable":true,"href":"https:\/\/futbolhoy.co\/index.php\/wp-json\/wp\/v2\/tags?post=54748"}],"curies":[{"name":"wp","href":"https:\/\/api.w.org\/{rel}","templated":true}]}}