{"id":54753,"date":"2020-08-21T15:37:14","date_gmt":"2020-08-21T20:37:14","guid":{"rendered":"https:\/\/futbolhoy.co\/?p=54753"},"modified":"2020-08-22T11:47:22","modified_gmt":"2020-08-22T16:47:22","slug":"europa-toma-medidas-en-tiempo-de-pandemia","status":"publish","type":"post","link":"https:\/\/futbolhoy.co\/index.php\/2020\/08\/21\/europa-toma-medidas-en-tiempo-de-pandemia\/","title":{"rendered":"Europa toma medidas en tiempo de pandemia"},"content":{"rendered":"<p style=\"text-align: justify;\"><span style=\"font-family: helvetica, arial, sans-serif;\">La <strong>Asociaci\u00f3n de Clubes<\/strong> y el <strong>Sindicato de Futbolistas Profesionales<\/strong> europeos acordaron una serie de pautas a seguir para proteger la salud de los jugadores durante la pandemia.<\/span><\/p>\n<p style=\"text-align: justify;\"><span style=\"font-family: helvetica, arial, sans-serif;\">En el caso de que haya riesgos justificados para la salud o la seguridad en un pa\u00eds o una regi\u00f3n determinada no se exigir\u00e1 que un futbolista viaje a dicho destino para incorporarse a su club o a su selecci\u00f3n.<\/span><\/p>\n<p style=\"text-align: justify;\"><span style=\"font-family: helvetica, arial, sans-serif;\">El futbolista tendr\u00e1 derecho a disfrutar del per\u00edodo de vacaciones o descanso. Cualquier otra obligaci\u00f3n, como participar en una actividad de su club o selecci\u00f3n, no limitar\u00e1 este derecho.<\/span><\/p>\n<p style=\"text-align: justify;\"><span style=\"font-family: helvetica, arial, sans-serif;\">Inmediatamente despu\u00e9s del per\u00edodo de vacaciones se le debe garantizar al futbolista un tiempo m\u00ednimo para el entrenamiento y la preparaci\u00f3n antes de participar en cualquier partido de competici\u00f3n. La duraci\u00f3n de este per\u00edodo depender\u00e1 de varios factores, pero nunca puede ser inferior a dos semanas.<\/span><\/p>\n<p style=\"text-align: justify;\"><span style=\"font-family: helvetica, arial, sans-serif;\">La participaci\u00f3n en partidos amistosos de clubes o selecci\u00f3n no deben interferir en estas pautas y se emplaza a las <strong>Asociaciones Nacionales<\/strong> a convocar a jugadores, en este caso, que hayan acumulado menos partidos a lo largo del curso.<\/span><\/p>\n","protected":false},"excerpt":{"rendered":"<p>La Asociaci\u00f3n de Clubes y el Sindicato de Futbolistas Profesionales europeos acordaron una serie de pautas a seguir para proteger la salud de los jugadores durante la pandemia. En el caso de que haya riesgos justificados para la salud o la seguridad en un pa\u00eds o una regi\u00f3n determinada no se exigir\u00e1 que un futbolista [&hellip;]<\/p>\n","protected":false},"author":5,"featured_media":49457,"comment_status":"open","ping_status":"closed","sticky":false,"template":"","format":"standard","meta":{"_acf_changed":false,"footnotes":""},"categories":[152],"tags":[1861,126],"class_list":{"0":"post-54753","1":"post","2":"type-post","3":"status-publish","4":"format-standard","5":"has-post-thumbnail","7":"category-mundo-futbol","8":"tag-futbol","9":"tag-uefa"},"acf":[],"_links":{"self":[{"href":"https:\/\/futbolhoy.co\/index.php\/wp-json\/wp\/v2\/posts\/54753","targetHints":{"allow":["GET"]}}],"collection":[{"href":"https:\/\/futbolhoy.co\/index.php\/wp-json\/wp\/v2\/posts"}],"about":[{"href":"https:\/\/futbolhoy.co\/index.php\/wp-json\/wp\/v2\/types\/post"}],"author":[{"embeddable":true,"href":"https:\/\/futbolhoy.co\/index.php\/wp-json\/wp\/v2\/users\/5"}],"replies":[{"embeddable":true,"href":"https:\/\/futbolhoy.co\/index.php\/wp-json\/wp\/v2\/comments?post=54753"}],"version-history":[{"count":1,"href":"https:\/\/futbolhoy.co\/index.php\/wp-json\/wp\/v2\/posts\/54753\/revisions"}],"predecessor-version":[{"id":54754,"href":"https:\/\/futbolhoy.co\/index.php\/wp-json\/wp\/v2\/posts\/54753\/revisions\/54754"}],"wp:featuredmedia":[{"embeddable":true,"href":"https:\/\/futbolhoy.co\/index.php\/wp-json\/wp\/v2\/media\/49457"}],"wp:attachment":[{"href":"https:\/\/futbolhoy.co\/index.php\/wp-json\/wp\/v2\/media?parent=54753"}],"wp:term":[{"taxonomy":"category","embeddable":true,"href":"https:\/\/futbolhoy.co\/index.php\/wp-json\/wp\/v2\/categories?post=54753"},{"taxonomy":"post_tag","embeddable":true,"href":"https:\/\/futbolhoy.co\/index.php\/wp-json\/wp\/v2\/tags?post=54753"}],"curies":[{"name":"wp","href":"https:\/\/api.w.org\/{rel}","templated":true}]}}