{"id":54755,"date":"2020-08-21T15:56:53","date_gmt":"2020-08-21T20:56:53","guid":{"rendered":"https:\/\/futbolhoy.co\/?p=54755"},"modified":"2020-08-22T18:31:27","modified_gmt":"2020-08-22T23:31:27","slug":"sevilla-otra-vez","status":"publish","type":"post","link":"https:\/\/futbolhoy.co\/index.php\/2020\/08\/21\/sevilla-otra-vez\/","title":{"rendered":"Sevilla, otra vez"},"content":{"rendered":"<audio class=\"wp-audio-shortcode\" id=\"audio-54755-1\" preload=\"none\" style=\"width: 100%;\" controls=\"controls\"><source type=\"audio\/mpeg\" src=\"https:\/\/futbolhoy.co\/wp-content\/uploads\/2020\/08\/sevilla-fc-campeon-europa-league-jesus-navas-declaraciones-final-europa-league.mp3?_=1\" \/><a href=\"https:\/\/futbolhoy.co\/wp-content\/uploads\/2020\/08\/sevilla-fc-campeon-europa-league-jesus-navas-declaraciones-final-europa-league.mp3\">https:\/\/futbolhoy.co\/wp-content\/uploads\/2020\/08\/sevilla-fc-campeon-europa-league-jesus-navas-declaraciones-final-europa-league.mp3<\/a><\/audio>\n<p><span style=\"font-size: 10pt;\"><strong><em><span style=\"font-family: helvetica, arial, sans-serif;\">Jes\u00fas Navas &#8211; Capit\u00e1n Sevilla<\/span><\/em><\/strong><\/span><\/p>\n<p style=\"text-align: justify;\"><span style=\"font-family: helvetica, arial, sans-serif;\"><b>Sevilla<\/b>\u00a0venci\u00f3 3-2 al\u00a0<b>Inter de Mil\u00e1n<\/b>\u00a0en\u00a0<b>Colonia<\/b>,\u00a0<b>Alemania<\/b>; y se coron\u00f3 por sexta ocasi\u00f3n campe\u00f3n de la\u00a0<b>Europa League<\/b>, ampliando su palmar\u00e9s como el club m\u00e1s ganador del torneo y manteniendo su invicto en las finales a las que se ha clasificado.<\/span><\/p>\n<p style=\"text-align: justify;\"><span style=\"font-family: helvetica, arial, sans-serif;\">Los goles del equipo espa\u00f1ol fueron marcados por el delantero holand\u00e9s\u00a0<b>Luuk de Jong<\/b>\u00a0(12\u2019 y 33) ambos de golpe de cabeza y autogol del belga\u00a0<b>Romelu Lukaku<\/b>\u00a0(74\u2019) tras desviar una chilena de\u00a0<b>Diego Carlos<\/b>.<\/span><\/p>\n<p style=\"text-align: justify;\"><span style=\"font-family: helvetica, arial, sans-serif;\">Por el elenco italiano descontaron el propio Lukaku de pena m\u00e1xima (5\u2019) y el defensa uruguayo\u00a0<b>Diego God\u00edn<\/b>\u00a0(35).<\/span><\/p>\n<p style=\"text-align: justify;\"><span style=\"font-family: helvetica, arial, sans-serif;\">De Jong se convirti\u00f3 en el s\u00e9ptimo jugador de la historia en marcar doblete en una final del torneo, en un listado donde aparecen los colombianos\u00a0<b>Falcao Garc\u00eda<\/b>\u00a0(2012) y\u00a0<b>Carlos Bacca<\/b>\u00a0(2015).<\/span><\/p>\n<p style=\"text-align: justify;\"><span style=\"font-family: helvetica, arial, sans-serif;\">Por su parte, Lukaku pas\u00f3 a la historia como el autor del primer autogol en el partido por el t\u00edtulo del certamen.<\/span><\/p>\n<p style=\"text-align: justify;\"><span style=\"font-family: helvetica, arial, sans-serif;\">El partido fue intenso de principio a fin, con oportunidades en ambas \u00e1reas y una permanente vocaci\u00f3n ofensiva de los protagonistas, donde se destac\u00f3 la labor del arquero marroqu\u00ed\u00a0<b>Bono<\/b>\u00a0y el volante argentino\u00a0<b>Ever Banega<\/b>\u00a0por los sevillistas.<\/span><\/p>\n<p style=\"text-align: justify;\"><span style=\"font-family: helvetica, arial, sans-serif;\">Qued\u00f3 en deuda el trabajo del goleador\u00a0<b>Lautaro Mart\u00ednez<\/b>\u00a0en el\u00a0<i>\u2018nerazzurri\u2019<\/i>, quien incluso fue sustituido por el chileno\u00a0<b>Alexis S\u00e1nchez<\/b>\u00a0a los 78 minutos.<\/span><\/p>\n<p style=\"text-align: justify;\"><span style=\"font-family: helvetica, arial, sans-serif;\">Sevilla lidera con amplitud el escalaf\u00f3n de campeones con 6 t\u00edtulos (2006, 2007, 2014, 2015, 2016 y 2020); mientras que el Inter comparte el segundo lugar con\u00a0<b>Juventus<\/b>,\u00a0<b>Liverpool<\/b>\u00a0y\u00a0<b>Atl\u00e9tico de Madrid<\/b>, todos con tres coronas.<\/span><\/p>\n","protected":false},"excerpt":{"rendered":"<p>Jes\u00fas Navas &#8211; Capit\u00e1n Sevilla Sevilla\u00a0venci\u00f3 3-2 al\u00a0Inter de Mil\u00e1n\u00a0en\u00a0Colonia,\u00a0Alemania; y se coron\u00f3 por sexta ocasi\u00f3n campe\u00f3n de la\u00a0Europa League, ampliando su palmar\u00e9s como el club m\u00e1s ganador del torneo y manteniendo su invicto en las finales a las que se ha clasificado. Los goles del equipo espa\u00f1ol fueron marcados por el delantero holand\u00e9s\u00a0Luuk de [&hellip;]<\/p>\n","protected":false},"author":5,"featured_media":54756,"comment_status":"open","ping_status":"closed","sticky":false,"template":"","format":"video","meta":{"_acf_changed":false,"footnotes":""},"categories":[152],"tags":[],"class_list":{"0":"post-54755","1":"post","2":"type-post","3":"status-publish","4":"format-video","5":"has-post-thumbnail","7":"category-mundo-futbol","8":"post_format-post-format-video"},"acf":[],"_links":{"self":[{"href":"https:\/\/futbolhoy.co\/index.php\/wp-json\/wp\/v2\/posts\/54755","targetHints":{"allow":["GET"]}}],"collection":[{"href":"https:\/\/futbolhoy.co\/index.php\/wp-json\/wp\/v2\/posts"}],"about":[{"href":"https:\/\/futbolhoy.co\/index.php\/wp-json\/wp\/v2\/types\/post"}],"author":[{"embeddable":true,"href":"https:\/\/futbolhoy.co\/index.php\/wp-json\/wp\/v2\/users\/5"}],"replies":[{"embeddable":true,"href":"https:\/\/futbolhoy.co\/index.php\/wp-json\/wp\/v2\/comments?post=54755"}],"version-history":[{"count":3,"href":"https:\/\/futbolhoy.co\/index.php\/wp-json\/wp\/v2\/posts\/54755\/revisions"}],"predecessor-version":[{"id":54761,"href":"https:\/\/futbolhoy.co\/index.php\/wp-json\/wp\/v2\/posts\/54755\/revisions\/54761"}],"wp:featuredmedia":[{"embeddable":true,"href":"https:\/\/futbolhoy.co\/index.php\/wp-json\/wp\/v2\/media\/54756"}],"wp:attachment":[{"href":"https:\/\/futbolhoy.co\/index.php\/wp-json\/wp\/v2\/media?parent=54755"}],"wp:term":[{"taxonomy":"category","embeddable":true,"href":"https:\/\/futbolhoy.co\/index.php\/wp-json\/wp\/v2\/categories?post=54755"},{"taxonomy":"post_tag","embeddable":true,"href":"https:\/\/futbolhoy.co\/index.php\/wp-json\/wp\/v2\/tags?post=54755"}],"curies":[{"name":"wp","href":"https:\/\/api.w.org\/{rel}","templated":true}]}}