{"id":54762,"date":"2020-08-21T18:02:24","date_gmt":"2020-08-21T23:02:24","guid":{"rendered":"https:\/\/futbolhoy.co\/?p=54762"},"modified":"2020-08-22T18:30:48","modified_gmt":"2020-08-22T23:30:48","slug":"diez-llega-y-diez-sale","status":"publish","type":"post","link":"https:\/\/futbolhoy.co\/index.php\/2020\/08\/21\/diez-llega-y-diez-sale\/","title":{"rendered":"Diez llega y diez sale"},"content":{"rendered":"<audio class=\"wp-audio-shortcode\" id=\"audio-54762-1\" preload=\"none\" style=\"width: 100%;\" controls=\"controls\"><source type=\"audio\/mpeg\" src=\"https:\/\/futbolhoy.co\/wp-content\/uploads\/2020\/08\/savetweetvid__ZOhITMfIuGNFtxW.mp3?_=1\" \/><a href=\"https:\/\/futbolhoy.co\/wp-content\/uploads\/2020\/08\/savetweetvid__ZOhITMfIuGNFtxW.mp3\">https:\/\/futbolhoy.co\/wp-content\/uploads\/2020\/08\/savetweetvid__ZOhITMfIuGNFtxW.mp3<\/a><\/audio>\n<p><span style=\"font-family: helvetica, arial, sans-serif; font-size: 8pt;\"><strong><em>Miguel \u00c1ngel Russo &#8211; T\u00e9cnico Boca Juniors<\/em><\/strong><\/span><\/p>\n<p style=\"text-align: justify;\"><span style=\"font-family: helvetica, arial, sans-serif;\">Los volantes creativos colombianos\u00a0<b>Edwin Cardona<\/b>\u00a0y\u00a0<b>Juan Fernando Quintero<\/b>\u00a0son protagonistas de la jornada en el mercado de transferencias de los equipos m\u00e1s populares de\u00a0<b>Argentina<\/b>, con el regreso del primero a\u00a0<b>Boca Juniors<\/b>\u00a0y la partida del segundo de\u00a0<b>River Plate<\/b>.<\/span><\/p>\n<p style=\"text-align: justify;\"><span style=\"font-family: helvetica, arial, sans-serif;\">Cardona solucion\u00f3 el escollo presentado en las \u00faltimas horas en torno a uno de los puntos acordados verbalmente y viajar\u00e1 este fin de semana en\u00a0<b>Buenos Aires<\/b>\u00a0para someterse a los ex\u00e1menes m\u00e9dicos y firmar su contrato de 18 meses con el\u00a0<i>\u2018xeneize\u2019<\/i>.<\/span><\/p>\n<p style=\"text-align: justify;\"><span style=\"font-family: helvetica, arial, sans-serif;\">El volante de 27 a\u00f1os, quien llegar\u00e1 cedido a pr\u00e9stamo por parte de\u00a0<b>Xolos de Tijuana<\/b>\u00a0en\u00a0<b>M\u00e9xico<\/b>, ya actu\u00f3 en\u00a0<b>La Boca<\/b>\u00a0entre 2017 y 2019.<\/span><\/p>\n<p style=\"text-align: justify;\"><span style=\"font-family: helvetica, arial, sans-serif;\">\u201cCuando vuelva Cardona hablaremos con \u00e9l en forma natural y veremos donde lo usamos, de qu\u00e9 forma y de qu\u00e9 manera, lo f\u00edsico\u2026todo lo que nosotros consideramos importante y a medida que nos vamos conociendo en el d\u00eda a d\u00eda encontraremos lo mejor para \u00e9l y para Boca\u201d, declar\u00f3 el t\u00e9cnico del equipo\u00a0<i>\u2018azul y oro\u2019<\/i>\u00a0<b>Miguel \u00c1ngel Russo<\/b>.<\/span><\/p>\n<p style=\"text-align: justify;\"><span style=\"font-family: helvetica, arial, sans-serif;\">Cardona se unir\u00e1 en la plantilla de Boca a los tambi\u00e9n colombianos\u00a0<b>Frank Fabra<\/b>,\u00a0<b>Jorman Campuzano<\/b>,\u00a0<b>Sebasti\u00e1n P\u00e9rez<\/b>\u00a0y\u00a0<b>Sebasti\u00e1n Villa<\/b>, aunque los dos \u00faltimos podr\u00edan ser transferidos a\u00a0<b>Portugal<\/b>\u00a0e\u00a0<b>Italia<\/b>, respectivamente.<\/span><\/p>\n<p style=\"text-align: justify;\"><span style=\"font-family: helvetica, arial, sans-serif;\">Simult\u00e1neamente se conoci\u00f3 el traspaso de Quintero al\u00a0<b>Shenzhen de China<\/b>\u00a0en una venta que representar\u00e1 9 millones de euros libres para el equipo de la \u2018banda cruzada\u2019.<\/span><\/p>\n<p style=\"text-align: justify;\"><span style=\"font-family: helvetica, arial, sans-serif;\">Quintero, de 27 a\u00f1os, viajar\u00e1 a finales de este mes a\u00a0<b>Miami<\/b>\u00a0para tomar unas vacaciones, antes de emprender su desplazamiento definitivo a territorio asi\u00e1tico.<\/span><\/p>\n<p style=\"text-align: justify;\"><span style=\"font-family: helvetica, arial, sans-serif;\">Por su parte, Jorge Carrascal (22) dejar\u00e1 el club millonario para unirse al CSKA Mosc\u00fa.<\/span><\/p>\n","protected":false},"excerpt":{"rendered":"<p>Miguel \u00c1ngel Russo &#8211; T\u00e9cnico Boca Juniors Los volantes creativos colombianos\u00a0Edwin Cardona\u00a0y\u00a0Juan Fernando Quintero\u00a0son protagonistas de la jornada en el mercado de transferencias de los equipos m\u00e1s populares de\u00a0Argentina, con el regreso del primero a\u00a0Boca Juniors\u00a0y la partida del segundo de\u00a0River Plate. Cardona solucion\u00f3 el escollo presentado en las \u00faltimas horas en torno a uno [&hellip;]<\/p>\n","protected":false},"author":5,"featured_media":54764,"comment_status":"open","ping_status":"closed","sticky":false,"template":"","format":"video","meta":{"_acf_changed":false,"footnotes":""},"categories":[418],"tags":[],"class_list":{"0":"post-54762","1":"post","2":"type-post","3":"status-publish","4":"format-video","5":"has-post-thumbnail","7":"category-colombia","8":"post_format-post-format-video"},"acf":[],"_links":{"self":[{"href":"https:\/\/futbolhoy.co\/index.php\/wp-json\/wp\/v2\/posts\/54762","targetHints":{"allow":["GET"]}}],"collection":[{"href":"https:\/\/futbolhoy.co\/index.php\/wp-json\/wp\/v2\/posts"}],"about":[{"href":"https:\/\/futbolhoy.co\/index.php\/wp-json\/wp\/v2\/types\/post"}],"author":[{"embeddable":true,"href":"https:\/\/futbolhoy.co\/index.php\/wp-json\/wp\/v2\/users\/5"}],"replies":[{"embeddable":true,"href":"https:\/\/futbolhoy.co\/index.php\/wp-json\/wp\/v2\/comments?post=54762"}],"version-history":[{"count":3,"href":"https:\/\/futbolhoy.co\/index.php\/wp-json\/wp\/v2\/posts\/54762\/revisions"}],"predecessor-version":[{"id":54767,"href":"https:\/\/futbolhoy.co\/index.php\/wp-json\/wp\/v2\/posts\/54762\/revisions\/54767"}],"wp:featuredmedia":[{"embeddable":true,"href":"https:\/\/futbolhoy.co\/index.php\/wp-json\/wp\/v2\/media\/54764"}],"wp:attachment":[{"href":"https:\/\/futbolhoy.co\/index.php\/wp-json\/wp\/v2\/media?parent=54762"}],"wp:term":[{"taxonomy":"category","embeddable":true,"href":"https:\/\/futbolhoy.co\/index.php\/wp-json\/wp\/v2\/categories?post=54762"},{"taxonomy":"post_tag","embeddable":true,"href":"https:\/\/futbolhoy.co\/index.php\/wp-json\/wp\/v2\/tags?post=54762"}],"curies":[{"name":"wp","href":"https:\/\/api.w.org\/{rel}","templated":true}]}}