{"id":54768,"date":"2020-08-22T08:27:46","date_gmt":"2020-08-22T13:27:46","guid":{"rendered":"https:\/\/futbolhoy.co\/?p=54768"},"modified":"2020-08-22T18:30:55","modified_gmt":"2020-08-22T23:30:55","slug":"james-y-lerma-interesan-al-galatasaray","status":"publish","type":"post","link":"https:\/\/futbolhoy.co\/index.php\/2020\/08\/22\/james-y-lerma-interesan-al-galatasaray\/","title":{"rendered":"James y Lerma interesan al Galatasaray"},"content":{"rendered":"<p style=\"text-align: justify;\"><span style=\"font-family: helvetica, arial, sans-serif;\">Los volantes de\u00a0<b>selecci\u00f3n Colombia<\/b>,\u00a0<b>James Rodr\u00edguez<\/b>\u00a0y\u00a0<b>Jerfferson Lerma<\/b>, aparecen en los planes del\u00a0<b>Galatasaray<\/b>\u00a0de Turqu\u00eda, donde milita el delantero samario\u00a0<b>Falcao Garc\u00eda<\/b>.<\/span><\/p>\n<p style=\"text-align: justify;\"><span style=\"font-family: helvetica, arial, sans-serif;\">James, quien no continuar\u00e1 en el\u00a0<b>Real Madrid<\/b>, es el principal objetivo del club turco en este mercado de transferencias, por lo que su director administrativo,\u00a0<b>S\u00fckru Hanedar<\/b>, ya fue autorizado por los espa\u00f1oles para reunirse con el jugador.<\/span><\/p>\n<p style=\"text-align: justify;\"><span style=\"font-family: helvetica, arial, sans-serif;\">El dirigente tiene hasta el 31 de agosto para llevar a buen t\u00e9rmino la negociaci\u00f3n, que incluir\u00eda convencer a los \u2018merengues\u2019 de pagar la mitad del salario de\u00a0<b>James<\/b>\u00a0durante su permanencia en\u00a0<b>Turqu\u00eda<\/b>, lo que supone una cifra cercana a los 4 millones de euros.<\/span><\/p>\n<p style=\"text-align: justify;\"><span style=\"font-family: helvetica, arial, sans-serif;\">Por su parte, los \u2018leones\u2019 turcos tambi\u00e9n pretenden a Lerma, quien dejar\u00e1 el descendido\u00a0<b>Bournemouth<\/b>\u00a0de\u00a0<b>Inglaterra<\/b>, aunque el inconveniente surge en el salario del jugador, el cual asciende a 3,5 millones de euros por temporada.<\/span><\/p>\n<p style=\"text-align: justify;\"><span style=\"font-family: helvetica, arial, sans-serif;\">En ambos casos, Falcao ha sido pieza fundamental para darles a conocer las virtudes del equipo y de vivir en\u00a0<b>Estambul<\/b>.<\/span><\/p>\n","protected":false},"excerpt":{"rendered":"<p>Los volantes de\u00a0selecci\u00f3n Colombia,\u00a0James Rodr\u00edguez\u00a0y\u00a0Jerfferson Lerma, aparecen en los planes del\u00a0Galatasaray\u00a0de Turqu\u00eda, donde milita el delantero samario\u00a0Falcao Garc\u00eda. James, quien no continuar\u00e1 en el\u00a0Real Madrid, es el principal objetivo del club turco en este mercado de transferencias, por lo que su director administrativo,\u00a0S\u00fckru Hanedar, ya fue autorizado por los espa\u00f1oles para reunirse con el jugador. [&hellip;]<\/p>\n","protected":false},"author":5,"featured_media":54769,"comment_status":"open","ping_status":"closed","sticky":false,"template":"","format":"standard","meta":{"_acf_changed":false,"footnotes":""},"categories":[418],"tags":[],"class_list":{"0":"post-54768","1":"post","2":"type-post","3":"status-publish","4":"format-standard","5":"has-post-thumbnail","7":"category-colombia"},"acf":[],"_links":{"self":[{"href":"https:\/\/futbolhoy.co\/index.php\/wp-json\/wp\/v2\/posts\/54768","targetHints":{"allow":["GET"]}}],"collection":[{"href":"https:\/\/futbolhoy.co\/index.php\/wp-json\/wp\/v2\/posts"}],"about":[{"href":"https:\/\/futbolhoy.co\/index.php\/wp-json\/wp\/v2\/types\/post"}],"author":[{"embeddable":true,"href":"https:\/\/futbolhoy.co\/index.php\/wp-json\/wp\/v2\/users\/5"}],"replies":[{"embeddable":true,"href":"https:\/\/futbolhoy.co\/index.php\/wp-json\/wp\/v2\/comments?post=54768"}],"version-history":[{"count":1,"href":"https:\/\/futbolhoy.co\/index.php\/wp-json\/wp\/v2\/posts\/54768\/revisions"}],"predecessor-version":[{"id":54770,"href":"https:\/\/futbolhoy.co\/index.php\/wp-json\/wp\/v2\/posts\/54768\/revisions\/54770"}],"wp:featuredmedia":[{"embeddable":true,"href":"https:\/\/futbolhoy.co\/index.php\/wp-json\/wp\/v2\/media\/54769"}],"wp:attachment":[{"href":"https:\/\/futbolhoy.co\/index.php\/wp-json\/wp\/v2\/media?parent=54768"}],"wp:term":[{"taxonomy":"category","embeddable":true,"href":"https:\/\/futbolhoy.co\/index.php\/wp-json\/wp\/v2\/categories?post=54768"},{"taxonomy":"post_tag","embeddable":true,"href":"https:\/\/futbolhoy.co\/index.php\/wp-json\/wp\/v2\/tags?post=54768"}],"curies":[{"name":"wp","href":"https:\/\/api.w.org\/{rel}","templated":true}]}}