{"id":54771,"date":"2020-08-22T11:46:53","date_gmt":"2020-08-22T16:46:53","guid":{"rendered":"https:\/\/futbolhoy.co\/?p=54771"},"modified":"2020-08-22T18:31:06","modified_gmt":"2020-08-22T23:31:06","slug":"alfaro-dirigira-a-ecuador","status":"publish","type":"post","link":"https:\/\/futbolhoy.co\/index.php\/2020\/08\/22\/alfaro-dirigira-a-ecuador\/","title":{"rendered":"Alfaro dirigir\u00e1 a Ecuador"},"content":{"rendered":"<p style=\"text-align: justify;\"><span style=\"font-family: helvetica, arial, sans-serif;\">El argentino\u00a0<strong>Gustavo Alfaro<\/strong>, de 58 a\u00f1os de edad, se convertir\u00e1 en el nuevo seleccionador de\u00a0<strong>Ecuador<\/strong>, de cara a las eliminatorias sudamericanas al\u00a0<strong>Mundial Qatar 2022.<\/strong><\/span><\/p>\n<p style=\"text-align: justify;\"><span style=\"font-family: helvetica, arial, sans-serif;\"><strong>Alfaro,<\/strong> cuyo \u00faltimo trabajo fue con\u00a0<strong>Boca Juniors\u00a0<\/strong>en 2019, asumir\u00e1 de inmediato el cargo y debutar\u00e1 oficialmente al frente de la\u00a0\u2018Tricolor\u2019\u00a0el 8 de octubre en\u00a0La Bombonera\u00a0contra\u00a0Argentina.<\/span><\/p>\n<p style=\"text-align: justify;\"><span style=\"font-family: helvetica, arial, sans-serif;\">La\u00a0<strong>Federaci\u00f3n Ecuatoriana de F\u00fatbol\u00a0<\/strong>har\u00e1 el anuncio pr\u00f3ximamente, luego de la partida del holand\u00e9s\u00a0<strong>Jordi Cruyff<\/strong>\u00a0a dirigir el\u00a0<strong>Shenzhen<\/strong> de China, sin haber podido estar al frente del equipo ecuatoriano en ning\u00fan partido.<\/span><\/p>\n","protected":false},"excerpt":{"rendered":"<p>El argentino\u00a0Gustavo Alfaro, de 58 a\u00f1os de edad, se convertir\u00e1 en el nuevo seleccionador de\u00a0Ecuador, de cara a las eliminatorias sudamericanas al\u00a0Mundial Qatar 2022. Alfaro, cuyo \u00faltimo trabajo fue con\u00a0Boca Juniors\u00a0en 2019, asumir\u00e1 de inmediato el cargo y debutar\u00e1 oficialmente al frente de la\u00a0\u2018Tricolor\u2019\u00a0el 8 de octubre en\u00a0La Bombonera\u00a0contra\u00a0Argentina. La\u00a0Federaci\u00f3n Ecuatoriana de F\u00fatbol\u00a0har\u00e1 el anuncio [&hellip;]<\/p>\n","protected":false},"author":5,"featured_media":54772,"comment_status":"open","ping_status":"closed","sticky":false,"template":"","format":"standard","meta":{"_acf_changed":false,"footnotes":""},"categories":[152],"tags":[],"class_list":{"0":"post-54771","1":"post","2":"type-post","3":"status-publish","4":"format-standard","5":"has-post-thumbnail","7":"category-mundo-futbol"},"acf":[],"_links":{"self":[{"href":"https:\/\/futbolhoy.co\/index.php\/wp-json\/wp\/v2\/posts\/54771","targetHints":{"allow":["GET"]}}],"collection":[{"href":"https:\/\/futbolhoy.co\/index.php\/wp-json\/wp\/v2\/posts"}],"about":[{"href":"https:\/\/futbolhoy.co\/index.php\/wp-json\/wp\/v2\/types\/post"}],"author":[{"embeddable":true,"href":"https:\/\/futbolhoy.co\/index.php\/wp-json\/wp\/v2\/users\/5"}],"replies":[{"embeddable":true,"href":"https:\/\/futbolhoy.co\/index.php\/wp-json\/wp\/v2\/comments?post=54771"}],"version-history":[{"count":1,"href":"https:\/\/futbolhoy.co\/index.php\/wp-json\/wp\/v2\/posts\/54771\/revisions"}],"predecessor-version":[{"id":54773,"href":"https:\/\/futbolhoy.co\/index.php\/wp-json\/wp\/v2\/posts\/54771\/revisions\/54773"}],"wp:featuredmedia":[{"embeddable":true,"href":"https:\/\/futbolhoy.co\/index.php\/wp-json\/wp\/v2\/media\/54772"}],"wp:attachment":[{"href":"https:\/\/futbolhoy.co\/index.php\/wp-json\/wp\/v2\/media?parent=54771"}],"wp:term":[{"taxonomy":"category","embeddable":true,"href":"https:\/\/futbolhoy.co\/index.php\/wp-json\/wp\/v2\/categories?post=54771"},{"taxonomy":"post_tag","embeddable":true,"href":"https:\/\/futbolhoy.co\/index.php\/wp-json\/wp\/v2\/tags?post=54771"}],"curies":[{"name":"wp","href":"https:\/\/api.w.org\/{rel}","templated":true}]}}