{"id":54778,"date":"2020-08-22T18:19:16","date_gmt":"2020-08-22T23:19:16","guid":{"rendered":"https:\/\/futbolhoy.co\/?p=54778"},"modified":"2020-08-23T14:11:59","modified_gmt":"2020-08-23T19:11:59","slug":"psg-bayern-por-la-gloria-europea","status":"publish","type":"post","link":"https:\/\/futbolhoy.co\/index.php\/2020\/08\/22\/psg-bayern-por-la-gloria-europea\/","title":{"rendered":"PSG-Bayern, por la gloria europea"},"content":{"rendered":"<div style=\"width: 696px;\" class=\"wp-video\"><video class=\"wp-video-shortcode\" id=\"video-54778-1\" width=\"696\" height=\"394\" preload=\"metadata\" controls=\"controls\"><source type=\"video\/mp4\" src=\"https:\/\/futbolhoy.co\/wp-content\/uploads\/2020\/08\/VID-20200822-WA0033.mp4?_=1\" \/><a href=\"https:\/\/futbolhoy.co\/wp-content\/uploads\/2020\/08\/VID-20200822-WA0033.mp4\">https:\/\/futbolhoy.co\/wp-content\/uploads\/2020\/08\/VID-20200822-WA0033.mp4<\/a><\/video><\/div>\n<p style=\"text-align: justify;\"><span style=\"font-family: helvetica, arial, sans-serif;\"><strong>Paris Saint Germain<\/strong>\u00a0y\u00a0<strong>Bayern M\u00fanich<\/strong>\u00a0disputar\u00e1n este domingo (2PM) la final de la\u00a0<strong>Champions<\/strong>\u00a0en el estadio\u00a0Da Luz\u00a0de\u00a0Lisboa, en duelo de poderosos ataques que buscan la primera corona continental para los franceses y la sexta para los alemanes.<\/span><\/p>\n<p style=\"text-align: justify;\"><span style=\"font-family: helvetica, arial, sans-serif;\">El\u00a0<strong>PSG<\/strong>\u00a0tiene como sus principales armas a la dupla del brasile\u00f1o\u00a0<strong>Neymar<\/strong>\u00a0y el joven prodigio galo\u00a0<strong>Kylian Mbapp\u00e9<\/strong>, ahora acompa\u00f1ados por un destacado\u00a0<strong>\u00c1ngel Di Mar\u00eda.<\/strong><\/span><\/p>\n<p style=\"text-align: justify;\"><span style=\"font-family: helvetica, arial, sans-serif;\">Los campeones de\u00a0Francia\u00a0recuperaron al volante italiano\u00a0<strong>Marco Verratti<\/strong>\u00a0y esperan por el portero costarricense\u00a0<strong>Keylor Navas<\/strong>, con problemas f\u00edsicos desde el partido de cuartos de final contra el\u00a0<strong>Atalanta.<\/strong><\/span><\/p>\n<p style=\"text-align: justify;\"><span style=\"font-family: helvetica, arial, sans-serif;\">El Bayern, basado en su poder goleador, liderado por el polaco\u00a0<strong>Robert Lewandowski,<\/strong> m\u00e1ximo artillero de la\u00a0Liga de Campeones de Europa\u00a0con 15 anotaciones, quiere convertirse en el primer equipo de la historia en ganar la\u00a0\u2018orejona\u2019\u00a0ganando todos los partidos.<\/span><\/p>\n<p style=\"text-align: justify;\"><span style=\"font-family: helvetica, arial, sans-serif;\">Para cumplir con su objetivo, los\u00a0\u2018b\u00e1varos\u2019\u00a0podr\u00e1n contar con el lateral\u00a0<strong>Benjam\u00edn Pavard<\/strong>, quien fue dado de alta tras su lesi\u00f3n de tobillo.<\/span><\/p>\n<p style=\"text-align: justify;\"><span style=\"font-family: helvetica, arial, sans-serif;\"><strong>Probables formaciones<\/strong>:<\/span><\/p>\n<p style=\"text-align: justify;\"><span style=\"font-family: helvetica, arial, sans-serif;\"><strong>PSG:<\/strong>\u00a0Sergio Rico; Thilo Kehrer, Thiago Silva, Presnel Kimpembe, Juan Bernat; Marco Verratti, Marquinhos, Ander Herrera; \u00c1ngel Di Mar\u00eda, Neymar y Kylian Mbapp\u00e9.<\/span><\/p>\n<p style=\"text-align: justify;\"><span style=\"font-family: helvetica, arial, sans-serif;\"><strong>Bayern M\u00fanich<\/strong>:\u00a0Manuel Neuer; Joshua Kimmich, Jerome Boateng, David Alaba, Alphonso Davies; Le\u00f3n Goretzka, Thiago Alc\u00e1ntara; Serge Gnabry, Thomas M\u00fcller, Iv\u00e1n Perisic; y Robert Lewandowski.<\/span><\/p>\n<p style=\"text-align: justify;\"><span style=\"font-family: helvetica, arial, sans-serif;\"><strong>\u00c1rbitro:<\/strong>\u00a0Daniele Orsato (ITA).<\/span><\/p>\n","protected":false},"excerpt":{"rendered":"<p>Paris Saint Germain\u00a0y\u00a0Bayern M\u00fanich\u00a0disputar\u00e1n este domingo (2PM) la final de la\u00a0Champions\u00a0en el estadio\u00a0Da Luz\u00a0de\u00a0Lisboa, en duelo de poderosos ataques que buscan la primera corona continental para los franceses y la sexta para los alemanes. El\u00a0PSG\u00a0tiene como sus principales armas a la dupla del brasile\u00f1o\u00a0Neymar\u00a0y el joven prodigio galo\u00a0Kylian Mbapp\u00e9, ahora acompa\u00f1ados por un destacado\u00a0\u00c1ngel Di [&hellip;]<\/p>\n","protected":false},"author":5,"featured_media":54780,"comment_status":"open","ping_status":"closed","sticky":false,"template":"","format":"video","meta":{"_acf_changed":false,"footnotes":""},"categories":[4],"tags":[],"class_list":{"0":"post-54778","1":"post","2":"type-post","3":"status-publish","4":"format-video","5":"has-post-thumbnail","7":"category-champions-league","8":"post_format-post-format-video"},"acf":[],"_links":{"self":[{"href":"https:\/\/futbolhoy.co\/index.php\/wp-json\/wp\/v2\/posts\/54778","targetHints":{"allow":["GET"]}}],"collection":[{"href":"https:\/\/futbolhoy.co\/index.php\/wp-json\/wp\/v2\/posts"}],"about":[{"href":"https:\/\/futbolhoy.co\/index.php\/wp-json\/wp\/v2\/types\/post"}],"author":[{"embeddable":true,"href":"https:\/\/futbolhoy.co\/index.php\/wp-json\/wp\/v2\/users\/5"}],"replies":[{"embeddable":true,"href":"https:\/\/futbolhoy.co\/index.php\/wp-json\/wp\/v2\/comments?post=54778"}],"version-history":[{"count":1,"href":"https:\/\/futbolhoy.co\/index.php\/wp-json\/wp\/v2\/posts\/54778\/revisions"}],"predecessor-version":[{"id":54781,"href":"https:\/\/futbolhoy.co\/index.php\/wp-json\/wp\/v2\/posts\/54778\/revisions\/54781"}],"wp:featuredmedia":[{"embeddable":true,"href":"https:\/\/futbolhoy.co\/index.php\/wp-json\/wp\/v2\/media\/54780"}],"wp:attachment":[{"href":"https:\/\/futbolhoy.co\/index.php\/wp-json\/wp\/v2\/media?parent=54778"}],"wp:term":[{"taxonomy":"category","embeddable":true,"href":"https:\/\/futbolhoy.co\/index.php\/wp-json\/wp\/v2\/categories?post=54778"},{"taxonomy":"post_tag","embeddable":true,"href":"https:\/\/futbolhoy.co\/index.php\/wp-json\/wp\/v2\/tags?post=54778"}],"curies":[{"name":"wp","href":"https:\/\/api.w.org\/{rel}","templated":true}]}}