{"id":54796,"date":"2020-08-23T14:11:17","date_gmt":"2020-08-23T19:11:17","guid":{"rendered":"https:\/\/futbolhoy.co\/?p=54796"},"modified":"2020-08-24T17:05:08","modified_gmt":"2020-08-24T22:05:08","slug":"rompieron-morelos-gerrard","status":"publish","type":"post","link":"https:\/\/futbolhoy.co\/index.php\/2020\/08\/23\/rompieron-morelos-gerrard\/","title":{"rendered":"\u00bfRompieron Morelos y Gerrard?"},"content":{"rendered":"<p style=\"text-align: justify;\"><span style=\"font-family: helvetica, arial, sans-serif;\">La relaci\u00f3n entre el t\u00e9cnico del <strong>Rangers, Steven Gerrard<\/strong>, y su goleador, <strong>Alfredo Morelos<\/strong>, atraviesa dificultades, seg\u00fan lo revelado por el entrenador tras la victoria 2-0 sobre <strong>Kilmarnock<\/strong> en la quinta fecha de la<strong> Liga Premier<\/strong> de Escocia.<\/span><\/p>\n<p style=\"text-align: justify;\"><span style=\"font-family: helvetica, arial, sans-serif;\"><strong>Morelos<\/strong> no fue convocado para el juego y su ausencia gener\u00f3 inquietud entre los hinchas y la prensa.<\/span><\/p>\n<p style=\"text-align: justify;\"><span style=\"font-family: helvetica, arial, sans-serif;\">\u201csi veo personas que no est\u00e1n enfocadas o que han quitado el ojo de la pelota y no tienen realmente mucha hambre de obtener los resultados de este club, tengo que tomar decisiones f\u00e1ciles y Alfredo me lo puso f\u00e1cil esta semana\u00bb, dijo Gerrard al ser interrogado por la ausencia de Morelos.<\/span><\/p>\n<p style=\"text-align: justify;\"><span style=\"font-family: helvetica, arial, sans-serif;\">\u201cCreo que ustedes decidir\u00e1n qu\u00e9 tan importante fue la decisi\u00f3n, pero para m\u00ed fue bastante simple\u00bb, agreg\u00f3.<\/span><\/p>\n<p style=\"text-align: justify;\"><span style=\"font-family: helvetica, arial, sans-serif;\">\u201cNecesitamos jugadores que trabajen duro todos los d\u00edas, que est\u00e9n preparados y enfocados para los desaf\u00edos que se avecinan. He elegido a los jugadores que est\u00e1n enfocados. Quiero jugadores que tengan hambre y quieran estar aqu\u00ed. Necesito ver eso a diario, jugadores que quieren darlo todo por la camiseta\u00bb, dijo el entrenador.<\/span><\/p>\n<p style=\"text-align: justify;\"><span style=\"font-family: helvetica, arial, sans-serif;\">La continuidad de <strong>Morelos<\/strong> para esta temporada, no est\u00e1 clara y se ha especulado con el inter\u00e9s de varios clubes de Italia, Francia y Qatar.<\/span><\/p>\n","protected":false},"excerpt":{"rendered":"<p>La relaci\u00f3n entre el t\u00e9cnico del Rangers, Steven Gerrard, y su goleador, Alfredo Morelos, atraviesa dificultades, seg\u00fan lo revelado por el entrenador tras la victoria 2-0 sobre Kilmarnock en la quinta fecha de la Liga Premier de Escocia. Morelos no fue convocado para el juego y su ausencia gener\u00f3 inquietud entre los hinchas y la [&hellip;]<\/p>\n","protected":false},"author":5,"featured_media":54797,"comment_status":"open","ping_status":"closed","sticky":false,"template":"","format":"standard","meta":{"_acf_changed":false,"footnotes":""},"categories":[418],"tags":[],"class_list":{"0":"post-54796","1":"post","2":"type-post","3":"status-publish","4":"format-standard","5":"has-post-thumbnail","7":"category-colombia"},"acf":[],"_links":{"self":[{"href":"https:\/\/futbolhoy.co\/index.php\/wp-json\/wp\/v2\/posts\/54796","targetHints":{"allow":["GET"]}}],"collection":[{"href":"https:\/\/futbolhoy.co\/index.php\/wp-json\/wp\/v2\/posts"}],"about":[{"href":"https:\/\/futbolhoy.co\/index.php\/wp-json\/wp\/v2\/types\/post"}],"author":[{"embeddable":true,"href":"https:\/\/futbolhoy.co\/index.php\/wp-json\/wp\/v2\/users\/5"}],"replies":[{"embeddable":true,"href":"https:\/\/futbolhoy.co\/index.php\/wp-json\/wp\/v2\/comments?post=54796"}],"version-history":[{"count":4,"href":"https:\/\/futbolhoy.co\/index.php\/wp-json\/wp\/v2\/posts\/54796\/revisions"}],"predecessor-version":[{"id":54812,"href":"https:\/\/futbolhoy.co\/index.php\/wp-json\/wp\/v2\/posts\/54796\/revisions\/54812"}],"wp:featuredmedia":[{"embeddable":true,"href":"https:\/\/futbolhoy.co\/index.php\/wp-json\/wp\/v2\/media\/54797"}],"wp:attachment":[{"href":"https:\/\/futbolhoy.co\/index.php\/wp-json\/wp\/v2\/media?parent=54796"}],"wp:term":[{"taxonomy":"category","embeddable":true,"href":"https:\/\/futbolhoy.co\/index.php\/wp-json\/wp\/v2\/categories?post=54796"},{"taxonomy":"post_tag","embeddable":true,"href":"https:\/\/futbolhoy.co\/index.php\/wp-json\/wp\/v2\/tags?post=54796"}],"curies":[{"name":"wp","href":"https:\/\/api.w.org\/{rel}","templated":true}]}}