{"id":5482,"date":"2017-09-14T08:54:13","date_gmt":"2017-09-14T13:54:13","guid":{"rendered":"http:\/\/futbolhoy.co\/?p=5482"},"modified":"2017-09-18T21:41:51","modified_gmt":"2017-09-19T02:41:51","slug":"james-nominado-a-jugador-de-la-semana-en-la-champions","status":"publish","type":"post","link":"https:\/\/futbolhoy.co\/index.php\/2017\/09\/14\/james-nominado-a-jugador-de-la-semana-en-la-champions\/","title":{"rendered":"James nominado como jugador de la semana en la Champions"},"content":{"rendered":"<p style=\"text-align: justify;\"><span style=\"font-weight: 400;\">James Rodr\u00edguez fue incluido en la lista de 8 nominados a Jugador de la Semana en la Champions seg\u00fan la UEFA, despu\u00e9s de su actuaci\u00f3n durante 85 minutos con el Bayern M\u00fanich en la victoria 3-0 sobre el Anderlecht de B\u00e9lgica en el inicio de la fase de grupos.<\/span><\/p>\n<p style=\"text-align: justify;\"><span style=\"font-weight: 400;\">En el listado de aspirantes figuran adem\u00e1s Lionel Messi del Barcelona, Cristiano Ronaldo del Real Madrid, Harry Kane del Tottenham, Neymar del Paris Saint Germain, Mohamed Salah del Liverpool, Taison del Shakhtar Donetsk y Romelu Lukaku del Manchester United.<\/span><\/p>\n<p style=\"text-align: justify;\"><span style=\"font-weight: 400;\">La elecci\u00f3n se realiza durante las pr\u00f3ximas 20 horas a trav\u00e9s de la votaci\u00f3n de los visitantes al portal de la UEFA.<\/span><\/p>\n","protected":false},"excerpt":{"rendered":"<p>James Rodr\u00edguez fue incluido en la lista de 8 nominados a Jugador de la Semana en la Champions seg\u00fan la UEFA, despu\u00e9s de su actuaci\u00f3n durante 85 minutos con el Bayern M\u00fanich en la victoria 3-0 sobre el Anderlecht de B\u00e9lgica en el inicio de la fase de grupos. En el listado de aspirantes figuran [&hellip;]<\/p>\n","protected":false},"author":4,"featured_media":5488,"comment_status":"open","ping_status":"closed","sticky":false,"template":"","format":"standard","meta":{"_acf_changed":false,"footnotes":""},"categories":[153],"tags":[81,87,126],"class_list":{"0":"post-5482","1":"post","2":"type-post","3":"status-publish","4":"format-standard","5":"has-post-thumbnail","7":"category-selecion-colombia","8":"tag-champions-league","9":"tag-james-rodriguez","10":"tag-uefa"},"acf":[],"_links":{"self":[{"href":"https:\/\/futbolhoy.co\/index.php\/wp-json\/wp\/v2\/posts\/5482","targetHints":{"allow":["GET"]}}],"collection":[{"href":"https:\/\/futbolhoy.co\/index.php\/wp-json\/wp\/v2\/posts"}],"about":[{"href":"https:\/\/futbolhoy.co\/index.php\/wp-json\/wp\/v2\/types\/post"}],"author":[{"embeddable":true,"href":"https:\/\/futbolhoy.co\/index.php\/wp-json\/wp\/v2\/users\/4"}],"replies":[{"embeddable":true,"href":"https:\/\/futbolhoy.co\/index.php\/wp-json\/wp\/v2\/comments?post=5482"}],"version-history":[{"count":2,"href":"https:\/\/futbolhoy.co\/index.php\/wp-json\/wp\/v2\/posts\/5482\/revisions"}],"predecessor-version":[{"id":5505,"href":"https:\/\/futbolhoy.co\/index.php\/wp-json\/wp\/v2\/posts\/5482\/revisions\/5505"}],"wp:featuredmedia":[{"embeddable":true,"href":"https:\/\/futbolhoy.co\/index.php\/wp-json\/wp\/v2\/media\/5488"}],"wp:attachment":[{"href":"https:\/\/futbolhoy.co\/index.php\/wp-json\/wp\/v2\/media?parent=5482"}],"wp:term":[{"taxonomy":"category","embeddable":true,"href":"https:\/\/futbolhoy.co\/index.php\/wp-json\/wp\/v2\/categories?post=5482"},{"taxonomy":"post_tag","embeddable":true,"href":"https:\/\/futbolhoy.co\/index.php\/wp-json\/wp\/v2\/tags?post=5482"}],"curies":[{"name":"wp","href":"https:\/\/api.w.org\/{rel}","templated":true}]}}