{"id":54925,"date":"2020-08-28T17:00:32","date_gmt":"2020-08-28T22:00:32","guid":{"rendered":"https:\/\/futbolhoy.co\/?p=54925"},"modified":"2020-08-29T14:36:46","modified_gmt":"2020-08-29T19:36:46","slug":"messi-y-neymar-en-seleccion-de-la-champions","status":"publish","type":"post","link":"https:\/\/futbolhoy.co\/index.php\/2020\/08\/28\/messi-y-neymar-en-seleccion-de-la-champions\/","title":{"rendered":"Messi y Neymar en selecci\u00f3n de la Champions"},"content":{"rendered":"<div class=\"gs\">\n<div class=\"\">\n<div id=\":1r\" class=\"ii gt\">\n<div id=\":1s\" class=\"a3s aXjCH \">\n<div dir=\"ltr\">\n<div>\n<p style=\"text-align: justify;\"><span style=\"font-family: helvetica, arial, sans-serif;\"><strong>Lio Messi<\/strong>, del <strong>Barcelona,<\/strong> y <strong>Neymar,<\/strong> del <strong>PSG,<\/strong> fueron incluidos en la lista de 23 jugadores seleccionados por los observadores t\u00e9cnicos de la <strong>UEFA,<\/strong> para conformar el equipo del a\u00f1o de la <strong>Liga de Campeones.<\/strong><\/span><\/p>\n<p style=\"text-align: justify;\"><span style=\"font-family: helvetica, arial, sans-serif;\">La ausencia del portugu\u00e9s<strong> Cristiano Ronald<\/strong>o, de la <strong>Juventus,<\/strong> es la principal novedad entre los mencionados.<\/span><\/p>\n<p style=\"text-align: justify;\"><span style=\"font-family: helvetica, arial, sans-serif;\">El campe\u00f3n<strong> Bayern M\u00fanich,<\/strong> ubic\u00f3 nueve jugadores en la selecci\u00f3n.<\/span><\/p>\n<p style=\"text-align: justify;\"><span style=\"font-family: helvetica, arial, sans-serif;\">El equipo est\u00e1 integrado por:<\/span><\/p>\n<p style=\"text-align: justify;\"><span style=\"font-family: helvetica, arial, sans-serif;\">Porteros: Manuel Neuer (Bayern M\u00fanich), Jan Oblak (Atl\u00e9tico de Madrid) y Anthony Lopes (Olympique Lyon).<\/span><\/p>\n<p style=\"text-align: justify;\"><span style=\"font-family: helvetica, arial, sans-serif;\"><strong>Defensas:<\/strong> Alphonso Davies, Joshua Kimmich y David Alaba (Bayern M\u00fanich); Virgil Van Dijk (Liverpool) y Upamecano y Angeli\u00f1o (Leipzig).<\/span><\/p>\n<p style=\"text-align: justify;\"><span style=\"font-family: helvetica, arial, sans-serif;\"><strong>Volantes:<\/strong> Thiago Alc\u00e1ntara, Leon Goretzka y Thomas M\u00fcller (Bayern M\u00fanich); Kevin De Bruyne (Manchester City), Houssem Aouar (Olympque Lyon), Marcel Sabitzer (Leipzig), Marquinhos (PSG) y Alejandro \u2018Papu\u2019 G\u00f3mez (Atalanta).<\/span><\/p>\n<p style=\"text-align: justify;\"><span lang=\"EN-US\" style=\"font-family: helvetica, arial, sans-serif;\"><strong>Delanteros:<\/strong> Robert Lewandowski y Serge Gnabry (Bayern M\u00fanich); Kylian Mbapp\u00e9 y Neymar (PSG); Lionel Messi (Barcelona) y Raheem Sterling (Manchester City).<\/span><\/p>\n<\/div>\n<div class=\"adL\" style=\"text-align: justify;\"><\/div>\n<\/div>\n<\/div>\n<\/div>\n<div class=\"hi\" style=\"text-align: justify;\"><\/div>\n<\/div>\n<\/div>\n","protected":false},"excerpt":{"rendered":"<p>Lio Messi, del Barcelona, y Neymar, del PSG, fueron incluidos en la lista de 23 jugadores seleccionados por los observadores t\u00e9cnicos de la UEFA, para conformar el equipo del a\u00f1o de la Liga de Campeones. La ausencia del portugu\u00e9s Cristiano Ronaldo, de la Juventus, es la principal novedad entre los mencionados. El campe\u00f3n Bayern M\u00fanich, [&hellip;]<\/p>\n","protected":false},"author":5,"featured_media":54928,"comment_status":"open","ping_status":"closed","sticky":false,"template":"","format":"standard","meta":{"_acf_changed":false,"footnotes":""},"categories":[152],"tags":[],"class_list":{"0":"post-54925","1":"post","2":"type-post","3":"status-publish","4":"format-standard","5":"has-post-thumbnail","7":"category-mundo-futbol"},"acf":[],"_links":{"self":[{"href":"https:\/\/futbolhoy.co\/index.php\/wp-json\/wp\/v2\/posts\/54925","targetHints":{"allow":["GET"]}}],"collection":[{"href":"https:\/\/futbolhoy.co\/index.php\/wp-json\/wp\/v2\/posts"}],"about":[{"href":"https:\/\/futbolhoy.co\/index.php\/wp-json\/wp\/v2\/types\/post"}],"author":[{"embeddable":true,"href":"https:\/\/futbolhoy.co\/index.php\/wp-json\/wp\/v2\/users\/5"}],"replies":[{"embeddable":true,"href":"https:\/\/futbolhoy.co\/index.php\/wp-json\/wp\/v2\/comments?post=54925"}],"version-history":[{"count":1,"href":"https:\/\/futbolhoy.co\/index.php\/wp-json\/wp\/v2\/posts\/54925\/revisions"}],"predecessor-version":[{"id":54935,"href":"https:\/\/futbolhoy.co\/index.php\/wp-json\/wp\/v2\/posts\/54925\/revisions\/54935"}],"wp:featuredmedia":[{"embeddable":true,"href":"https:\/\/futbolhoy.co\/index.php\/wp-json\/wp\/v2\/media\/54928"}],"wp:attachment":[{"href":"https:\/\/futbolhoy.co\/index.php\/wp-json\/wp\/v2\/media?parent=54925"}],"wp:term":[{"taxonomy":"category","embeddable":true,"href":"https:\/\/futbolhoy.co\/index.php\/wp-json\/wp\/v2\/categories?post=54925"},{"taxonomy":"post_tag","embeddable":true,"href":"https:\/\/futbolhoy.co\/index.php\/wp-json\/wp\/v2\/tags?post=54925"}],"curies":[{"name":"wp","href":"https:\/\/api.w.org\/{rel}","templated":true}]}}