{"id":55061,"date":"2020-09-03T17:39:19","date_gmt":"2020-09-03T22:39:19","guid":{"rendered":"https:\/\/futbolhoy.co\/?p=55061"},"modified":"2020-09-04T11:16:39","modified_gmt":"2020-09-04T16:16:39","slug":"quintero-dejo-argentina","status":"publish","type":"post","link":"https:\/\/futbolhoy.co\/index.php\/2020\/09\/03\/quintero-dejo-argentina\/","title":{"rendered":"Quintero dej\u00f3 Argentina"},"content":{"rendered":"<audio class=\"wp-audio-shortcode\" id=\"audio-55061-1\" preload=\"none\" style=\"width: 100%;\" controls=\"controls\"><source type=\"audio\/mpeg\" src=\"https:\/\/futbolhoy.co\/wp-content\/uploads\/2020\/09\/Juan-Fernando-Quintero.mp3?_=1\" \/><a href=\"https:\/\/futbolhoy.co\/wp-content\/uploads\/2020\/09\/Juan-Fernando-Quintero.mp3\">https:\/\/futbolhoy.co\/wp-content\/uploads\/2020\/09\/Juan-Fernando-Quintero.mp3<\/a><\/audio>\n<p style=\"text-align: justify;\"><span style=\"font-family: helvetica, arial, sans-serif;\"><em><strong><span style=\"font-size: 10pt;\">Juan Fernando Quintero &#8211; Jugador colombiano<\/span><\/strong><\/em><\/span><\/p>\n<p style=\"text-align: justify;\"><span lang=\"ES\" style=\"font-family: helvetica, arial, sans-serif;\">El volante colombiano\u00a0<b>Juan Fernando Quintero<\/b>\u00a0viaj\u00f3 a\u00a0<b>Miami<\/b>, donde adelantar\u00e1 diligencias personales y permanecer\u00e1 durante un mes, antes de concretar lo que podr\u00eda ser su llegada al\u00a0<b>Zhenshen<\/b>\u00a0de la\u00a0<b>China<\/b>.<\/span><\/p>\n<p style=\"text-align: justify;\"><span lang=\"ES\" style=\"font-family: helvetica, arial, sans-serif;\">Quintero asegur\u00f3 a la prensa local, en el aeropuerto de\u00a0<b>Ezeiza<\/b>, que cuando solucione algunos problemas que tiene definir\u00e1 su futuro, que todo lo que se diga antes de eso son solo especulaciones.<\/span><\/p>\n<p style=\"text-align: justify;\"><span lang=\"ES\" style=\"font-family: helvetica, arial, sans-serif;\">\u201cTengo algunos problemas personales que solucionar como cualquiera; de lo que se est\u00e1 hablando que me voy, cuando eso pase lo comunicar\u00e9\u201d, declar\u00f3 el jugador de\u00a0<b>River Plate<\/b>, quien dejar\u00eda el club \u2018millonario\u2019 por 9 millones de euros netos.<\/span><\/p>\n<p style=\"text-align: justify;\"><span style=\"font-family: helvetica, arial, sans-serif;\"><b><span lang=\"ES\">Juanfer<\/span><\/b><span lang=\"ES\">\u00a0agreg\u00f3 que su relaci\u00f3n con la afici\u00f3n es muy buena y agradeci\u00f3 el trato que recibi\u00f3 siempre.<\/span><\/span><\/p>\n","protected":false},"excerpt":{"rendered":"<p>Juan Fernando Quintero &#8211; Jugador colombiano El volante colombiano\u00a0Juan Fernando Quintero\u00a0viaj\u00f3 a\u00a0Miami, donde adelantar\u00e1 diligencias personales y permanecer\u00e1 durante un mes, antes de concretar lo que podr\u00eda ser su llegada al\u00a0Zhenshen\u00a0de la\u00a0China. Quintero asegur\u00f3 a la prensa local, en el aeropuerto de\u00a0Ezeiza, que cuando solucione algunos problemas que tiene definir\u00e1 su futuro, que todo lo [&hellip;]<\/p>\n","protected":false},"author":5,"featured_media":55062,"comment_status":"open","ping_status":"closed","sticky":false,"template":"","format":"video","meta":{"_acf_changed":false,"footnotes":""},"categories":[418],"tags":[],"class_list":{"0":"post-55061","1":"post","2":"type-post","3":"status-publish","4":"format-video","5":"has-post-thumbnail","7":"category-colombia","8":"post_format-post-format-video"},"acf":[],"_links":{"self":[{"href":"https:\/\/futbolhoy.co\/index.php\/wp-json\/wp\/v2\/posts\/55061","targetHints":{"allow":["GET"]}}],"collection":[{"href":"https:\/\/futbolhoy.co\/index.php\/wp-json\/wp\/v2\/posts"}],"about":[{"href":"https:\/\/futbolhoy.co\/index.php\/wp-json\/wp\/v2\/types\/post"}],"author":[{"embeddable":true,"href":"https:\/\/futbolhoy.co\/index.php\/wp-json\/wp\/v2\/users\/5"}],"replies":[{"embeddable":true,"href":"https:\/\/futbolhoy.co\/index.php\/wp-json\/wp\/v2\/comments?post=55061"}],"version-history":[{"count":2,"href":"https:\/\/futbolhoy.co\/index.php\/wp-json\/wp\/v2\/posts\/55061\/revisions"}],"predecessor-version":[{"id":55065,"href":"https:\/\/futbolhoy.co\/index.php\/wp-json\/wp\/v2\/posts\/55061\/revisions\/55065"}],"wp:featuredmedia":[{"embeddable":true,"href":"https:\/\/futbolhoy.co\/index.php\/wp-json\/wp\/v2\/media\/55062"}],"wp:attachment":[{"href":"https:\/\/futbolhoy.co\/index.php\/wp-json\/wp\/v2\/media?parent=55061"}],"wp:term":[{"taxonomy":"category","embeddable":true,"href":"https:\/\/futbolhoy.co\/index.php\/wp-json\/wp\/v2\/categories?post=55061"},{"taxonomy":"post_tag","embeddable":true,"href":"https:\/\/futbolhoy.co\/index.php\/wp-json\/wp\/v2\/tags?post=55061"}],"curies":[{"name":"wp","href":"https:\/\/api.w.org\/{rel}","templated":true}]}}