{"id":55106,"date":"2020-09-06T09:31:54","date_gmt":"2020-09-06T14:31:54","guid":{"rendered":"https:\/\/futbolhoy.co\/?p=55106"},"modified":"2020-09-07T14:10:56","modified_gmt":"2020-09-07T19:10:56","slug":"por-ahora-me-quedo-en-galatasaray-falcao","status":"publish","type":"post","link":"https:\/\/futbolhoy.co\/index.php\/2020\/09\/06\/por-ahora-me-quedo-en-galatasaray-falcao\/","title":{"rendered":"Por ahora me quedo en Galatasaray: Falcao"},"content":{"rendered":"<audio class=\"wp-audio-shortcode\" id=\"audio-55106-1\" preload=\"none\" style=\"width: 100%;\" controls=\"controls\"><source type=\"audio\/mpeg\" src=\"https:\/\/futbolhoy.co\/wp-content\/uploads\/2020\/09\/ACERO-FLACA2020-09-06.mp3?_=1\" \/><a href=\"https:\/\/futbolhoy.co\/wp-content\/uploads\/2020\/09\/ACERO-FLACA2020-09-06.mp3\">https:\/\/futbolhoy.co\/wp-content\/uploads\/2020\/09\/ACERO-FLACA2020-09-06.mp3<\/a><\/audio>\n<p><em style=\"font-family: helvetica, arial, sans-serif; font-size: 10pt;\"><strong>Falcao Garc\u00eda con el motivador mexicano, Daniel Habif<\/strong><\/em><\/p>\n<p style=\"text-align: justify;\"><span style=\"font-family: helvetica, arial, sans-serif;\">El goleador samario <strong>Falcao Garc\u00eda<\/strong> asegur\u00f3 que est\u00e1 disfrutando su carrera en el <strong>Galatasaray<\/strong> y ratific\u00f3 que cumplir\u00e1 su compromiso con el club turco.<\/span><\/p>\n<p style=\"text-align: justify;\"><span style=\"font-family: helvetica, arial, sans-serif;\">\u201cYo tengo dos a\u00f1os de contrato y no s\u00e9 si vaya a renovar. Por ahora nos quedamos\u201d, dijo \u2018El Tigre\u2019 en una extensa charla con el motivador mexicano <strong>Daniel Habif.<\/strong><\/span><\/p>\n<p style=\"text-align: justify;\"><span style=\"font-family: helvetica, arial, sans-serif;\">Tambi\u00e9n destac\u00f3 lo que signific\u00f3 <strong>Jos\u00e9 P\u00e9kerman<\/strong> en la <strong>selecci\u00f3n Colombia<\/strong>, y lo que gan\u00f3 el equipo con su direcci\u00f3n.<\/span><\/p>\n<p style=\"text-align: justify;\"><span style=\"font-family: helvetica, arial, sans-serif;\">\u201cEn Colombia estamos agradecidos por lo que hizo por el f\u00fatbol nacional. Nos clasific\u00f3 a dos mundiales y ratific\u00f3 esa identidad de nuestro f\u00fatbol; adem\u00e1s es muy carism\u00e1tico y Colombia lo ama\u201d, sostuvo el goleador.<\/span><\/p>\n<p style=\"text-align: justify;\"><span style=\"font-family: helvetica, arial, sans-serif;\"><strong>Falcao,<\/strong> aclar\u00f3 que el mejor entrenador que tuvo en su vida fue su padre, Radamel, quien falleci\u00f3 en enero del 2019 y fue futbolista profesional entre 1977 y 1996, periodo en el que jug\u00f3 con equipos de Colombia y Venezuela.<\/span><\/p>\n<p style=\"text-align: justify;\"><span style=\"font-family: helvetica, arial, sans-serif;\">\u2018El Tigre\u2019 agreg\u00f3 que uno de los peores momentos de su carrera fue su paso por Manchester United, donde no tuvo continuidad.<\/span><\/p>\n<p style=\"text-align: justify;\"><span style=\"font-family: helvetica, arial, sans-serif;\">El colombiano est\u00e1 en plena pretemporada con <strong>Galatasaray,<\/strong> que se alista para la Liga de Turqu\u00eda que iniciar\u00e1 el pr\u00f3ximo fin de semana.<\/span><\/p>\n","protected":false},"excerpt":{"rendered":"<p>Falcao Garc\u00eda con el motivador mexicano, Daniel Habif El goleador samario Falcao Garc\u00eda asegur\u00f3 que est\u00e1 disfrutando su carrera en el Galatasaray y ratific\u00f3 que cumplir\u00e1 su compromiso con el club turco. \u201cYo tengo dos a\u00f1os de contrato y no s\u00e9 si vaya a renovar. Por ahora nos quedamos\u201d, dijo \u2018El Tigre\u2019 en una extensa [&hellip;]<\/p>\n","protected":false},"author":5,"featured_media":55109,"comment_status":"open","ping_status":"closed","sticky":false,"template":"","format":"video","meta":{"_acf_changed":false,"footnotes":""},"categories":[418],"tags":[],"class_list":{"0":"post-55106","1":"post","2":"type-post","3":"status-publish","4":"format-video","5":"has-post-thumbnail","7":"category-colombia","8":"post_format-post-format-video"},"acf":[],"_links":{"self":[{"href":"https:\/\/futbolhoy.co\/index.php\/wp-json\/wp\/v2\/posts\/55106","targetHints":{"allow":["GET"]}}],"collection":[{"href":"https:\/\/futbolhoy.co\/index.php\/wp-json\/wp\/v2\/posts"}],"about":[{"href":"https:\/\/futbolhoy.co\/index.php\/wp-json\/wp\/v2\/types\/post"}],"author":[{"embeddable":true,"href":"https:\/\/futbolhoy.co\/index.php\/wp-json\/wp\/v2\/users\/5"}],"replies":[{"embeddable":true,"href":"https:\/\/futbolhoy.co\/index.php\/wp-json\/wp\/v2\/comments?post=55106"}],"version-history":[{"count":1,"href":"https:\/\/futbolhoy.co\/index.php\/wp-json\/wp\/v2\/posts\/55106\/revisions"}],"predecessor-version":[{"id":55110,"href":"https:\/\/futbolhoy.co\/index.php\/wp-json\/wp\/v2\/posts\/55106\/revisions\/55110"}],"wp:featuredmedia":[{"embeddable":true,"href":"https:\/\/futbolhoy.co\/index.php\/wp-json\/wp\/v2\/media\/55109"}],"wp:attachment":[{"href":"https:\/\/futbolhoy.co\/index.php\/wp-json\/wp\/v2\/media?parent=55106"}],"wp:term":[{"taxonomy":"category","embeddable":true,"href":"https:\/\/futbolhoy.co\/index.php\/wp-json\/wp\/v2\/categories?post=55106"},{"taxonomy":"post_tag","embeddable":true,"href":"https:\/\/futbolhoy.co\/index.php\/wp-json\/wp\/v2\/tags?post=55106"}],"curies":[{"name":"wp","href":"https:\/\/api.w.org\/{rel}","templated":true}]}}