{"id":55311,"date":"2020-09-13T21:36:00","date_gmt":"2020-09-14T02:36:00","guid":{"rendered":"https:\/\/futbolhoy.co\/?p=55311"},"modified":"2020-09-14T17:25:33","modified_gmt":"2020-09-14T22:25:33","slug":"tolima-lider","status":"publish","type":"post","link":"https:\/\/futbolhoy.co\/index.php\/2020\/09\/13\/tolima-lider\/","title":{"rendered":"Tolima, l\u00edder"},"content":{"rendered":"<p style=\"text-align: justify;\"><span style=\"font-family: helvetica, arial, sans-serif;\"><strong>Deportes Tolima<\/strong> venci\u00f3 como visitante 1-3 al <strong>Deportivo Pasto,<\/strong> en partido pendiente por la segunda fecha de la Liga colombiana, y se apoder\u00f3 del primer lugar en la tabla de posiciones.<\/span><\/p>\n<p style=\"text-align: justify;\"><span style=\"font-family: helvetica, arial, sans-serif;\">Los goles del equipo visitante fueron marcados por <strong>Jaminton<\/strong> <strong>Campaz<\/strong> en dos oportunidades (20\u2019 y 70\u2019) y <strong>Juan\u00a0Caicedo<\/strong> (39\u2019); mientras que el descuento de los nari\u00f1enses lleg\u00f3 a trav\u00e9s de <strong>Jhon Pajoy<\/strong> (36\u2019).<\/span><\/p>\n<p style=\"text-align: justify;\"><span style=\"font-family: helvetica, arial, sans-serif;\">El partido, que tuvo una gran efectividad por parte de los tolimenses, dej\u00f3 al d\u00eda el calendario del campeonato, que se reiniciar\u00e1 con la disputa de la novena fecha el viernes.<\/span><\/p>\n<p style=\"text-align: justify;\"><span style=\"font-family: helvetica, arial, sans-serif;\">Tolima sum\u00f3 16 puntos y desplaz\u00f3 del primer lugar a <strong>Atl\u00e9tico Nacional<\/strong>, que se qued\u00f3 con 15 y dej\u00f3 a los \u2018volcanicos\u2019 en la tercera casilla con 14.<\/span><\/p>\n<p style=\"text-align: justify;\"><span style=\"font-family: helvetica, arial, sans-serif;\">La Liga en su reactivaci\u00f3n tendr\u00e1 los juegos <strong>Equidad-Chic\u00f3<\/strong> el vienes a las 6PM y el juego entre el l\u00edder y su escolta en el <strong>Atanasio Girardot<\/strong> a las 8.05PM, <strong>Nacional-Tolima.<\/strong><\/span><\/p>\n","protected":false},"excerpt":{"rendered":"<p>Deportes Tolima venci\u00f3 como visitante 1-3 al Deportivo Pasto, en partido pendiente por la segunda fecha de la Liga colombiana, y se apoder\u00f3 del primer lugar en la tabla de posiciones. Los goles del equipo visitante fueron marcados por Jaminton Campaz en dos oportunidades (20\u2019 y 70\u2019) y Juan\u00a0Caicedo (39\u2019); mientras que el descuento de [&hellip;]<\/p>\n","protected":false},"author":5,"featured_media":55315,"comment_status":"open","ping_status":"closed","sticky":false,"template":"","format":"standard","meta":{"_acf_changed":false,"footnotes":""},"categories":[7],"tags":[171,206,279],"class_list":["post-55311","post","type-post","status-publish","format-standard","has-post-thumbnail","category-liga-betplay","tag-deportes-tolima","tag-deportivo-pasto","tag-liga"],"acf":[],"yoast_head":"<!-- This site is optimized with the Yoast SEO plugin v28.3 - https:\/\/yoast.com\/product\/yoast-seo-wordpress\/ -->\n<title>Tolima, l\u00edder -<\/title>\n<meta name=\"robots\" content=\"index, follow, max-snippet:-1, max-image-preview:large, max-video-preview:-1\" \/>\n<link rel=\"canonical\" href=\"https:\/\/futbolhoy.co\/index.php\/2020\/09\/13\/tolima-lider\/\" \/>\n<meta property=\"og:locale\" content=\"es_ES\" \/>\n<meta property=\"og:type\" content=\"article\" \/>\n<meta property=\"og:title\" content=\"Tolima, l\u00edder -\" \/>\n<meta property=\"og:description\" content=\"Deportes Tolima venci\u00f3 como visitante 1-3 al Deportivo Pasto, en partido pendiente por la segunda fecha de la Liga colombiana, y se apoder\u00f3 del primer lugar en la tabla de posiciones. Los goles del equipo visitante fueron marcados por Jaminton Campaz en dos oportunidades (20\u2019 y 70\u2019) y Juan\u00a0Caicedo (39\u2019); mientras que el descuento de [&hellip;]\" \/>\n<meta property=\"og:url\" content=\"https:\/\/futbolhoy.co\/index.php\/2020\/09\/13\/tolima-lider\/\" \/>\n<meta property=\"article:publisher\" content=\"https:\/\/www.facebook.com\/FutbolHoyCol\/\" \/>\n<meta property=\"article:published_time\" content=\"2020-09-14T02:36:00+00:00\" \/>\n<meta property=\"article:modified_time\" content=\"2020-09-14T22:25:33+00:00\" \/>\n<meta property=\"og:image\" content=\"https:\/\/futbolhoy.co\/wp-content\/uploads\/2020\/09\/PLC-Pasto-v-Tolima_130920206-1024x659.jpg\" \/>\n\t<meta property=\"og:image:width\" content=\"1024\" \/>\n\t<meta property=\"og:image:height\" content=\"659\" \/>\n\t<meta property=\"og:image:type\" content=\"image\/jpeg\" \/>\n<meta name=\"author\" content=\"Laura Hern\u00e1ndez\" \/>\n<meta name=\"twitter:card\" content=\"summary_large_image\" \/>\n<meta name=\"twitter:creator\" content=\"@FutbolHoyCol\" \/>\n<meta name=\"twitter:site\" content=\"@FutbolHoyCol\" \/>\n<meta name=\"twitter:label1\" content=\"Escrito por\" \/>\n\t<meta name=\"twitter:data1\" content=\"Laura Hern\u00e1ndez\" \/>\n\t<meta name=\"twitter:label2\" content=\"Tiempo de lectura\" \/>\n\t<meta name=\"twitter:data2\" content=\"1 minuto\" \/>\n<script type=\"application\/ld+json\" class=\"yoast-schema-graph\">{\"@context\":\"https:\\\/\\\/schema.org\",\"@graph\":[{\"@type\":\"Article\",\"@id\":\"https:\\\/\\\/futbolhoy.co\\\/index.php\\\/2020\\\/09\\\/13\\\/tolima-lider\\\/#article\",\"isPartOf\":{\"@id\":\"https:\\\/\\\/futbolhoy.co\\\/index.php\\\/2020\\\/09\\\/13\\\/tolima-lider\\\/\"},\"author\":{\"name\":\"Laura Hern\u00e1ndez\",\"@id\":\"https:\\\/\\\/futbolhoy.co\\\/#\\\/schema\\\/person\\\/c4a353a512b127643723a34bb1812f7d\"},\"headline\":\"Tolima, l\u00edder\",\"datePublished\":\"2020-09-14T02:36:00+00:00\",\"dateModified\":\"2020-09-14T22:25:33+00:00\",\"mainEntityOfPage\":{\"@id\":\"https:\\\/\\\/futbolhoy.co\\\/index.php\\\/2020\\\/09\\\/13\\\/tolima-lider\\\/\"},\"wordCount\":157,\"commentCount\":0,\"image\":{\"@id\":\"https:\\\/\\\/futbolhoy.co\\\/index.php\\\/2020\\\/09\\\/13\\\/tolima-lider\\\/#primaryimage\"},\"thumbnailUrl\":\"https:\\\/\\\/futbolhoy.co\\\/wp-content\\\/uploads\\\/2020\\\/09\\\/PLC-Pasto-v-Tolima_130920206.jpg\",\"keywords\":[\"Deportes Tolima\",\"Deportivo Pasto\",\"liga\"],\"articleSection\":[\"Liga BetPlay\"],\"inLanguage\":\"es\",\"potentialAction\":[{\"@type\":\"CommentAction\",\"name\":\"Comment\",\"target\":[\"https:\\\/\\\/futbolhoy.co\\\/index.php\\\/2020\\\/09\\\/13\\\/tolima-lider\\\/#respond\"]}]},{\"@type\":\"WebPage\",\"@id\":\"https:\\\/\\\/futbolhoy.co\\\/index.php\\\/2020\\\/09\\\/13\\\/tolima-lider\\\/\",\"url\":\"https:\\\/\\\/futbolhoy.co\\\/index.php\\\/2020\\\/09\\\/13\\\/tolima-lider\\\/\",\"name\":\"Tolima, l\u00edder -\",\"isPartOf\":{\"@id\":\"https:\\\/\\\/futbolhoy.co\\\/#website\"},\"primaryImageOfPage\":{\"@id\":\"https:\\\/\\\/futbolhoy.co\\\/index.php\\\/2020\\\/09\\\/13\\\/tolima-lider\\\/#primaryimage\"},\"image\":{\"@id\":\"https:\\\/\\\/futbolhoy.co\\\/index.php\\\/2020\\\/09\\\/13\\\/tolima-lider\\\/#primaryimage\"},\"thumbnailUrl\":\"https:\\\/\\\/futbolhoy.co\\\/wp-content\\\/uploads\\\/2020\\\/09\\\/PLC-Pasto-v-Tolima_130920206.jpg\",\"datePublished\":\"2020-09-14T02:36:00+00:00\",\"dateModified\":\"2020-09-14T22:25:33+00:00\",\"author\":{\"@id\":\"https:\\\/\\\/futbolhoy.co\\\/#\\\/schema\\\/person\\\/c4a353a512b127643723a34bb1812f7d\"},\"breadcrumb\":{\"@id\":\"https:\\\/\\\/futbolhoy.co\\\/index.php\\\/2020\\\/09\\\/13\\\/tolima-lider\\\/#breadcrumb\"},\"inLanguage\":\"es\",\"potentialAction\":[{\"@type\":\"ReadAction\",\"target\":[\"https:\\\/\\\/futbolhoy.co\\\/index.php\\\/2020\\\/09\\\/13\\\/tolima-lider\\\/\"]}]},{\"@type\":\"ImageObject\",\"inLanguage\":\"es\",\"@id\":\"https:\\\/\\\/futbolhoy.co\\\/index.php\\\/2020\\\/09\\\/13\\\/tolima-lider\\\/#primaryimage\",\"url\":\"https:\\\/\\\/futbolhoy.co\\\/wp-content\\\/uploads\\\/2020\\\/09\\\/PLC-Pasto-v-Tolima_130920206.jpg\",\"contentUrl\":\"https:\\\/\\\/futbolhoy.co\\\/wp-content\\\/uploads\\\/2020\\\/09\\\/PLC-Pasto-v-Tolima_130920206.jpg\",\"width\":2400,\"height\":1544},{\"@type\":\"BreadcrumbList\",\"@id\":\"https:\\\/\\\/futbolhoy.co\\\/index.php\\\/2020\\\/09\\\/13\\\/tolima-lider\\\/#breadcrumb\",\"itemListElement\":[{\"@type\":\"ListItem\",\"position\":1,\"name\":\"Portada\",\"item\":\"https:\\\/\\\/futbolhoy.co\\\/\"},{\"@type\":\"ListItem\",\"position\":2,\"name\":\"Tolima, l\u00edder\"}]},{\"@type\":\"WebSite\",\"@id\":\"https:\\\/\\\/futbolhoy.co\\\/#website\",\"url\":\"https:\\\/\\\/futbolhoy.co\\\/\",\"name\":\"FutbolHoy\",\"description\":\"\",\"potentialAction\":[{\"@type\":\"SearchAction\",\"target\":{\"@type\":\"EntryPoint\",\"urlTemplate\":\"https:\\\/\\\/futbolhoy.co\\\/?s={search_term_string}\"},\"query-input\":{\"@type\":\"PropertyValueSpecification\",\"valueRequired\":true,\"valueName\":\"search_term_string\"}}],\"inLanguage\":\"es\"},{\"@type\":\"Person\",\"@id\":\"https:\\\/\\\/futbolhoy.co\\\/#\\\/schema\\\/person\\\/c4a353a512b127643723a34bb1812f7d\",\"name\":\"Laura Hern\u00e1ndez\",\"image\":{\"@type\":\"ImageObject\",\"inLanguage\":\"es\",\"@id\":\"https:\\\/\\\/secure.gravatar.com\\\/avatar\\\/1ae6b7966942c60c822ea71afe0e5cf4105b8e983193883c6d026db4d508431d?s=96&d=mm&r=g\",\"url\":\"https:\\\/\\\/secure.gravatar.com\\\/avatar\\\/1ae6b7966942c60c822ea71afe0e5cf4105b8e983193883c6d026db4d508431d?s=96&d=mm&r=g\",\"contentUrl\":\"https:\\\/\\\/secure.gravatar.com\\\/avatar\\\/1ae6b7966942c60c822ea71afe0e5cf4105b8e983193883c6d026db4d508431d?s=96&d=mm&r=g\",\"caption\":\"Laura Hern\u00e1ndez\"}}]}<\/script>\n<!-- \/ Yoast SEO plugin. -->","yoast_head_json":{"title":"Tolima, l\u00edder -","robots":{"index":"index","follow":"follow","max-snippet":"max-snippet:-1","max-image-preview":"max-image-preview:large","max-video-preview":"max-video-preview:-1"},"canonical":"https:\/\/futbolhoy.co\/index.php\/2020\/09\/13\/tolima-lider\/","og_locale":"es_ES","og_type":"article","og_title":"Tolima, l\u00edder -","og_description":"Deportes Tolima venci\u00f3 como visitante 1-3 al Deportivo Pasto, en partido pendiente por la segunda fecha de la Liga colombiana, y se apoder\u00f3 del primer lugar en la tabla de posiciones. Los goles del equipo visitante fueron marcados por Jaminton Campaz en dos oportunidades (20\u2019 y 70\u2019) y Juan\u00a0Caicedo (39\u2019); mientras que el descuento de [&hellip;]","og_url":"https:\/\/futbolhoy.co\/index.php\/2020\/09\/13\/tolima-lider\/","article_publisher":"https:\/\/www.facebook.com\/FutbolHoyCol\/","article_published_time":"2020-09-14T02:36:00+00:00","article_modified_time":"2020-09-14T22:25:33+00:00","og_image":[{"width":1024,"height":659,"url":"https:\/\/futbolhoy.co\/wp-content\/uploads\/2020\/09\/PLC-Pasto-v-Tolima_130920206-1024x659.jpg","type":"image\/jpeg"}],"author":"Laura Hern\u00e1ndez","twitter_card":"summary_large_image","twitter_creator":"@FutbolHoyCol","twitter_site":"@FutbolHoyCol","twitter_misc":{"Escrito por":"Laura Hern\u00e1ndez","Tiempo de lectura":"1 minuto"},"schema":{"@context":"https:\/\/schema.org","@graph":[{"@type":"Article","@id":"https:\/\/futbolhoy.co\/index.php\/2020\/09\/13\/tolima-lider\/#article","isPartOf":{"@id":"https:\/\/futbolhoy.co\/index.php\/2020\/09\/13\/tolima-lider\/"},"author":{"name":"Laura Hern\u00e1ndez","@id":"https:\/\/futbolhoy.co\/#\/schema\/person\/c4a353a512b127643723a34bb1812f7d"},"headline":"Tolima, l\u00edder","datePublished":"2020-09-14T02:36:00+00:00","dateModified":"2020-09-14T22:25:33+00:00","mainEntityOfPage":{"@id":"https:\/\/futbolhoy.co\/index.php\/2020\/09\/13\/tolima-lider\/"},"wordCount":157,"commentCount":0,"image":{"@id":"https:\/\/futbolhoy.co\/index.php\/2020\/09\/13\/tolima-lider\/#primaryimage"},"thumbnailUrl":"https:\/\/futbolhoy.co\/wp-content\/uploads\/2020\/09\/PLC-Pasto-v-Tolima_130920206.jpg","keywords":["Deportes Tolima","Deportivo Pasto","liga"],"articleSection":["Liga BetPlay"],"inLanguage":"es","potentialAction":[{"@type":"CommentAction","name":"Comment","target":["https:\/\/futbolhoy.co\/index.php\/2020\/09\/13\/tolima-lider\/#respond"]}]},{"@type":"WebPage","@id":"https:\/\/futbolhoy.co\/index.php\/2020\/09\/13\/tolima-lider\/","url":"https:\/\/futbolhoy.co\/index.php\/2020\/09\/13\/tolima-lider\/","name":"Tolima, l\u00edder -","isPartOf":{"@id":"https:\/\/futbolhoy.co\/#website"},"primaryImageOfPage":{"@id":"https:\/\/futbolhoy.co\/index.php\/2020\/09\/13\/tolima-lider\/#primaryimage"},"image":{"@id":"https:\/\/futbolhoy.co\/index.php\/2020\/09\/13\/tolima-lider\/#primaryimage"},"thumbnailUrl":"https:\/\/futbolhoy.co\/wp-content\/uploads\/2020\/09\/PLC-Pasto-v-Tolima_130920206.jpg","datePublished":"2020-09-14T02:36:00+00:00","dateModified":"2020-09-14T22:25:33+00:00","author":{"@id":"https:\/\/futbolhoy.co\/#\/schema\/person\/c4a353a512b127643723a34bb1812f7d"},"breadcrumb":{"@id":"https:\/\/futbolhoy.co\/index.php\/2020\/09\/13\/tolima-lider\/#breadcrumb"},"inLanguage":"es","potentialAction":[{"@type":"ReadAction","target":["https:\/\/futbolhoy.co\/index.php\/2020\/09\/13\/tolima-lider\/"]}]},{"@type":"ImageObject","inLanguage":"es","@id":"https:\/\/futbolhoy.co\/index.php\/2020\/09\/13\/tolima-lider\/#primaryimage","url":"https:\/\/futbolhoy.co\/wp-content\/uploads\/2020\/09\/PLC-Pasto-v-Tolima_130920206.jpg","contentUrl":"https:\/\/futbolhoy.co\/wp-content\/uploads\/2020\/09\/PLC-Pasto-v-Tolima_130920206.jpg","width":2400,"height":1544},{"@type":"BreadcrumbList","@id":"https:\/\/futbolhoy.co\/index.php\/2020\/09\/13\/tolima-lider\/#breadcrumb","itemListElement":[{"@type":"ListItem","position":1,"name":"Portada","item":"https:\/\/futbolhoy.co\/"},{"@type":"ListItem","position":2,"name":"Tolima, l\u00edder"}]},{"@type":"WebSite","@id":"https:\/\/futbolhoy.co\/#website","url":"https:\/\/futbolhoy.co\/","name":"FutbolHoy","description":"","potentialAction":[{"@type":"SearchAction","target":{"@type":"EntryPoint","urlTemplate":"https:\/\/futbolhoy.co\/?s={search_term_string}"},"query-input":{"@type":"PropertyValueSpecification","valueRequired":true,"valueName":"search_term_string"}}],"inLanguage":"es"},{"@type":"Person","@id":"https:\/\/futbolhoy.co\/#\/schema\/person\/c4a353a512b127643723a34bb1812f7d","name":"Laura Hern\u00e1ndez","image":{"@type":"ImageObject","inLanguage":"es","@id":"https:\/\/secure.gravatar.com\/avatar\/1ae6b7966942c60c822ea71afe0e5cf4105b8e983193883c6d026db4d508431d?s=96&d=mm&r=g","url":"https:\/\/secure.gravatar.com\/avatar\/1ae6b7966942c60c822ea71afe0e5cf4105b8e983193883c6d026db4d508431d?s=96&d=mm&r=g","contentUrl":"https:\/\/secure.gravatar.com\/avatar\/1ae6b7966942c60c822ea71afe0e5cf4105b8e983193883c6d026db4d508431d?s=96&d=mm&r=g","caption":"Laura Hern\u00e1ndez"}}]}},"_links":{"self":[{"href":"https:\/\/futbolhoy.co\/index.php\/wp-json\/wp\/v2\/posts\/55311","targetHints":{"allow":["GET"]}}],"collection":[{"href":"https:\/\/futbolhoy.co\/index.php\/wp-json\/wp\/v2\/posts"}],"about":[{"href":"https:\/\/futbolhoy.co\/index.php\/wp-json\/wp\/v2\/types\/post"}],"author":[{"embeddable":true,"href":"https:\/\/futbolhoy.co\/index.php\/wp-json\/wp\/v2\/users\/5"}],"replies":[{"embeddable":true,"href":"https:\/\/futbolhoy.co\/index.php\/wp-json\/wp\/v2\/comments?post=55311"}],"version-history":[{"count":1,"href":"https:\/\/futbolhoy.co\/index.php\/wp-json\/wp\/v2\/posts\/55311\/revisions"}],"predecessor-version":[{"id":55314,"href":"https:\/\/futbolhoy.co\/index.php\/wp-json\/wp\/v2\/posts\/55311\/revisions\/55314"}],"wp:featuredmedia":[{"embeddable":true,"href":"https:\/\/futbolhoy.co\/index.php\/wp-json\/wp\/v2\/media\/55315"}],"wp:attachment":[{"href":"https:\/\/futbolhoy.co\/index.php\/wp-json\/wp\/v2\/media?parent=55311"}],"wp:term":[{"taxonomy":"category","embeddable":true,"href":"https:\/\/futbolhoy.co\/index.php\/wp-json\/wp\/v2\/categories?post=55311"},{"taxonomy":"post_tag","embeddable":true,"href":"https:\/\/futbolhoy.co\/index.php\/wp-json\/wp\/v2\/tags?post=55311"}],"curies":[{"name":"wp","href":"https:\/\/api.w.org\/{rel}","templated":true}]}}