{"id":55387,"date":"2020-09-16T19:29:40","date_gmt":"2020-09-17T00:29:40","guid":{"rendered":"https:\/\/futbolhoy.co\/?p=55387"},"modified":"2020-09-17T08:42:55","modified_gmt":"2020-09-17T13:42:55","slug":"america-perdio-sobre-la-hora","status":"publish","type":"post","link":"https:\/\/futbolhoy.co\/index.php\/2020\/09\/16\/america-perdio-sobre-la-hora\/","title":{"rendered":"Am\u00e9rica perdi\u00f3 sobre la hora"},"content":{"rendered":"<p style=\"text-align: justify;\"><span style=\"font-family: helvetica, arial, sans-serif;\">El reinicio de competencia internacional para el <strong>Am\u00e9rica de Cali<\/strong> lo comprometi\u00f3 en su intenci\u00f3n de avanzar a la segunda ronda de la <strong>Copa Libertadores<\/strong>, luego de caer 4-3 en su visita al <strong>Inter<\/strong> de Porto Alegre en la tercera fecha del grupo E.<\/span><\/p>\n<p style=\"text-align: justify;\"><span style=\"font-family: helvetica, arial, sans-serif;\">Los goles del equipo brasile\u00f1o fueron marcados por el delantero uruguayo <strong>Abel Hern\u00e1ndez,<\/strong> ambos de golpe de cabeza (2\u2019 y 33\u2019) y <strong>Gabriel Boschilia<\/strong> (19\u2019 y 90+1); mientras que por los vallecaucanos convirtieron <strong>Duv\u00e1n Vergara<\/strong> de remate cruzado (28\u2019), el capit\u00e1n <strong>Adri\u00e1n Ramos<\/strong> de cabezazo (49\u2019) y <strong>Santiago Moreno<\/strong> (78\u2019) en efectivo contragolpe.<\/span><\/p>\n<p style=\"text-align: justify;\"><span style=\"font-family: helvetica, arial, sans-serif;\">El compromiso result\u00f3 de gran nivel futbol\u00edstico, con dos equipos generosos en su juego y de permanente vocaci\u00f3n ofensiva, produciendo varias opciones en el arco contrario, que permitieron el lucimiento de los porteros <strong>Marcelo Lomba<\/strong> y <strong>\u00c9der Chaux<\/strong>.<\/span><\/p>\n<p style=\"text-align: justify;\"><span style=\"font-family: helvetica, arial, sans-serif;\">El resultado deja muy satisfechos a los dirigidos por el argentino <strong>Eduardo Coudet<\/strong>, lideres del Brasileirao, quienes no dispusieron de nueve jugadores de su plantilla para este compromiso, entre suspendidos y lesionados.<\/span><\/p>\n<p style=\"text-align: justify;\"><span style=\"font-family: helvetica, arial, sans-serif;\"><strong>Inter<\/strong> suma 7 puntos y <strong>Am\u00e9rica<\/strong> se qued\u00f3 con 3 al t\u00e9rmino de la primera vuelta de la serie para ambos conjuntos.<\/span><\/p>\n<p style=\"text-align: justify;\"><span style=\"font-family: helvetica, arial, sans-serif;\">Los americanos recibir\u00e1n en su pr\u00f3ximo juego a la <strong>Universidad Cat\u00f3lica<\/strong> de Chile el mi\u00e9rcoles 23 de septiembre; mientras que Inter jugar\u00e1 el cl\u00e1sico ese mismo d\u00eda frente a <strong>Gremio.<\/strong><\/span><\/p>\n","protected":false},"excerpt":{"rendered":"<p>El reinicio de competencia internacional para el Am\u00e9rica de Cali lo comprometi\u00f3 en su intenci\u00f3n de avanzar a la segunda ronda de la Copa Libertadores, luego de caer 4-3 en su visita al Inter de Porto Alegre en la tercera fecha del grupo E. Los goles del equipo brasile\u00f1o fueron marcados por el delantero uruguayo [&hellip;]<\/p>\n","protected":false},"author":5,"featured_media":55389,"comment_status":"open","ping_status":"closed","sticky":false,"template":"","format":"standard","meta":{"_acf_changed":false,"footnotes":""},"categories":[653],"tags":[],"class_list":{"0":"post-55387","1":"post","2":"type-post","3":"status-publish","4":"format-standard","5":"has-post-thumbnail","7":"category-copa-libertadores"},"acf":[],"_links":{"self":[{"href":"https:\/\/futbolhoy.co\/index.php\/wp-json\/wp\/v2\/posts\/55387","targetHints":{"allow":["GET"]}}],"collection":[{"href":"https:\/\/futbolhoy.co\/index.php\/wp-json\/wp\/v2\/posts"}],"about":[{"href":"https:\/\/futbolhoy.co\/index.php\/wp-json\/wp\/v2\/types\/post"}],"author":[{"embeddable":true,"href":"https:\/\/futbolhoy.co\/index.php\/wp-json\/wp\/v2\/users\/5"}],"replies":[{"embeddable":true,"href":"https:\/\/futbolhoy.co\/index.php\/wp-json\/wp\/v2\/comments?post=55387"}],"version-history":[{"count":1,"href":"https:\/\/futbolhoy.co\/index.php\/wp-json\/wp\/v2\/posts\/55387\/revisions"}],"predecessor-version":[{"id":55390,"href":"https:\/\/futbolhoy.co\/index.php\/wp-json\/wp\/v2\/posts\/55387\/revisions\/55390"}],"wp:featuredmedia":[{"embeddable":true,"href":"https:\/\/futbolhoy.co\/index.php\/wp-json\/wp\/v2\/media\/55389"}],"wp:attachment":[{"href":"https:\/\/futbolhoy.co\/index.php\/wp-json\/wp\/v2\/media?parent=55387"}],"wp:term":[{"taxonomy":"category","embeddable":true,"href":"https:\/\/futbolhoy.co\/index.php\/wp-json\/wp\/v2\/categories?post=55387"},{"taxonomy":"post_tag","embeddable":true,"href":"https:\/\/futbolhoy.co\/index.php\/wp-json\/wp\/v2\/tags?post=55387"}],"curies":[{"name":"wp","href":"https:\/\/api.w.org\/{rel}","templated":true}]}}