{"id":55399,"date":"2020-09-17T06:38:20","date_gmt":"2020-09-17T11:38:20","guid":{"rendered":"https:\/\/futbolhoy.co\/?p=55399"},"modified":"2020-09-17T12:53:29","modified_gmt":"2020-09-17T17:53:29","slug":"mineiro-descarto-a-villa","status":"publish","type":"post","link":"https:\/\/futbolhoy.co\/index.php\/2020\/09\/17\/mineiro-descarto-a-villa\/","title":{"rendered":"Mineiro descart\u00f3 a Villa"},"content":{"rendered":"<p style=\"text-align: justify;\"><span style=\"font-family: helvetica, arial, sans-serif;\"><strong>Atl\u00e9tico Mineiro<\/strong> descart\u00f3 contratar el extremo antioque\u00f1o <strong>Sebasti\u00e1n Villa,<\/strong> de <strong>Boca Juniors,<\/strong> quien afronta una demanda por violencia de g\u00e9nero en <strong>Argentina.<\/strong><\/span><\/p>\n<p style=\"text-align: justify;\"><span style=\"font-family: helvetica, arial, sans-serif;\">\u00abEl Atl\u00e9tico del futuro necesita pilares s\u00f3lidos que est\u00e1n m\u00e1s all\u00e1 de las cuatro l\u00edneas. La Comisi\u00f3n y Departamento de F\u00fatbol tienen independencia para evaluar y sugerir, pero la palabra final es m\u00eda. No va a venir\u00bb, escribi\u00f3 en twitter el presidente del club <strong>Sergio Sette Camara.<\/strong><\/span><\/p>\n<p style=\"text-align: justify;\"><span style=\"font-family: helvetica, arial, sans-serif;\">Los l\u00edos que tiene el jugador, fueron determinantes para que el directivo descartara esta alternativa.<\/span><\/p>\n<p style=\"text-align: justify;\"><span style=\"font-family: helvetica, arial, sans-serif;\">Villa fue demandado en abril por su expareja <strong>Daniela Cort\u00e9s,<\/strong> luego de un incidente en su residencia.<\/span><\/p>\n","protected":false},"excerpt":{"rendered":"<p>Atl\u00e9tico Mineiro descart\u00f3 contratar el extremo antioque\u00f1o Sebasti\u00e1n Villa, de Boca Juniors, quien afronta una demanda por violencia de g\u00e9nero en Argentina. \u00abEl Atl\u00e9tico del futuro necesita pilares s\u00f3lidos que est\u00e1n m\u00e1s all\u00e1 de las cuatro l\u00edneas. La Comisi\u00f3n y Departamento de F\u00fatbol tienen independencia para evaluar y sugerir, pero la palabra final es m\u00eda. [&hellip;]<\/p>\n","protected":false},"author":5,"featured_media":47776,"comment_status":"open","ping_status":"closed","sticky":false,"template":"","format":"standard","meta":{"_acf_changed":false,"footnotes":""},"categories":[152],"tags":[887,260,1048],"class_list":{"0":"post-55399","1":"post","2":"type-post","3":"status-publish","4":"format-standard","5":"has-post-thumbnail","7":"category-mundo-futbol","8":"tag-atletico-mineiro","9":"tag-boca-juniors","10":"tag-sebastian-villa"},"acf":[],"_links":{"self":[{"href":"https:\/\/futbolhoy.co\/index.php\/wp-json\/wp\/v2\/posts\/55399","targetHints":{"allow":["GET"]}}],"collection":[{"href":"https:\/\/futbolhoy.co\/index.php\/wp-json\/wp\/v2\/posts"}],"about":[{"href":"https:\/\/futbolhoy.co\/index.php\/wp-json\/wp\/v2\/types\/post"}],"author":[{"embeddable":true,"href":"https:\/\/futbolhoy.co\/index.php\/wp-json\/wp\/v2\/users\/5"}],"replies":[{"embeddable":true,"href":"https:\/\/futbolhoy.co\/index.php\/wp-json\/wp\/v2\/comments?post=55399"}],"version-history":[{"count":1,"href":"https:\/\/futbolhoy.co\/index.php\/wp-json\/wp\/v2\/posts\/55399\/revisions"}],"predecessor-version":[{"id":55400,"href":"https:\/\/futbolhoy.co\/index.php\/wp-json\/wp\/v2\/posts\/55399\/revisions\/55400"}],"wp:featuredmedia":[{"embeddable":true,"href":"https:\/\/futbolhoy.co\/index.php\/wp-json\/wp\/v2\/media\/47776"}],"wp:attachment":[{"href":"https:\/\/futbolhoy.co\/index.php\/wp-json\/wp\/v2\/media?parent=55399"}],"wp:term":[{"taxonomy":"category","embeddable":true,"href":"https:\/\/futbolhoy.co\/index.php\/wp-json\/wp\/v2\/categories?post=55399"},{"taxonomy":"post_tag","embeddable":true,"href":"https:\/\/futbolhoy.co\/index.php\/wp-json\/wp\/v2\/tags?post=55399"}],"curies":[{"name":"wp","href":"https:\/\/api.w.org\/{rel}","templated":true}]}}