{"id":55442,"date":"2020-09-18T12:50:26","date_gmt":"2020-09-18T17:50:26","guid":{"rendered":"https:\/\/futbolhoy.co\/?p=55442"},"modified":"2020-09-19T08:27:51","modified_gmt":"2020-09-19T13:27:51","slug":"venezuela-entrego-lista-para-enfrentar-a-colombia","status":"publish","type":"post","link":"https:\/\/futbolhoy.co\/index.php\/2020\/09\/18\/venezuela-entrego-lista-para-enfrentar-a-colombia\/","title":{"rendered":"Venezuela entreg\u00f3 lista para enfrentar a Colombia"},"content":{"rendered":"<p style=\"text-align: justify;\"><span style=\"font-family: helvetica, arial, sans-serif;\">La selecci\u00f3n <strong>Venezuela,<\/strong> que dirige el t\u00e9cnico portugu\u00e9s <strong>Jos\u00e9 Peseiro,<\/strong> entreg\u00f3 una lista de 40 jugadores para los dos primeros partidos de las eliminatorias al <strong>Mundial Qatar 2022<\/strong>, donde visitar\u00e1 a <strong>Colombia<\/strong> el 9 de octubre y recibir\u00e1 a <strong>Paraguay<\/strong> el 13 del mismo mes.<\/span><\/p>\n<p style=\"text-align: justify;\"><span style=\"font-family: helvetica, arial, sans-serif;\">En el grupo de citados figuran el arquero <strong>Joel Graterol<\/strong> del <strong>Am\u00e9rica,<\/strong> el volante <strong>Luis Manuel Seijas<\/strong> de <strong>Santa<\/strong> Fe y <strong>Bernaldo Manzano<\/strong> del <strong>Bucaramanga,<\/strong> quienes militan en la Liga colombiana.<\/span><\/p>\n<p style=\"text-align: justify;\"><span style=\"font-family: helvetica, arial, sans-serif;\">Adem\u00e1s, aparecen <strong>Wuilker Far\u00ed\u00f1ez<\/strong> del <strong>Lens<\/strong> franc\u00e9s, <strong>Tom\u00e1s Rinc\u00f3n<\/strong> del <strong>Torino<\/strong> italiano, <strong>Salom\u00f3n Rond\u00f3n<\/strong> del <strong>Dalian Yifang<\/strong> chino y <strong>Fernando Aristeguieta<\/strong> del <strong>Mazatl\u00e1n<\/strong> mexicano.<\/span><\/p>\n<p style=\"text-align: justify;\"><strong><span style=\"font-family: helvetica, arial, sans-serif;\">Lista de 40 convocados:<\/span><\/strong><\/p>\n<p style=\"text-align: justify;\"><span style=\"font-family: helvetica, arial, sans-serif;\"><strong>Porteros:<\/strong> Wuilker Fari\u00f1ez (Lens\/FRA), Joel Graterol (Am\u00e9rica\/COL) Alain Baroja (Delf\u00edn\/ECU), Jos\u00e9 Contreras (T\u00e1chira), Rafael Romo (Leuven\/BEL).<\/span><\/p>\n<p style=\"text-align: justify;\"><span style=\"font-family: helvetica, arial, sans-serif;\"><strong>Defensas:<\/strong> Alexander Gonz\u00e1lez (Dimamo Bucarest\/RUM), Jhon Chancellor (Brescia\/ITA), Luis Mago (U. Chile\/CHI), Mikel Villanueva (Santa Clara\/POR), Miguel Navarro (Chicago Fire\/USA), Nahuel Ferraresi (Moreirense\/POR), Roberto Rosales (Legan\u00e9s\/ESP), Rolf Feltscher (LA Galaxy\/USA), Ronald Hern\u00e1ndez (Aberdeen\/ESC), Wilker \u00c1ngel (Ajmat Grozni\/RUS) Yordan Osorio (Porto\/POR).<\/span><\/p>\n<p style=\"text-align: justify;\"><span style=\"font-family: helvetica, arial, sans-serif;\"><strong>Volantes:<\/strong> Arqu\u00edmedes Figuera (C\u00e9sar Vallejo\/PER), Bernaldo Manzano (Bucaramanga\/COL), Christian C\u00e1sseres (Red Bull NY\/USA), Darwin Mach\u00eds (Granada\/ESP), Eduardo Bello (Antofagasta\/CHI), Jefferson Savarino (Atl. Mineiro\/BRA), Jhon Murillo (Tondela\/POR), Jos\u00e9 Mart\u00ednez (Filadelfia Uni\u00f3n\/USA), Juan Pablo A\u00f1or (M\u00e1laga\/ESP), Junior Moreno (DC.United\/USA), Luis Manuel Seijas (Santa Fe\/COL), Renzo Zambrano (Timbers Portland\/USA), R\u00f3mulo Otero (Corinthians\/BRA), Samuel Sosa (Alcorc\u00f3n\/ESP), Tom\u00e1s Rinc\u00f3n (Torino\/ITA), Yangel Herrera (Granada\/ESP), Yeferson Soteldo (Santos\/BRA).<\/span><\/p>\n<p style=\"text-align: justify;\"><span style=\"font-family: helvetica, arial, sans-serif;\"><strong>Delanteros:<\/strong> Salom\u00f3n Rond\u00f3n (Dalian Yifang\/CHN), Andr\u00e9s Ponce (Ajmat Grozni\/RUS), Fernando Aristiguieta (Mazatlan\/MEX), Erick Ram\u00edrez (Dac Dunajska\/SVK), Jan Hurtado (Bragantino\/BRA), Sergio C\u00f3rdova (Arminia Bielefield\/ALE), Jhonder C\u00e1diz (Nashville\/USA).<\/span><\/p>\n","protected":false},"excerpt":{"rendered":"<p>La selecci\u00f3n Venezuela, que dirige el t\u00e9cnico portugu\u00e9s Jos\u00e9 Peseiro, entreg\u00f3 una lista de 40 jugadores para los dos primeros partidos de las eliminatorias al Mundial Qatar 2022, donde visitar\u00e1 a Colombia el 9 de octubre y recibir\u00e1 a Paraguay el 13 del mismo mes. En el grupo de citados figuran el arquero Joel Graterol [&hellip;]<\/p>\n","protected":false},"author":5,"featured_media":5279,"comment_status":"open","ping_status":"closed","sticky":false,"template":"","format":"standard","meta":{"_acf_changed":false,"footnotes":""},"categories":[152],"tags":[],"class_list":{"0":"post-55442","1":"post","2":"type-post","3":"status-publish","4":"format-standard","5":"has-post-thumbnail","7":"category-mundo-futbol"},"acf":[],"_links":{"self":[{"href":"https:\/\/futbolhoy.co\/index.php\/wp-json\/wp\/v2\/posts\/55442","targetHints":{"allow":["GET"]}}],"collection":[{"href":"https:\/\/futbolhoy.co\/index.php\/wp-json\/wp\/v2\/posts"}],"about":[{"href":"https:\/\/futbolhoy.co\/index.php\/wp-json\/wp\/v2\/types\/post"}],"author":[{"embeddable":true,"href":"https:\/\/futbolhoy.co\/index.php\/wp-json\/wp\/v2\/users\/5"}],"replies":[{"embeddable":true,"href":"https:\/\/futbolhoy.co\/index.php\/wp-json\/wp\/v2\/comments?post=55442"}],"version-history":[{"count":1,"href":"https:\/\/futbolhoy.co\/index.php\/wp-json\/wp\/v2\/posts\/55442\/revisions"}],"predecessor-version":[{"id":55443,"href":"https:\/\/futbolhoy.co\/index.php\/wp-json\/wp\/v2\/posts\/55442\/revisions\/55443"}],"wp:featuredmedia":[{"embeddable":true,"href":"https:\/\/futbolhoy.co\/index.php\/wp-json\/wp\/v2\/media\/5279"}],"wp:attachment":[{"href":"https:\/\/futbolhoy.co\/index.php\/wp-json\/wp\/v2\/media?parent=55442"}],"wp:term":[{"taxonomy":"category","embeddable":true,"href":"https:\/\/futbolhoy.co\/index.php\/wp-json\/wp\/v2\/categories?post=55442"},{"taxonomy":"post_tag","embeddable":true,"href":"https:\/\/futbolhoy.co\/index.php\/wp-json\/wp\/v2\/tags?post=55442"}],"curies":[{"name":"wp","href":"https:\/\/api.w.org\/{rel}","templated":true}]}}