{"id":55453,"date":"2020-09-18T19:54:53","date_gmt":"2020-09-19T00:54:53","guid":{"rendered":"https:\/\/futbolhoy.co\/?p=55453"},"modified":"2020-09-19T13:07:50","modified_gmt":"2020-09-19T18:07:50","slug":"con-gol-olimpico-equidad-goleo-a-chico","status":"publish","type":"post","link":"https:\/\/futbolhoy.co\/index.php\/2020\/09\/18\/con-gol-olimpico-equidad-goleo-a-chico\/","title":{"rendered":"Con gol ol\u00edmpico, Equidad gole\u00f3 a Chic\u00f3"},"content":{"rendered":"<p style=\"text-align: justify;\"><span style=\"font-family: helvetica, arial, sans-serif;\"><strong>Equidad<\/strong> abri\u00f3 la fecha 9 del f\u00fatbol colombiano con una contundente victoria 4-0 sobre el <strong>Boyac\u00e1 Chic\u00f3,<\/strong> juego en el que el uruguayo <strong>Mat\u00edas Mier<\/strong> qued\u00f3 en la historia del cuadro &#8216;Asegurador&#8217; al marcar el primer gol ol\u00edmpico del conjunto bogotano.<\/span><\/p>\n<p style=\"text-align: justify;\"><span style=\"font-family: helvetica, arial, sans-serif;\">Con apenas 10 minutos, Mier levant\u00f3 un bal\u00f3n desde el sector derecho que se col\u00f3 por el segundo palo del portero <strong>Pablo Mina.<\/strong><\/span><\/p>\n<p style=\"text-align: justify;\"><span style=\"font-family: helvetica, arial, sans-serif;\">El mismo Mat\u00edas Mier ampli\u00f3 la diferencia a los 35 minutos, antes de concluir la primera parte con un potente remate abajo al palo derecho del portero.<\/span><\/p>\n<p style=\"text-align: justify;\"><span style=\"font-family: helvetica, arial, sans-serif;\"><strong>Pablo Sabbag<\/strong> logr\u00f3 el 3-0 a los 54 minutos del encuentro con un disparo de volea; mientras que <strong>Juan Alejandro Mahecha<\/strong> puso cifras concretas al marcador a los 72 minutos con un cabezazo.<\/span><\/p>\n<p style=\"text-align: justify;\"><span style=\"font-family: helvetica, arial, sans-serif;\">Con el juego 4-0, el capit\u00e1n &#8216;Asegurador&#8217;, <strong>Stalin Motta<\/strong> se march\u00f3 expulsado al disputar un bal\u00f3n a\u00e9reo con el codo despegado de su cuerpo, impactando a un jugador rival.<\/span><\/p>\n<p style=\"text-align: justify;\"><span style=\"font-family: helvetica, arial, sans-serif;\">Con esta victoria Equidad ingresa parcialmente al grupo de los ocho, ubic\u00e1ndose en la s\u00e9ptima casilla con 12 puntos; Chic\u00f3 es pen\u00faltimo con 5 unidades.<\/span><\/p>\n","protected":false},"excerpt":{"rendered":"<p>Equidad abri\u00f3 la fecha 9 del f\u00fatbol colombiano con una contundente victoria 4-0 sobre el Boyac\u00e1 Chic\u00f3, juego en el que el uruguayo Mat\u00edas Mier qued\u00f3 en la historia del cuadro &#8216;Asegurador&#8217; al marcar el primer gol ol\u00edmpico del conjunto bogotano. Con apenas 10 minutos, Mier levant\u00f3 un bal\u00f3n desde el sector derecho que se [&hellip;]<\/p>\n","protected":false},"author":5,"featured_media":55455,"comment_status":"open","ping_status":"closed","sticky":false,"template":"","format":"standard","meta":{"_acf_changed":false,"footnotes":""},"categories":[7],"tags":[],"class_list":{"0":"post-55453","1":"post","2":"type-post","3":"status-publish","4":"format-standard","5":"has-post-thumbnail","7":"category-liga-betplay"},"acf":[],"_links":{"self":[{"href":"https:\/\/futbolhoy.co\/index.php\/wp-json\/wp\/v2\/posts\/55453","targetHints":{"allow":["GET"]}}],"collection":[{"href":"https:\/\/futbolhoy.co\/index.php\/wp-json\/wp\/v2\/posts"}],"about":[{"href":"https:\/\/futbolhoy.co\/index.php\/wp-json\/wp\/v2\/types\/post"}],"author":[{"embeddable":true,"href":"https:\/\/futbolhoy.co\/index.php\/wp-json\/wp\/v2\/users\/5"}],"replies":[{"embeddable":true,"href":"https:\/\/futbolhoy.co\/index.php\/wp-json\/wp\/v2\/comments?post=55453"}],"version-history":[{"count":2,"href":"https:\/\/futbolhoy.co\/index.php\/wp-json\/wp\/v2\/posts\/55453\/revisions"}],"predecessor-version":[{"id":55457,"href":"https:\/\/futbolhoy.co\/index.php\/wp-json\/wp\/v2\/posts\/55453\/revisions\/55457"}],"wp:featuredmedia":[{"embeddable":true,"href":"https:\/\/futbolhoy.co\/index.php\/wp-json\/wp\/v2\/media\/55455"}],"wp:attachment":[{"href":"https:\/\/futbolhoy.co\/index.php\/wp-json\/wp\/v2\/media?parent=55453"}],"wp:term":[{"taxonomy":"category","embeddable":true,"href":"https:\/\/futbolhoy.co\/index.php\/wp-json\/wp\/v2\/categories?post=55453"},{"taxonomy":"post_tag","embeddable":true,"href":"https:\/\/futbolhoy.co\/index.php\/wp-json\/wp\/v2\/tags?post=55453"}],"curies":[{"name":"wp","href":"https:\/\/api.w.org\/{rel}","templated":true}]}}