{"id":55681,"date":"2020-09-25T16:30:05","date_gmt":"2020-09-25T21:30:05","guid":{"rendered":"https:\/\/futbolhoy.co\/?p=55681"},"modified":"2020-09-26T12:49:10","modified_gmt":"2020-09-26T17:49:10","slug":"con-james-mis-delanteros-marcaran-muchos-goles-ancelotti","status":"publish","type":"post","link":"https:\/\/futbolhoy.co\/index.php\/2020\/09\/25\/con-james-mis-delanteros-marcaran-muchos-goles-ancelotti\/","title":{"rendered":"Con James, mis delanteros marcar\u00e1n muchos goles: Ancelotti"},"content":{"rendered":"<p style=\"text-align: justify;\"><span style=\"font-family: helvetica, arial, sans-serif;\">El t\u00e9cnico italiano <strong>Carlo Ancelotti<\/strong> afirm\u00f3 que \u00e9l mismo ser\u00eda capaz de marcar goles, jugando como delantero del <strong>Everton,<\/strong> teniendo entre los volantes a <strong>James Rodr\u00edguez<\/strong> y quiere que sus delanteros <strong>Dominic Calvert-Lewin<\/strong> y el brasile\u00f1o <strong>Richarlison<\/strong> anoten al menos veinte tantos cada uno esta temporada.<\/span><\/p>\n<p style=\"text-align: justify;\"><span style=\"font-family: helvetica, arial, sans-serif;\">\u00abCreo que<strong> James Rodr\u00edguez<\/strong> va a ayudar a los delanteros porque es un fant\u00e1stico pasador. El objetivo para Dominic, espero, es alcanzar los 20 goles porque tiene la calidad y la habilidad, como Richarlison\u00bb, dijo el entrenador.<\/span><\/p>\n<p style=\"text-align: justify;\"><span style=\"font-family: helvetica, arial, sans-serif;\">\u00abCon James en Madrid, Cristiano Ronaldo marc\u00f3 56 goles. No voy a pedir a Dominic marcar 56 goles, pero debe intentar hacerlo lo mejor posible\u00bb, agreg\u00f3.<\/span><\/p>\n<p style=\"text-align: justify;\"><span style=\"font-family: helvetica, arial, sans-serif;\">\u00abCreo que si no marcan al menos 20 goles cada uno, tendr\u00e1n problemas conmigo\u00bb, coment\u00f3 <strong>Ancelotti<\/strong>.<\/span><\/p>\n<p style=\"text-align: justify;\"><span style=\"font-family: helvetica, arial, sans-serif;\">\u00abSi juego como delantero y tengo detr\u00e1s m\u00edo a James, (Gylfi) Sigurdsson y (Andre) Gomes, puedo marcar goles y deben hacerlo\u00bb, concluy\u00f3.<\/span><\/p>\n","protected":false},"excerpt":{"rendered":"<p>El t\u00e9cnico italiano Carlo Ancelotti afirm\u00f3 que \u00e9l mismo ser\u00eda capaz de marcar goles, jugando como delantero del Everton, teniendo entre los volantes a James Rodr\u00edguez y quiere que sus delanteros Dominic Calvert-Lewin y el brasile\u00f1o Richarlison anoten al menos veinte tantos cada uno esta temporada. \u00abCreo que James Rodr\u00edguez va a ayudar a los [&hellip;]<\/p>\n","protected":false},"author":5,"featured_media":55684,"comment_status":"open","ping_status":"closed","sticky":false,"template":"","format":"standard","meta":{"_acf_changed":false,"footnotes":""},"categories":[418],"tags":[],"class_list":{"0":"post-55681","1":"post","2":"type-post","3":"status-publish","4":"format-standard","5":"has-post-thumbnail","7":"category-colombia"},"acf":[],"_links":{"self":[{"href":"https:\/\/futbolhoy.co\/index.php\/wp-json\/wp\/v2\/posts\/55681","targetHints":{"allow":["GET"]}}],"collection":[{"href":"https:\/\/futbolhoy.co\/index.php\/wp-json\/wp\/v2\/posts"}],"about":[{"href":"https:\/\/futbolhoy.co\/index.php\/wp-json\/wp\/v2\/types\/post"}],"author":[{"embeddable":true,"href":"https:\/\/futbolhoy.co\/index.php\/wp-json\/wp\/v2\/users\/5"}],"replies":[{"embeddable":true,"href":"https:\/\/futbolhoy.co\/index.php\/wp-json\/wp\/v2\/comments?post=55681"}],"version-history":[{"count":2,"href":"https:\/\/futbolhoy.co\/index.php\/wp-json\/wp\/v2\/posts\/55681\/revisions"}],"predecessor-version":[{"id":55687,"href":"https:\/\/futbolhoy.co\/index.php\/wp-json\/wp\/v2\/posts\/55681\/revisions\/55687"}],"wp:featuredmedia":[{"embeddable":true,"href":"https:\/\/futbolhoy.co\/index.php\/wp-json\/wp\/v2\/media\/55684"}],"wp:attachment":[{"href":"https:\/\/futbolhoy.co\/index.php\/wp-json\/wp\/v2\/media?parent=55681"}],"wp:term":[{"taxonomy":"category","embeddable":true,"href":"https:\/\/futbolhoy.co\/index.php\/wp-json\/wp\/v2\/categories?post=55681"},{"taxonomy":"post_tag","embeddable":true,"href":"https:\/\/futbolhoy.co\/index.php\/wp-json\/wp\/v2\/tags?post=55681"}],"curies":[{"name":"wp","href":"https:\/\/api.w.org\/{rel}","templated":true}]}}