{"id":55682,"date":"2020-09-25T16:30:00","date_gmt":"2020-09-25T21:30:00","guid":{"rendered":"https:\/\/futbolhoy.co\/?p=55682"},"modified":"2020-09-27T01:37:55","modified_gmt":"2020-09-27T06:37:55","slug":"juveniles-colombianos-reforzaran-a-porto","status":"publish","type":"post","link":"https:\/\/futbolhoy.co\/index.php\/2020\/09\/25\/juveniles-colombianos-reforzaran-a-porto\/","title":{"rendered":"Juveniles colombianos reforzar\u00e1n a Porto"},"content":{"rendered":"<div>\n<p style=\"text-align: justify;\"><span style=\"font-family: helvetica, arial, sans-serif;\">El <strong>Porto<\/strong> de Portugal anunci\u00f3 a los colombianos<strong> Germ\u00e1n Meneses<\/strong> y <strong>Yoni Mosquera<\/strong> como refuerzos de sus equipos juveniles.<\/span><\/p>\n<p style=\"text-align: justify;\"><span style=\"font-family: helvetica, arial, sans-serif;\">Los dos defensas, que estaban en <strong>Leones FC<\/strong>, llegan a pr\u00e9stamo por una temporada con opci\u00f3n de compra. Los futbolistas formaron parte de la <strong>selecci\u00f3n Colombia Sub-17<\/strong>.<\/span><\/p>\n<p style=\"text-align: justify;\"><span style=\"font-family: helvetica, arial, sans-serif;\"><strong>Meneses<\/strong> y <strong>Mosquera <\/strong>podr\u00e1n actuar con el equipo sub-19 o el B, donde tambi\u00e9n est\u00e1 el delantero nacional \u00c1ngel Torres.<\/span><\/p>\n<p style=\"text-align: justify;\"><span style=\"font-family: helvetica, arial, sans-serif;\">En su paso por la selecci\u00f3n, formaron parte del grupo que disput\u00f3 el <strong>Suramericano de Per\u00fa en 2019<\/strong>.<\/span><\/p>\n<\/div>\n<div class=\"yj6qo\" style=\"text-align: justify;\"><\/div>\n<div class=\"adL\" style=\"text-align: justify;\"><\/div>\n","protected":false},"excerpt":{"rendered":"<p>El Porto de Portugal anunci\u00f3 a los colombianos Germ\u00e1n Meneses y Yoni Mosquera como refuerzos de sus equipos juveniles. Los dos defensas, que estaban en Leones FC, llegan a pr\u00e9stamo por una temporada con opci\u00f3n de compra. Los futbolistas formaron parte de la selecci\u00f3n Colombia Sub-17. Meneses y Mosquera podr\u00e1n actuar con el equipo sub-19 [&hellip;]<\/p>\n","protected":false},"author":5,"featured_media":55683,"comment_status":"open","ping_status":"closed","sticky":false,"template":"","format":"standard","meta":{"_acf_changed":false,"footnotes":""},"categories":[152],"tags":[],"class_list":{"0":"post-55682","1":"post","2":"type-post","3":"status-publish","4":"format-standard","5":"has-post-thumbnail","7":"category-mundo-futbol"},"acf":[],"_links":{"self":[{"href":"https:\/\/futbolhoy.co\/index.php\/wp-json\/wp\/v2\/posts\/55682","targetHints":{"allow":["GET"]}}],"collection":[{"href":"https:\/\/futbolhoy.co\/index.php\/wp-json\/wp\/v2\/posts"}],"about":[{"href":"https:\/\/futbolhoy.co\/index.php\/wp-json\/wp\/v2\/types\/post"}],"author":[{"embeddable":true,"href":"https:\/\/futbolhoy.co\/index.php\/wp-json\/wp\/v2\/users\/5"}],"replies":[{"embeddable":true,"href":"https:\/\/futbolhoy.co\/index.php\/wp-json\/wp\/v2\/comments?post=55682"}],"version-history":[{"count":1,"href":"https:\/\/futbolhoy.co\/index.php\/wp-json\/wp\/v2\/posts\/55682\/revisions"}],"predecessor-version":[{"id":55685,"href":"https:\/\/futbolhoy.co\/index.php\/wp-json\/wp\/v2\/posts\/55682\/revisions\/55685"}],"wp:featuredmedia":[{"embeddable":true,"href":"https:\/\/futbolhoy.co\/index.php\/wp-json\/wp\/v2\/media\/55683"}],"wp:attachment":[{"href":"https:\/\/futbolhoy.co\/index.php\/wp-json\/wp\/v2\/media?parent=55682"}],"wp:term":[{"taxonomy":"category","embeddable":true,"href":"https:\/\/futbolhoy.co\/index.php\/wp-json\/wp\/v2\/categories?post=55682"},{"taxonomy":"post_tag","embeddable":true,"href":"https:\/\/futbolhoy.co\/index.php\/wp-json\/wp\/v2\/tags?post=55682"}],"curies":[{"name":"wp","href":"https:\/\/api.w.org\/{rel}","templated":true}]}}