{"id":55747,"date":"2020-09-27T13:23:12","date_gmt":"2020-09-27T18:23:12","guid":{"rendered":"https:\/\/futbolhoy.co\/?p=55747"},"modified":"2020-09-28T09:08:09","modified_gmt":"2020-09-28T14:08:09","slug":"goleados-city-y-bayern-suarez-marco-doblete","status":"publish","type":"post","link":"https:\/\/futbolhoy.co\/index.php\/2020\/09\/27\/goleados-city-y-bayern-suarez-marco-doblete\/","title":{"rendered":"Goleados City y Bayern; Su\u00e1rez marc\u00f3 doblete"},"content":{"rendered":"<p style=\"text-align: justify;\"><span style=\"font-family: helvetica, arial, sans-serif;\"><strong>Manchester City<\/strong> y <strong>Bayern M\u00fanich<\/strong> cayeron goleados en partidos del fin de semana en las ligas de <strong>Inglaterra<\/strong> y <strong>Alemania,<\/strong> respectivamente.<\/span><\/p>\n<p style=\"text-align: justify;\"><span style=\"font-family: helvetica, arial, sans-serif;\"><strong>Leicester,<\/strong> con triplete de <strong>Jamie Vardy,<\/strong> venci\u00f3 2-5 al City y pas\u00f3 a dominar la <strong>Liga Premier<\/strong>, junto al <strong>Everton,<\/strong> con 9 puntos cada uno. El equipo que dirige <strong>Pep Guardiola<\/strong> se qued\u00f3 con 3 unidades.<\/span><\/p>\n<p style=\"text-align: justify;\"><span style=\"font-family: helvetica, arial, sans-serif;\">En Alemania, Bayer M\u00fanich puso fin a un impresionante invicto de casi 10 meses sin perder un partido, y fue superado 4-1 en su visita al <strong>Hoffenheim<\/strong> por la segunda fecha de la <strong>Bundesliga.<\/strong><\/span><\/p>\n<p style=\"text-align: justify;\"><span style=\"font-family: helvetica, arial, sans-serif;\">El croata <strong>Andrej Kramaric<\/strong> fue el jugador m\u00e1s importante del equipo local, al marcar un doblete.<\/span><\/p>\n<p style=\"text-align: justify;\"><span style=\"font-family: helvetica, arial, sans-serif;\">Entretanto, el uruguayo <strong>Luis Su\u00e1rez<\/strong> fue uno de los futbolistas m\u00e1s destacados del fin de semana en <strong>Europa.<\/strong><\/span><\/p>\n<p style=\"text-align: justify;\"><span style=\"font-family: helvetica, arial, sans-serif;\">El delantero, que fue presentado el pasado viernes como nuevo jugador del <strong>Atl\u00e9tico de Madrid<\/strong>, debut\u00f3 este domingo con dos goles y una asistencia, en la victoria del equipo \u2018colchonero\u2019 6-1 sobre <strong>Granada.<\/strong><\/span><\/p>\n<p style=\"text-align: justify;\"><span style=\"font-family: helvetica, arial, sans-serif;\">En Turqu\u00eda, <strong>Galatasaray<\/strong> y <strong>Fenerbache<\/strong> empataron 0-0 en el cl\u00e1sico de la <strong>Superliga.<\/strong><\/span><\/p>\n<p style=\"text-align: justify;\"><span style=\"font-family: helvetica, arial, sans-serif;\"><strong>Falcao Garc\u00eda,<\/strong> quien jug\u00f3 70 minutos, fue amonestado tras manotear a un rival en el inicio de la segunda parte.<\/span><\/p>\n","protected":false},"excerpt":{"rendered":"<p>Manchester City y Bayern M\u00fanich cayeron goleados en partidos del fin de semana en las ligas de Inglaterra y Alemania, respectivamente. Leicester, con triplete de Jamie Vardy, venci\u00f3 2-5 al City y pas\u00f3 a dominar la Liga Premier, junto al Everton, con 9 puntos cada uno. El equipo que dirige Pep Guardiola se qued\u00f3 con [&hellip;]<\/p>\n","protected":false},"author":5,"featured_media":55748,"comment_status":"open","ping_status":"open","sticky":false,"template":"","format":"standard","meta":{"_acf_changed":false,"footnotes":""},"categories":[152],"tags":[246,356],"class_list":{"0":"post-55747","1":"post","2":"type-post","3":"status-publish","4":"format-standard","5":"has-post-thumbnail","7":"category-mundo-futbol","8":"tag-atletico-de-madrid","9":"tag-luis-suarez"},"acf":[],"yoast_head":"<!-- This site is optimized with the Yoast SEO plugin v26.8 - https:\/\/yoast.com\/product\/yoast-seo-wordpress\/ -->\n<title>Goleados City y Bayern; Su\u00e1rez marc\u00f3 doblete -<\/title>\n<meta name=\"robots\" content=\"index, follow, max-snippet:-1, max-image-preview:large, max-video-preview:-1\" \/>\n<link rel=\"canonical\" href=\"https:\/\/futbolhoy.co\/index.php\/2020\/09\/27\/goleados-city-y-bayern-suarez-marco-doblete\/\" \/>\n<meta property=\"og:locale\" content=\"es_ES\" \/>\n<meta property=\"og:type\" content=\"article\" \/>\n<meta property=\"og:title\" content=\"Goleados City y Bayern; Su\u00e1rez marc\u00f3 doblete -\" \/>\n<meta property=\"og:description\" content=\"Manchester City y Bayern M\u00fanich cayeron goleados en partidos del fin de semana en las ligas de Inglaterra y Alemania, respectivamente. Leicester, con triplete de Jamie Vardy, venci\u00f3 2-5 al City y pas\u00f3 a dominar la Liga Premier, junto al Everton, con 9 puntos cada uno. El equipo que dirige Pep Guardiola se qued\u00f3 con [&hellip;]\" \/>\n<meta property=\"og:url\" content=\"https:\/\/futbolhoy.co\/index.php\/2020\/09\/27\/goleados-city-y-bayern-suarez-marco-doblete\/\" \/>\n<meta property=\"article:publisher\" content=\"https:\/\/www.facebook.com\/FutbolHoyCol\/\" \/>\n<meta property=\"article:published_time\" content=\"2020-09-27T18:23:12+00:00\" \/>\n<meta property=\"article:modified_time\" content=\"2020-09-28T14:08:09+00:00\" \/>\n<meta property=\"og:image\" content=\"https:\/\/futbolhoy.co\/wp-content\/uploads\/2020\/09\/Ei73v0UXgAAP9qP.jpg\" \/>\n\t<meta property=\"og:image:width\" content=\"1417\" \/>\n\t<meta property=\"og:image:height\" content=\"1108\" \/>\n\t<meta property=\"og:image:type\" content=\"image\/jpeg\" \/>\n<meta name=\"author\" content=\"Laura Hern\u00e1ndez\" \/>\n<meta name=\"twitter:card\" content=\"summary_large_image\" \/>\n<meta name=\"twitter:creator\" content=\"@FutbolHoyCol\" \/>\n<meta name=\"twitter:site\" content=\"@FutbolHoyCol\" \/>\n<meta name=\"twitter:label1\" content=\"Escrito por\" \/>\n\t<meta name=\"twitter:data1\" content=\"Laura Hern\u00e1ndez\" \/>\n\t<meta name=\"twitter:label2\" content=\"Tiempo de lectura\" \/>\n\t<meta name=\"twitter:data2\" content=\"1 minuto\" \/>\n<script type=\"application\/ld+json\" class=\"yoast-schema-graph\">{\"@context\":\"https:\/\/schema.org\",\"@graph\":[{\"@type\":\"Article\",\"@id\":\"https:\/\/futbolhoy.co\/index.php\/2020\/09\/27\/goleados-city-y-bayern-suarez-marco-doblete\/#article\",\"isPartOf\":{\"@id\":\"https:\/\/futbolhoy.co\/index.php\/2020\/09\/27\/goleados-city-y-bayern-suarez-marco-doblete\/\"},\"author\":{\"name\":\"Laura Hern\u00e1ndez\",\"@id\":\"https:\/\/futbolhoy.co\/#\/schema\/person\/c4a353a512b127643723a34bb1812f7d\"},\"headline\":\"Goleados City y Bayern; Su\u00e1rez marc\u00f3 doblete\",\"datePublished\":\"2020-09-27T18:23:12+00:00\",\"dateModified\":\"2020-09-28T14:08:09+00:00\",\"mainEntityOfPage\":{\"@id\":\"https:\/\/futbolhoy.co\/index.php\/2020\/09\/27\/goleados-city-y-bayern-suarez-marco-doblete\/\"},\"wordCount\":204,\"commentCount\":0,\"publisher\":{\"@id\":\"https:\/\/futbolhoy.co\/#organization\"},\"image\":{\"@id\":\"https:\/\/futbolhoy.co\/index.php\/2020\/09\/27\/goleados-city-y-bayern-suarez-marco-doblete\/#primaryimage\"},\"thumbnailUrl\":\"https:\/\/futbolhoy.co\/wp-content\/uploads\/2020\/09\/Ei73v0UXgAAP9qP.jpg\",\"keywords\":[\"atl\u00e9tico de madrid\",\"Luis Suarez\"],\"articleSection\":[\"Mundo Futbol\"],\"inLanguage\":\"es\",\"potentialAction\":[{\"@type\":\"CommentAction\",\"name\":\"Comment\",\"target\":[\"https:\/\/futbolhoy.co\/index.php\/2020\/09\/27\/goleados-city-y-bayern-suarez-marco-doblete\/#respond\"]}]},{\"@type\":\"WebPage\",\"@id\":\"https:\/\/futbolhoy.co\/index.php\/2020\/09\/27\/goleados-city-y-bayern-suarez-marco-doblete\/\",\"url\":\"https:\/\/futbolhoy.co\/index.php\/2020\/09\/27\/goleados-city-y-bayern-suarez-marco-doblete\/\",\"name\":\"Goleados City y Bayern; Su\u00e1rez marc\u00f3 doblete -\",\"isPartOf\":{\"@id\":\"https:\/\/futbolhoy.co\/#website\"},\"primaryImageOfPage\":{\"@id\":\"https:\/\/futbolhoy.co\/index.php\/2020\/09\/27\/goleados-city-y-bayern-suarez-marco-doblete\/#primaryimage\"},\"image\":{\"@id\":\"https:\/\/futbolhoy.co\/index.php\/2020\/09\/27\/goleados-city-y-bayern-suarez-marco-doblete\/#primaryimage\"},\"thumbnailUrl\":\"https:\/\/futbolhoy.co\/wp-content\/uploads\/2020\/09\/Ei73v0UXgAAP9qP.jpg\",\"datePublished\":\"2020-09-27T18:23:12+00:00\",\"dateModified\":\"2020-09-28T14:08:09+00:00\",\"breadcrumb\":{\"@id\":\"https:\/\/futbolhoy.co\/index.php\/2020\/09\/27\/goleados-city-y-bayern-suarez-marco-doblete\/#breadcrumb\"},\"inLanguage\":\"es\",\"potentialAction\":[{\"@type\":\"ReadAction\",\"target\":[\"https:\/\/futbolhoy.co\/index.php\/2020\/09\/27\/goleados-city-y-bayern-suarez-marco-doblete\/\"]}]},{\"@type\":\"ImageObject\",\"inLanguage\":\"es\",\"@id\":\"https:\/\/futbolhoy.co\/index.php\/2020\/09\/27\/goleados-city-y-bayern-suarez-marco-doblete\/#primaryimage\",\"url\":\"https:\/\/futbolhoy.co\/wp-content\/uploads\/2020\/09\/Ei73v0UXgAAP9qP.jpg\",\"contentUrl\":\"https:\/\/futbolhoy.co\/wp-content\/uploads\/2020\/09\/Ei73v0UXgAAP9qP.jpg\",\"width\":1417,\"height\":1108},{\"@type\":\"BreadcrumbList\",\"@id\":\"https:\/\/futbolhoy.co\/index.php\/2020\/09\/27\/goleados-city-y-bayern-suarez-marco-doblete\/#breadcrumb\",\"itemListElement\":[{\"@type\":\"ListItem\",\"position\":1,\"name\":\"Portada\",\"item\":\"https:\/\/futbolhoy.co\/\"},{\"@type\":\"ListItem\",\"position\":2,\"name\":\"Goleados City y Bayern; Su\u00e1rez marc\u00f3 doblete\"}]},{\"@type\":\"WebSite\",\"@id\":\"https:\/\/futbolhoy.co\/#website\",\"url\":\"https:\/\/futbolhoy.co\/\",\"name\":\"FutbolHoy\",\"description\":\"\",\"publisher\":{\"@id\":\"https:\/\/futbolhoy.co\/#organization\"},\"potentialAction\":[{\"@type\":\"SearchAction\",\"target\":{\"@type\":\"EntryPoint\",\"urlTemplate\":\"https:\/\/futbolhoy.co\/?s={search_term_string}\"},\"query-input\":{\"@type\":\"PropertyValueSpecification\",\"valueRequired\":true,\"valueName\":\"search_term_string\"}}],\"inLanguage\":\"es\"},{\"@type\":\"Organization\",\"@id\":\"https:\/\/futbolhoy.co\/#organization\",\"name\":\"Futbolhoy.co\",\"url\":\"https:\/\/futbolhoy.co\/\",\"logo\":{\"@type\":\"ImageObject\",\"inLanguage\":\"es\",\"@id\":\"https:\/\/futbolhoy.co\/#\/schema\/logo\/image\/\",\"url\":\"https:\/\/futbolhoy.co\/wp-content\/uploads\/2018\/08\/17426380_1906371736249227_6326180412931521141_n.jpg\",\"contentUrl\":\"https:\/\/futbolhoy.co\/wp-content\/uploads\/2018\/08\/17426380_1906371736249227_6326180412931521141_n.jpg\",\"width\":960,\"height\":960,\"caption\":\"Futbolhoy.co\"},\"image\":{\"@id\":\"https:\/\/futbolhoy.co\/#\/schema\/logo\/image\/\"},\"sameAs\":[\"https:\/\/www.facebook.com\/FutbolHoyCol\/\",\"https:\/\/x.com\/FutbolHoyCol\",\"https:\/\/www.instagram.com\/futbolhoycol\/\"]},{\"@type\":\"Person\",\"@id\":\"https:\/\/futbolhoy.co\/#\/schema\/person\/c4a353a512b127643723a34bb1812f7d\",\"name\":\"Laura Hern\u00e1ndez\",\"image\":{\"@type\":\"ImageObject\",\"inLanguage\":\"es\",\"@id\":\"https:\/\/futbolhoy.co\/#\/schema\/person\/image\/\",\"url\":\"https:\/\/secure.gravatar.com\/avatar\/d25959a15b9b293a743f99181c7cfd01?s=96&d=mm&r=g\",\"contentUrl\":\"https:\/\/secure.gravatar.com\/avatar\/d25959a15b9b293a743f99181c7cfd01?s=96&d=mm&r=g\",\"caption\":\"Laura Hern\u00e1ndez\"}}]}<\/script>\n<!-- \/ Yoast SEO plugin. -->","yoast_head_json":{"title":"Goleados City y Bayern; Su\u00e1rez marc\u00f3 doblete -","robots":{"index":"index","follow":"follow","max-snippet":"max-snippet:-1","max-image-preview":"max-image-preview:large","max-video-preview":"max-video-preview:-1"},"canonical":"https:\/\/futbolhoy.co\/index.php\/2020\/09\/27\/goleados-city-y-bayern-suarez-marco-doblete\/","og_locale":"es_ES","og_type":"article","og_title":"Goleados City y Bayern; Su\u00e1rez marc\u00f3 doblete -","og_description":"Manchester City y Bayern M\u00fanich cayeron goleados en partidos del fin de semana en las ligas de Inglaterra y Alemania, respectivamente. Leicester, con triplete de Jamie Vardy, venci\u00f3 2-5 al City y pas\u00f3 a dominar la Liga Premier, junto al Everton, con 9 puntos cada uno. El equipo que dirige Pep Guardiola se qued\u00f3 con [&hellip;]","og_url":"https:\/\/futbolhoy.co\/index.php\/2020\/09\/27\/goleados-city-y-bayern-suarez-marco-doblete\/","article_publisher":"https:\/\/www.facebook.com\/FutbolHoyCol\/","article_published_time":"2020-09-27T18:23:12+00:00","article_modified_time":"2020-09-28T14:08:09+00:00","og_image":[{"width":1417,"height":1108,"url":"https:\/\/futbolhoy.co\/wp-content\/uploads\/2020\/09\/Ei73v0UXgAAP9qP.jpg","type":"image\/jpeg"}],"author":"Laura Hern\u00e1ndez","twitter_card":"summary_large_image","twitter_creator":"@FutbolHoyCol","twitter_site":"@FutbolHoyCol","twitter_misc":{"Escrito por":"Laura Hern\u00e1ndez","Tiempo de lectura":"1 minuto"},"schema":{"@context":"https:\/\/schema.org","@graph":[{"@type":"Article","@id":"https:\/\/futbolhoy.co\/index.php\/2020\/09\/27\/goleados-city-y-bayern-suarez-marco-doblete\/#article","isPartOf":{"@id":"https:\/\/futbolhoy.co\/index.php\/2020\/09\/27\/goleados-city-y-bayern-suarez-marco-doblete\/"},"author":{"name":"Laura Hern\u00e1ndez","@id":"https:\/\/futbolhoy.co\/#\/schema\/person\/c4a353a512b127643723a34bb1812f7d"},"headline":"Goleados City y Bayern; Su\u00e1rez marc\u00f3 doblete","datePublished":"2020-09-27T18:23:12+00:00","dateModified":"2020-09-28T14:08:09+00:00","mainEntityOfPage":{"@id":"https:\/\/futbolhoy.co\/index.php\/2020\/09\/27\/goleados-city-y-bayern-suarez-marco-doblete\/"},"wordCount":204,"commentCount":0,"publisher":{"@id":"https:\/\/futbolhoy.co\/#organization"},"image":{"@id":"https:\/\/futbolhoy.co\/index.php\/2020\/09\/27\/goleados-city-y-bayern-suarez-marco-doblete\/#primaryimage"},"thumbnailUrl":"https:\/\/futbolhoy.co\/wp-content\/uploads\/2020\/09\/Ei73v0UXgAAP9qP.jpg","keywords":["atl\u00e9tico de madrid","Luis Suarez"],"articleSection":["Mundo Futbol"],"inLanguage":"es","potentialAction":[{"@type":"CommentAction","name":"Comment","target":["https:\/\/futbolhoy.co\/index.php\/2020\/09\/27\/goleados-city-y-bayern-suarez-marco-doblete\/#respond"]}]},{"@type":"WebPage","@id":"https:\/\/futbolhoy.co\/index.php\/2020\/09\/27\/goleados-city-y-bayern-suarez-marco-doblete\/","url":"https:\/\/futbolhoy.co\/index.php\/2020\/09\/27\/goleados-city-y-bayern-suarez-marco-doblete\/","name":"Goleados City y Bayern; Su\u00e1rez marc\u00f3 doblete -","isPartOf":{"@id":"https:\/\/futbolhoy.co\/#website"},"primaryImageOfPage":{"@id":"https:\/\/futbolhoy.co\/index.php\/2020\/09\/27\/goleados-city-y-bayern-suarez-marco-doblete\/#primaryimage"},"image":{"@id":"https:\/\/futbolhoy.co\/index.php\/2020\/09\/27\/goleados-city-y-bayern-suarez-marco-doblete\/#primaryimage"},"thumbnailUrl":"https:\/\/futbolhoy.co\/wp-content\/uploads\/2020\/09\/Ei73v0UXgAAP9qP.jpg","datePublished":"2020-09-27T18:23:12+00:00","dateModified":"2020-09-28T14:08:09+00:00","breadcrumb":{"@id":"https:\/\/futbolhoy.co\/index.php\/2020\/09\/27\/goleados-city-y-bayern-suarez-marco-doblete\/#breadcrumb"},"inLanguage":"es","potentialAction":[{"@type":"ReadAction","target":["https:\/\/futbolhoy.co\/index.php\/2020\/09\/27\/goleados-city-y-bayern-suarez-marco-doblete\/"]}]},{"@type":"ImageObject","inLanguage":"es","@id":"https:\/\/futbolhoy.co\/index.php\/2020\/09\/27\/goleados-city-y-bayern-suarez-marco-doblete\/#primaryimage","url":"https:\/\/futbolhoy.co\/wp-content\/uploads\/2020\/09\/Ei73v0UXgAAP9qP.jpg","contentUrl":"https:\/\/futbolhoy.co\/wp-content\/uploads\/2020\/09\/Ei73v0UXgAAP9qP.jpg","width":1417,"height":1108},{"@type":"BreadcrumbList","@id":"https:\/\/futbolhoy.co\/index.php\/2020\/09\/27\/goleados-city-y-bayern-suarez-marco-doblete\/#breadcrumb","itemListElement":[{"@type":"ListItem","position":1,"name":"Portada","item":"https:\/\/futbolhoy.co\/"},{"@type":"ListItem","position":2,"name":"Goleados City y Bayern; Su\u00e1rez marc\u00f3 doblete"}]},{"@type":"WebSite","@id":"https:\/\/futbolhoy.co\/#website","url":"https:\/\/futbolhoy.co\/","name":"FutbolHoy","description":"","publisher":{"@id":"https:\/\/futbolhoy.co\/#organization"},"potentialAction":[{"@type":"SearchAction","target":{"@type":"EntryPoint","urlTemplate":"https:\/\/futbolhoy.co\/?s={search_term_string}"},"query-input":{"@type":"PropertyValueSpecification","valueRequired":true,"valueName":"search_term_string"}}],"inLanguage":"es"},{"@type":"Organization","@id":"https:\/\/futbolhoy.co\/#organization","name":"Futbolhoy.co","url":"https:\/\/futbolhoy.co\/","logo":{"@type":"ImageObject","inLanguage":"es","@id":"https:\/\/futbolhoy.co\/#\/schema\/logo\/image\/","url":"https:\/\/futbolhoy.co\/wp-content\/uploads\/2018\/08\/17426380_1906371736249227_6326180412931521141_n.jpg","contentUrl":"https:\/\/futbolhoy.co\/wp-content\/uploads\/2018\/08\/17426380_1906371736249227_6326180412931521141_n.jpg","width":960,"height":960,"caption":"Futbolhoy.co"},"image":{"@id":"https:\/\/futbolhoy.co\/#\/schema\/logo\/image\/"},"sameAs":["https:\/\/www.facebook.com\/FutbolHoyCol\/","https:\/\/x.com\/FutbolHoyCol","https:\/\/www.instagram.com\/futbolhoycol\/"]},{"@type":"Person","@id":"https:\/\/futbolhoy.co\/#\/schema\/person\/c4a353a512b127643723a34bb1812f7d","name":"Laura Hern\u00e1ndez","image":{"@type":"ImageObject","inLanguage":"es","@id":"https:\/\/futbolhoy.co\/#\/schema\/person\/image\/","url":"https:\/\/secure.gravatar.com\/avatar\/d25959a15b9b293a743f99181c7cfd01?s=96&d=mm&r=g","contentUrl":"https:\/\/secure.gravatar.com\/avatar\/d25959a15b9b293a743f99181c7cfd01?s=96&d=mm&r=g","caption":"Laura Hern\u00e1ndez"}}]}},"publishpress_future_action":{"enabled":false,"date":"2026-05-03 08:04:09","action":"change-status","newStatus":"draft","terms":[],"taxonomy":"category","extraData":[]},"publishpress_future_workflow_manual_trigger":{"enabledWorkflows":[]},"_links":{"self":[{"href":"https:\/\/futbolhoy.co\/index.php\/wp-json\/wp\/v2\/posts\/55747","targetHints":{"allow":["GET"]}}],"collection":[{"href":"https:\/\/futbolhoy.co\/index.php\/wp-json\/wp\/v2\/posts"}],"about":[{"href":"https:\/\/futbolhoy.co\/index.php\/wp-json\/wp\/v2\/types\/post"}],"author":[{"embeddable":true,"href":"https:\/\/futbolhoy.co\/index.php\/wp-json\/wp\/v2\/users\/5"}],"replies":[{"embeddable":true,"href":"https:\/\/futbolhoy.co\/index.php\/wp-json\/wp\/v2\/comments?post=55747"}],"version-history":[{"count":1,"href":"https:\/\/futbolhoy.co\/index.php\/wp-json\/wp\/v2\/posts\/55747\/revisions"}],"predecessor-version":[{"id":55749,"href":"https:\/\/futbolhoy.co\/index.php\/wp-json\/wp\/v2\/posts\/55747\/revisions\/55749"}],"wp:featuredmedia":[{"embeddable":true,"href":"https:\/\/futbolhoy.co\/index.php\/wp-json\/wp\/v2\/media\/55748"}],"wp:attachment":[{"href":"https:\/\/futbolhoy.co\/index.php\/wp-json\/wp\/v2\/media?parent=55747"}],"wp:term":[{"taxonomy":"category","embeddable":true,"href":"https:\/\/futbolhoy.co\/index.php\/wp-json\/wp\/v2\/categories?post=55747"},{"taxonomy":"post_tag","embeddable":true,"href":"https:\/\/futbolhoy.co\/index.php\/wp-json\/wp\/v2\/tags?post=55747"}],"curies":[{"name":"wp","href":"https:\/\/api.w.org\/{rel}","templated":true}]}}