{"id":55751,"date":"2020-09-27T17:59:18","date_gmt":"2020-09-27T22:59:18","guid":{"rendered":"https:\/\/futbolhoy.co\/?p=55751"},"modified":"2020-09-28T09:46:13","modified_gmt":"2020-09-28T14:46:13","slug":"koeman-aprobo-el-primer-examen","status":"publish","type":"post","link":"https:\/\/futbolhoy.co\/index.php\/2020\/09\/27\/koeman-aprobo-el-primer-examen\/","title":{"rendered":"Koeman aprob\u00f3 el primer ex\u00e1men"},"content":{"rendered":"<p style=\"text-align: justify;\"><span style=\"font-family: helvetica, arial, sans-serif;\"><strong>Barcelona<\/strong> se estren\u00f3 en <strong>LaLiga<\/strong> recibiendo en el <strong>Camp Nou<\/strong> al <strong>Villarreal,<\/strong> en la tercera fecha del torneo espa\u00f1ol, con una contundente victoria 4-0 y sacando como gran figura al joven <strong>Ansu Fati,<\/strong> autor de dos goles y recibiendo falta en \u00e1rea que supuso gol de penalti.<\/span><\/p>\n<p style=\"text-align: justify;\"><span style=\"font-family: helvetica, arial, sans-serif;\">Los goles del 'blaugrana' fueron obra de <strong>Ansu Fati <\/strong>(15' y 19'), <strong>Lionel Messi<\/strong> de penalti (35') y autogol de <strong>Pau Torres<\/strong> (45').<\/span><\/p>\n<p style=\"text-align: justify;\"><span style=\"font-family: helvetica, arial, sans-serif;\">Barcelona funcion\u00f3 de gran manera, con un ataque de variantes y movilidad, con mucho volumen ofensivo y llegada de muchos hombres a campo contrario.<\/span><\/p>\n<p style=\"text-align: justify;\"><span style=\"font-family: helvetica, arial, sans-serif;\">En el 'submarino amarillo' el delantero colombiano <strong>Carlos Bacca<\/strong> ingres\u00f3 a los 84 minutos por <strong>Gerard Moreno.<\/strong><\/span><\/p>\n<p style=\"text-align: justify;\"><span style=\"font-family: helvetica, arial, sans-serif;\">La primera formaci\u00f3n titular del t\u00e9cnico holand\u00e9s Ronald Koeman en competencia oficial fue con: <strong>Neto; Sergi Roberto, Gerard Piqu\u00e9, Clement Lenglet, Jordi Alba; Sergio Busquets (Miralem Pjanic 78'), Frenkie de Jong; Antoine Griezmann (Trincao 78'), Philippe Coutinho (Pedri 70'), Ansu Fati (Ousmane Demb\u00e9l\u00e9 70'); y Lionel Messi.<\/strong><\/span><\/p>\n","protected":false},"excerpt":{"rendered":"<p>Barcelona se estren\u00f3 en LaLiga recibiendo en el Camp Nou al Villarreal, en la tercera fecha del torneo espa\u00f1ol, con una contundente victoria 4-0 y sacando como gran figura al joven Ansu Fati, autor de dos goles y recibiendo falta en \u00e1rea que supuso gol de penalti. Los goles del 'blaugrana' fueron obra de Ansu [&hellip;]<\/p>\n","protected":false},"author":5,"featured_media":55753,"comment_status":"open","ping_status":"open","sticky":false,"template":"","format":"standard","meta":{"_acf_changed":false,"footnotes":""},"categories":[152],"tags":[722,1936],"class_list":{"0":"post-55751","1":"post","2":"type-post","3":"status-publish","4":"format-standard","5":"has-post-thumbnail","7":"category-mundo-futbol","8":"tag-barcelona","9":"tag-ronald-koeman"},"acf":[],"yoast_head":"<!-- This site is optimized with the Yoast SEO plugin v26.8 - https:\/\/yoast.com\/product\/yoast-seo-wordpress\/ -->\n<title>Koeman aprob\u00f3 el primer ex\u00e1men -<\/title>\n<meta name=\"robots\" content=\"index, follow, max-snippet:-1, max-image-preview:large, max-video-preview:-1\" \/>\n<link rel=\"canonical\" href=\"https:\/\/futbolhoy.co\/index.php\/2020\/09\/27\/koeman-aprobo-el-primer-examen\/\" \/>\n<meta property=\"og:locale\" content=\"es_ES\" \/>\n<meta property=\"og:type\" content=\"article\" \/>\n<meta property=\"og:title\" content=\"Koeman aprob\u00f3 el primer ex\u00e1men -\" \/>\n<meta property=\"og:description\" content=\"Barcelona se estren\u00f3 en LaLiga recibiendo en el Camp Nou al Villarreal, en la tercera fecha del torneo espa\u00f1ol, con una contundente victoria 4-0 y sacando como gran figura al joven Ansu Fati, autor de dos goles y recibiendo falta en \u00e1rea que supuso gol de penalti. Los goles del &#039;blaugrana&#039; fueron obra de Ansu [&hellip;]\" \/>\n<meta property=\"og:url\" content=\"https:\/\/futbolhoy.co\/index.php\/2020\/09\/27\/koeman-aprobo-el-primer-examen\/\" \/>\n<meta property=\"article:publisher\" content=\"https:\/\/www.facebook.com\/FutbolHoyCol\/\" \/>\n<meta property=\"article:published_time\" content=\"2020-09-27T22:59:18+00:00\" \/>\n<meta property=\"article:modified_time\" content=\"2020-09-28T14:46:13+00:00\" \/>\n<meta property=\"og:image\" content=\"https:\/\/futbolhoy.co\/wp-content\/uploads\/2020\/09\/Ei8ywdoXgAAhyys.jpg\" \/>\n\t<meta property=\"og:image:width\" content=\"1080\" \/>\n\t<meta property=\"og:image:height\" content=\"1080\" \/>\n\t<meta property=\"og:image:type\" content=\"image\/jpeg\" \/>\n<meta name=\"author\" content=\"Laura Hern\u00e1ndez\" \/>\n<meta name=\"twitter:card\" content=\"summary_large_image\" \/>\n<meta name=\"twitter:creator\" content=\"@FutbolHoyCol\" \/>\n<meta name=\"twitter:site\" content=\"@FutbolHoyCol\" \/>\n<meta name=\"twitter:label1\" content=\"Escrito por\" \/>\n\t<meta name=\"twitter:data1\" content=\"Laura Hern\u00e1ndez\" \/>\n\t<meta name=\"twitter:label2\" content=\"Tiempo de lectura\" \/>\n\t<meta name=\"twitter:data2\" content=\"1 minuto\" \/>\n<script type=\"application\/ld+json\" class=\"yoast-schema-graph\">{\"@context\":\"https:\/\/schema.org\",\"@graph\":[{\"@type\":\"Article\",\"@id\":\"https:\/\/futbolhoy.co\/index.php\/2020\/09\/27\/koeman-aprobo-el-primer-examen\/#article\",\"isPartOf\":{\"@id\":\"https:\/\/futbolhoy.co\/index.php\/2020\/09\/27\/koeman-aprobo-el-primer-examen\/\"},\"author\":{\"name\":\"Laura Hern\u00e1ndez\",\"@id\":\"https:\/\/futbolhoy.co\/#\/schema\/person\/c4a353a512b127643723a34bb1812f7d\"},\"headline\":\"Koeman aprob\u00f3 el primer ex\u00e1men\",\"datePublished\":\"2020-09-27T22:59:18+00:00\",\"dateModified\":\"2020-09-28T14:46:13+00:00\",\"mainEntityOfPage\":{\"@id\":\"https:\/\/futbolhoy.co\/index.php\/2020\/09\/27\/koeman-aprobo-el-primer-examen\/\"},\"wordCount\":168,\"commentCount\":0,\"publisher\":{\"@id\":\"https:\/\/futbolhoy.co\/#organization\"},\"image\":{\"@id\":\"https:\/\/futbolhoy.co\/index.php\/2020\/09\/27\/koeman-aprobo-el-primer-examen\/#primaryimage\"},\"thumbnailUrl\":\"https:\/\/futbolhoy.co\/wp-content\/uploads\/2020\/09\/Ei8ywdoXgAAhyys.jpg\",\"keywords\":[\"Barcelona\",\"Ronald Koeman\"],\"articleSection\":[\"Mundo Futbol\"],\"inLanguage\":\"es\",\"potentialAction\":[{\"@type\":\"CommentAction\",\"name\":\"Comment\",\"target\":[\"https:\/\/futbolhoy.co\/index.php\/2020\/09\/27\/koeman-aprobo-el-primer-examen\/#respond\"]}]},{\"@type\":\"WebPage\",\"@id\":\"https:\/\/futbolhoy.co\/index.php\/2020\/09\/27\/koeman-aprobo-el-primer-examen\/\",\"url\":\"https:\/\/futbolhoy.co\/index.php\/2020\/09\/27\/koeman-aprobo-el-primer-examen\/\",\"name\":\"Koeman aprob\u00f3 el primer ex\u00e1men -\",\"isPartOf\":{\"@id\":\"https:\/\/futbolhoy.co\/#website\"},\"primaryImageOfPage\":{\"@id\":\"https:\/\/futbolhoy.co\/index.php\/2020\/09\/27\/koeman-aprobo-el-primer-examen\/#primaryimage\"},\"image\":{\"@id\":\"https:\/\/futbolhoy.co\/index.php\/2020\/09\/27\/koeman-aprobo-el-primer-examen\/#primaryimage\"},\"thumbnailUrl\":\"https:\/\/futbolhoy.co\/wp-content\/uploads\/2020\/09\/Ei8ywdoXgAAhyys.jpg\",\"datePublished\":\"2020-09-27T22:59:18+00:00\",\"dateModified\":\"2020-09-28T14:46:13+00:00\",\"breadcrumb\":{\"@id\":\"https:\/\/futbolhoy.co\/index.php\/2020\/09\/27\/koeman-aprobo-el-primer-examen\/#breadcrumb\"},\"inLanguage\":\"es\",\"potentialAction\":[{\"@type\":\"ReadAction\",\"target\":[\"https:\/\/futbolhoy.co\/index.php\/2020\/09\/27\/koeman-aprobo-el-primer-examen\/\"]}]},{\"@type\":\"ImageObject\",\"inLanguage\":\"es\",\"@id\":\"https:\/\/futbolhoy.co\/index.php\/2020\/09\/27\/koeman-aprobo-el-primer-examen\/#primaryimage\",\"url\":\"https:\/\/futbolhoy.co\/wp-content\/uploads\/2020\/09\/Ei8ywdoXgAAhyys.jpg\",\"contentUrl\":\"https:\/\/futbolhoy.co\/wp-content\/uploads\/2020\/09\/Ei8ywdoXgAAhyys.jpg\",\"width\":1080,\"height\":1080},{\"@type\":\"BreadcrumbList\",\"@id\":\"https:\/\/futbolhoy.co\/index.php\/2020\/09\/27\/koeman-aprobo-el-primer-examen\/#breadcrumb\",\"itemListElement\":[{\"@type\":\"ListItem\",\"position\":1,\"name\":\"Portada\",\"item\":\"https:\/\/futbolhoy.co\/\"},{\"@type\":\"ListItem\",\"position\":2,\"name\":\"Koeman aprob\u00f3 el primer ex\u00e1men\"}]},{\"@type\":\"WebSite\",\"@id\":\"https:\/\/futbolhoy.co\/#website\",\"url\":\"https:\/\/futbolhoy.co\/\",\"name\":\"FutbolHoy\",\"description\":\"\",\"publisher\":{\"@id\":\"https:\/\/futbolhoy.co\/#organization\"},\"potentialAction\":[{\"@type\":\"SearchAction\",\"target\":{\"@type\":\"EntryPoint\",\"urlTemplate\":\"https:\/\/futbolhoy.co\/?s={search_term_string}\"},\"query-input\":{\"@type\":\"PropertyValueSpecification\",\"valueRequired\":true,\"valueName\":\"search_term_string\"}}],\"inLanguage\":\"es\"},{\"@type\":\"Organization\",\"@id\":\"https:\/\/futbolhoy.co\/#organization\",\"name\":\"Futbolhoy.co\",\"url\":\"https:\/\/futbolhoy.co\/\",\"logo\":{\"@type\":\"ImageObject\",\"inLanguage\":\"es\",\"@id\":\"https:\/\/futbolhoy.co\/#\/schema\/logo\/image\/\",\"url\":\"https:\/\/futbolhoy.co\/wp-content\/uploads\/2018\/08\/17426380_1906371736249227_6326180412931521141_n.jpg\",\"contentUrl\":\"https:\/\/futbolhoy.co\/wp-content\/uploads\/2018\/08\/17426380_1906371736249227_6326180412931521141_n.jpg\",\"width\":960,\"height\":960,\"caption\":\"Futbolhoy.co\"},\"image\":{\"@id\":\"https:\/\/futbolhoy.co\/#\/schema\/logo\/image\/\"},\"sameAs\":[\"https:\/\/www.facebook.com\/FutbolHoyCol\/\",\"https:\/\/x.com\/FutbolHoyCol\",\"https:\/\/www.instagram.com\/futbolhoycol\/\"]},{\"@type\":\"Person\",\"@id\":\"https:\/\/futbolhoy.co\/#\/schema\/person\/c4a353a512b127643723a34bb1812f7d\",\"name\":\"Laura Hern\u00e1ndez\",\"image\":{\"@type\":\"ImageObject\",\"inLanguage\":\"es\",\"@id\":\"https:\/\/futbolhoy.co\/#\/schema\/person\/image\/\",\"url\":\"https:\/\/secure.gravatar.com\/avatar\/d25959a15b9b293a743f99181c7cfd01?s=96&d=mm&r=g\",\"contentUrl\":\"https:\/\/secure.gravatar.com\/avatar\/d25959a15b9b293a743f99181c7cfd01?s=96&d=mm&r=g\",\"caption\":\"Laura Hern\u00e1ndez\"}}]}<\/script>\n<!-- \/ Yoast SEO plugin. -->","yoast_head_json":{"title":"Koeman aprob\u00f3 el primer ex\u00e1men -","robots":{"index":"index","follow":"follow","max-snippet":"max-snippet:-1","max-image-preview":"max-image-preview:large","max-video-preview":"max-video-preview:-1"},"canonical":"https:\/\/futbolhoy.co\/index.php\/2020\/09\/27\/koeman-aprobo-el-primer-examen\/","og_locale":"es_ES","og_type":"article","og_title":"Koeman aprob\u00f3 el primer ex\u00e1men -","og_description":"Barcelona se estren\u00f3 en LaLiga recibiendo en el Camp Nou al Villarreal, en la tercera fecha del torneo espa\u00f1ol, con una contundente victoria 4-0 y sacando como gran figura al joven Ansu Fati, autor de dos goles y recibiendo falta en \u00e1rea que supuso gol de penalti. Los goles del 'blaugrana' fueron obra de Ansu [&hellip;]","og_url":"https:\/\/futbolhoy.co\/index.php\/2020\/09\/27\/koeman-aprobo-el-primer-examen\/","article_publisher":"https:\/\/www.facebook.com\/FutbolHoyCol\/","article_published_time":"2020-09-27T22:59:18+00:00","article_modified_time":"2020-09-28T14:46:13+00:00","og_image":[{"width":1080,"height":1080,"url":"https:\/\/futbolhoy.co\/wp-content\/uploads\/2020\/09\/Ei8ywdoXgAAhyys.jpg","type":"image\/jpeg"}],"author":"Laura Hern\u00e1ndez","twitter_card":"summary_large_image","twitter_creator":"@FutbolHoyCol","twitter_site":"@FutbolHoyCol","twitter_misc":{"Escrito por":"Laura Hern\u00e1ndez","Tiempo de lectura":"1 minuto"},"schema":{"@context":"https:\/\/schema.org","@graph":[{"@type":"Article","@id":"https:\/\/futbolhoy.co\/index.php\/2020\/09\/27\/koeman-aprobo-el-primer-examen\/#article","isPartOf":{"@id":"https:\/\/futbolhoy.co\/index.php\/2020\/09\/27\/koeman-aprobo-el-primer-examen\/"},"author":{"name":"Laura Hern\u00e1ndez","@id":"https:\/\/futbolhoy.co\/#\/schema\/person\/c4a353a512b127643723a34bb1812f7d"},"headline":"Koeman aprob\u00f3 el primer ex\u00e1men","datePublished":"2020-09-27T22:59:18+00:00","dateModified":"2020-09-28T14:46:13+00:00","mainEntityOfPage":{"@id":"https:\/\/futbolhoy.co\/index.php\/2020\/09\/27\/koeman-aprobo-el-primer-examen\/"},"wordCount":168,"commentCount":0,"publisher":{"@id":"https:\/\/futbolhoy.co\/#organization"},"image":{"@id":"https:\/\/futbolhoy.co\/index.php\/2020\/09\/27\/koeman-aprobo-el-primer-examen\/#primaryimage"},"thumbnailUrl":"https:\/\/futbolhoy.co\/wp-content\/uploads\/2020\/09\/Ei8ywdoXgAAhyys.jpg","keywords":["Barcelona","Ronald Koeman"],"articleSection":["Mundo Futbol"],"inLanguage":"es","potentialAction":[{"@type":"CommentAction","name":"Comment","target":["https:\/\/futbolhoy.co\/index.php\/2020\/09\/27\/koeman-aprobo-el-primer-examen\/#respond"]}]},{"@type":"WebPage","@id":"https:\/\/futbolhoy.co\/index.php\/2020\/09\/27\/koeman-aprobo-el-primer-examen\/","url":"https:\/\/futbolhoy.co\/index.php\/2020\/09\/27\/koeman-aprobo-el-primer-examen\/","name":"Koeman aprob\u00f3 el primer ex\u00e1men -","isPartOf":{"@id":"https:\/\/futbolhoy.co\/#website"},"primaryImageOfPage":{"@id":"https:\/\/futbolhoy.co\/index.php\/2020\/09\/27\/koeman-aprobo-el-primer-examen\/#primaryimage"},"image":{"@id":"https:\/\/futbolhoy.co\/index.php\/2020\/09\/27\/koeman-aprobo-el-primer-examen\/#primaryimage"},"thumbnailUrl":"https:\/\/futbolhoy.co\/wp-content\/uploads\/2020\/09\/Ei8ywdoXgAAhyys.jpg","datePublished":"2020-09-27T22:59:18+00:00","dateModified":"2020-09-28T14:46:13+00:00","breadcrumb":{"@id":"https:\/\/futbolhoy.co\/index.php\/2020\/09\/27\/koeman-aprobo-el-primer-examen\/#breadcrumb"},"inLanguage":"es","potentialAction":[{"@type":"ReadAction","target":["https:\/\/futbolhoy.co\/index.php\/2020\/09\/27\/koeman-aprobo-el-primer-examen\/"]}]},{"@type":"ImageObject","inLanguage":"es","@id":"https:\/\/futbolhoy.co\/index.php\/2020\/09\/27\/koeman-aprobo-el-primer-examen\/#primaryimage","url":"https:\/\/futbolhoy.co\/wp-content\/uploads\/2020\/09\/Ei8ywdoXgAAhyys.jpg","contentUrl":"https:\/\/futbolhoy.co\/wp-content\/uploads\/2020\/09\/Ei8ywdoXgAAhyys.jpg","width":1080,"height":1080},{"@type":"BreadcrumbList","@id":"https:\/\/futbolhoy.co\/index.php\/2020\/09\/27\/koeman-aprobo-el-primer-examen\/#breadcrumb","itemListElement":[{"@type":"ListItem","position":1,"name":"Portada","item":"https:\/\/futbolhoy.co\/"},{"@type":"ListItem","position":2,"name":"Koeman aprob\u00f3 el primer ex\u00e1men"}]},{"@type":"WebSite","@id":"https:\/\/futbolhoy.co\/#website","url":"https:\/\/futbolhoy.co\/","name":"FutbolHoy","description":"","publisher":{"@id":"https:\/\/futbolhoy.co\/#organization"},"potentialAction":[{"@type":"SearchAction","target":{"@type":"EntryPoint","urlTemplate":"https:\/\/futbolhoy.co\/?s={search_term_string}"},"query-input":{"@type":"PropertyValueSpecification","valueRequired":true,"valueName":"search_term_string"}}],"inLanguage":"es"},{"@type":"Organization","@id":"https:\/\/futbolhoy.co\/#organization","name":"Futbolhoy.co","url":"https:\/\/futbolhoy.co\/","logo":{"@type":"ImageObject","inLanguage":"es","@id":"https:\/\/futbolhoy.co\/#\/schema\/logo\/image\/","url":"https:\/\/futbolhoy.co\/wp-content\/uploads\/2018\/08\/17426380_1906371736249227_6326180412931521141_n.jpg","contentUrl":"https:\/\/futbolhoy.co\/wp-content\/uploads\/2018\/08\/17426380_1906371736249227_6326180412931521141_n.jpg","width":960,"height":960,"caption":"Futbolhoy.co"},"image":{"@id":"https:\/\/futbolhoy.co\/#\/schema\/logo\/image\/"},"sameAs":["https:\/\/www.facebook.com\/FutbolHoyCol\/","https:\/\/x.com\/FutbolHoyCol","https:\/\/www.instagram.com\/futbolhoycol\/"]},{"@type":"Person","@id":"https:\/\/futbolhoy.co\/#\/schema\/person\/c4a353a512b127643723a34bb1812f7d","name":"Laura Hern\u00e1ndez","image":{"@type":"ImageObject","inLanguage":"es","@id":"https:\/\/futbolhoy.co\/#\/schema\/person\/image\/","url":"https:\/\/secure.gravatar.com\/avatar\/d25959a15b9b293a743f99181c7cfd01?s=96&d=mm&r=g","contentUrl":"https:\/\/secure.gravatar.com\/avatar\/d25959a15b9b293a743f99181c7cfd01?s=96&d=mm&r=g","caption":"Laura Hern\u00e1ndez"}}]}},"publishpress_future_action":{"enabled":false,"date":"2026-05-03 10:50:06","action":"change-status","newStatus":"draft","terms":[],"taxonomy":"category","extraData":[]},"publishpress_future_workflow_manual_trigger":{"enabledWorkflows":[]},"_links":{"self":[{"href":"https:\/\/futbolhoy.co\/index.php\/wp-json\/wp\/v2\/posts\/55751","targetHints":{"allow":["GET"]}}],"collection":[{"href":"https:\/\/futbolhoy.co\/index.php\/wp-json\/wp\/v2\/posts"}],"about":[{"href":"https:\/\/futbolhoy.co\/index.php\/wp-json\/wp\/v2\/types\/post"}],"author":[{"embeddable":true,"href":"https:\/\/futbolhoy.co\/index.php\/wp-json\/wp\/v2\/users\/5"}],"replies":[{"embeddable":true,"href":"https:\/\/futbolhoy.co\/index.php\/wp-json\/wp\/v2\/comments?post=55751"}],"version-history":[{"count":1,"href":"https:\/\/futbolhoy.co\/index.php\/wp-json\/wp\/v2\/posts\/55751\/revisions"}],"predecessor-version":[{"id":55754,"href":"https:\/\/futbolhoy.co\/index.php\/wp-json\/wp\/v2\/posts\/55751\/revisions\/55754"}],"wp:featuredmedia":[{"embeddable":true,"href":"https:\/\/futbolhoy.co\/index.php\/wp-json\/wp\/v2\/media\/55753"}],"wp:attachment":[{"href":"https:\/\/futbolhoy.co\/index.php\/wp-json\/wp\/v2\/media?parent=55751"}],"wp:term":[{"taxonomy":"category","embeddable":true,"href":"https:\/\/futbolhoy.co\/index.php\/wp-json\/wp\/v2\/categories?post=55751"},{"taxonomy":"post_tag","embeddable":true,"href":"https:\/\/futbolhoy.co\/index.php\/wp-json\/wp\/v2\/tags?post=55751"}],"curies":[{"name":"wp","href":"https:\/\/api.w.org\/{rel}","templated":true}]}}