{"id":55820,"date":"2020-09-29T14:56:42","date_gmt":"2020-09-29T19:56:42","guid":{"rendered":"https:\/\/futbolhoy.co\/?p=55820"},"modified":"2020-09-30T08:31:04","modified_gmt":"2020-09-30T13:31:04","slug":"rai-y-ancelotti-los-mejores-de-la-historia-en-paris","status":"publish","type":"post","link":"https:\/\/futbolhoy.co\/index.php\/2020\/09\/29\/rai-y-ancelotti-los-mejores-de-la-historia-en-paris\/","title":{"rendered":"Rai y Ancelotti los mejores de la historia en Paris"},"content":{"rendered":"<p style=\"text-align: justify;\"><span style=\"font-family: helvetica, arial, sans-serif;\">El exfutbolista brasile\u00f1o\u00a0<strong>Rai<\/strong>\u00a0fue elegido el mejor jugador de la historia del\u00a0<strong>Paris Saint-Germain<\/strong>\u00a0y el italiano\u00a0<strong>Carlo Ancelotti<\/strong>, el mejor entrenador, seg\u00fan anunci\u00f3 el propio club con motivo de sus bodas de oro de fundaci\u00f3n.<\/span><\/p>\n<p style=\"text-align: justify;\"><span style=\"font-family: helvetica, arial, sans-serif;\">Un jurado compuesto por antiguos jugadores, periodistas y aficionados del <strong>PSG<\/strong> ubic\u00f3 a <strong>Rai<\/strong> en primer lugar, seguido por el yugoslavo\u00a0<strong>Safet Susic\u00a0<\/strong>y el tambi\u00e9n brasile\u00f1o\u00a0<strong>Ronaldinho.<\/strong><\/span><\/p>\n<p style=\"text-align: justify;\"><span style=\"font-family: helvetica, arial, sans-serif;\"><strong>Rai,<\/strong> hermano de otra leyenda,\u00a0<strong>S\u00f3crates,<\/strong> fue campe\u00f3n del mundo con la\u00a0selecci\u00f3n <strong>Brasil<\/strong>\u00a0en\u00a0<strong>USA 1994<\/strong>\u00a0y jug\u00f3 en el\u00a0<strong>PSG<\/strong>\u00a0entre 1993 y 1998, en el que lleg\u00f3 a ser capit\u00e1n y gan\u00f3 un t\u00edtulo de Liga, dos de Copa y otros dos de Copa de la Liga.<\/span><\/p>\n<p style=\"text-align: justify;\"><span style=\"font-family: helvetica, arial, sans-serif;\">En cuanto a los t\u00e9cnicos, tras Ancelotti figuran los franceses\u00a0<strong>Laurent Blanc <\/strong>y <strong>Luis Fern\u00e1ndez.<\/strong><\/span><\/p>\n<p style=\"text-align: justify;\"><span style=\"font-family: helvetica, arial, sans-serif;\">El propio Fern\u00e1ndez,\u00a0<strong>Nicolas Anelka\u00a0y\u00a0Presnel Kimpembe<\/strong>\u00a0fueron elegidos los mejores jugadores formados en el primer equipo de la capital francesa.<\/span><\/p>\n","protected":false},"excerpt":{"rendered":"<p>El exfutbolista brasile\u00f1o\u00a0Rai\u00a0fue elegido el mejor jugador de la historia del\u00a0Paris Saint-Germain\u00a0y el italiano\u00a0Carlo Ancelotti, el mejor entrenador, seg\u00fan anunci\u00f3 el propio club con motivo de sus bodas de oro de fundaci\u00f3n. Un jurado compuesto por antiguos jugadores, periodistas y aficionados del PSG ubic\u00f3 a Rai en primer lugar, seguido por el yugoslavo\u00a0Safet Susic\u00a0y el [&hellip;]<\/p>\n","protected":false},"author":5,"featured_media":55823,"comment_status":"open","ping_status":"closed","sticky":false,"template":"","format":"standard","meta":{"_acf_changed":false,"footnotes":""},"categories":[152],"tags":[],"class_list":{"0":"post-55820","1":"post","2":"type-post","3":"status-publish","4":"format-standard","5":"has-post-thumbnail","7":"category-mundo-futbol"},"acf":[],"_links":{"self":[{"href":"https:\/\/futbolhoy.co\/index.php\/wp-json\/wp\/v2\/posts\/55820","targetHints":{"allow":["GET"]}}],"collection":[{"href":"https:\/\/futbolhoy.co\/index.php\/wp-json\/wp\/v2\/posts"}],"about":[{"href":"https:\/\/futbolhoy.co\/index.php\/wp-json\/wp\/v2\/types\/post"}],"author":[{"embeddable":true,"href":"https:\/\/futbolhoy.co\/index.php\/wp-json\/wp\/v2\/users\/5"}],"replies":[{"embeddable":true,"href":"https:\/\/futbolhoy.co\/index.php\/wp-json\/wp\/v2\/comments?post=55820"}],"version-history":[{"count":2,"href":"https:\/\/futbolhoy.co\/index.php\/wp-json\/wp\/v2\/posts\/55820\/revisions"}],"predecessor-version":[{"id":55829,"href":"https:\/\/futbolhoy.co\/index.php\/wp-json\/wp\/v2\/posts\/55820\/revisions\/55829"}],"wp:featuredmedia":[{"embeddable":true,"href":"https:\/\/futbolhoy.co\/index.php\/wp-json\/wp\/v2\/media\/55823"}],"wp:attachment":[{"href":"https:\/\/futbolhoy.co\/index.php\/wp-json\/wp\/v2\/media?parent=55820"}],"wp:term":[{"taxonomy":"category","embeddable":true,"href":"https:\/\/futbolhoy.co\/index.php\/wp-json\/wp\/v2\/categories?post=55820"},{"taxonomy":"post_tag","embeddable":true,"href":"https:\/\/futbolhoy.co\/index.php\/wp-json\/wp\/v2\/tags?post=55820"}],"curies":[{"name":"wp","href":"https:\/\/api.w.org\/{rel}","templated":true}]}}