{"id":56343,"date":"2020-10-12T20:20:49","date_gmt":"2020-10-13T01:20:49","guid":{"rendered":"https:\/\/futbolhoy.co\/?p=56343"},"modified":"2020-10-12T22:25:47","modified_gmt":"2020-10-13T03:25:47","slug":"estadio-nacional-la-casa-del-futbol-chileno","status":"publish","type":"post","link":"https:\/\/futbolhoy.co\/index.php\/2020\/10\/12\/estadio-nacional-la-casa-del-futbol-chileno\/","title":{"rendered":"Estadio Nacional, la casa del f\u00fatbol chileno"},"content":{"rendered":"<p style=\"text-align: justify;\"><span style=\"font-family: helvetica, arial, sans-serif;\">El\u00a0<b>estadio Nacional de Santiago Julio Mart\u00ednez Pr\u00e1danos<\/b>, es la casa de la\u00a0<b>selecci\u00f3n Chile<\/b>\u00a0por antonomasia, un escenario de gran tradici\u00f3n en el continente y con una historia que data de 1938, a\u00f1o de su fundaci\u00f3n.<\/span><\/p>\n<p style=\"text-align: justify;\"><span style=\"font-family: helvetica, arial, sans-serif;\">Ubicado en la comuna de\u00a0<b>\u00d1u\u00f1oa<\/b>\u00a0en la capital \u2018austral\u2019, fue renombrado en honor al considerado mejor periodista deportivo de la historia del pa\u00eds en 2008; cuenta con una capacidad para 46.190 espectadores, luego de su remodelaci\u00f3n en 2010.<\/span><\/p>\n<p style=\"text-align: justify;\"><span style=\"font-family: helvetica, arial, sans-serif;\">Es el estadio que m\u00e1s partidos de\u00a0<b>Copa Am\u00e9rica<\/b>\u00a0ha acogido, con 74 juegos disputados; y ha albergado las finales de los Mundiales de 1962, la\u00a0<b>Copa Mundo sub 20 en 1987<\/b>\u00a0y la sub 17 en 2015.<\/span><\/p>\n<p style=\"text-align: justify;\"><span style=\"font-family: helvetica, arial, sans-serif;\">Fue declarado Monumento Hist\u00f3rico Nacional en 2003.<\/span><\/p>\n<p style=\"text-align: justify;\"><span style=\"font-family: helvetica, arial, sans-serif;\">Es sede de la selecci\u00f3n Chile y de la\u00a0<b>Universidad de Chile<\/b>\u00a0en el torneo local y sus competencias internacionales.<\/span><\/p>\n<p style=\"text-align: justify;\"><span style=\"font-family: helvetica, arial, sans-serif;\">Su p\u00e1gina m\u00e1s oscura la vivi\u00f3 cuando fue centro de detenci\u00f3n y tortura durante la dictadura militar en 1973.<\/span><\/p>\n","protected":false},"excerpt":{"rendered":"<p>El\u00a0estadio Nacional de Santiago Julio Mart\u00ednez Pr\u00e1danos, es la casa de la\u00a0selecci\u00f3n Chile\u00a0por antonomasia, un escenario de gran tradici\u00f3n en el continente y con una historia que data de 1938, a\u00f1o de su fundaci\u00f3n. Ubicado en la comuna de\u00a0\u00d1u\u00f1oa\u00a0en la capital \u2018austral\u2019, fue renombrado en honor al considerado mejor periodista deportivo de la historia del [&hellip;]<\/p>\n","protected":false},"author":5,"featured_media":56344,"comment_status":"open","ping_status":"closed","sticky":false,"template":"","format":"standard","meta":{"_acf_changed":false,"footnotes":""},"categories":[1965],"tags":[],"class_list":{"0":"post-56343","1":"post","2":"type-post","3":"status-publish","4":"format-standard","5":"has-post-thumbnail","7":"category-eli"},"acf":[],"_links":{"self":[{"href":"https:\/\/futbolhoy.co\/index.php\/wp-json\/wp\/v2\/posts\/56343","targetHints":{"allow":["GET"]}}],"collection":[{"href":"https:\/\/futbolhoy.co\/index.php\/wp-json\/wp\/v2\/posts"}],"about":[{"href":"https:\/\/futbolhoy.co\/index.php\/wp-json\/wp\/v2\/types\/post"}],"author":[{"embeddable":true,"href":"https:\/\/futbolhoy.co\/index.php\/wp-json\/wp\/v2\/users\/5"}],"replies":[{"embeddable":true,"href":"https:\/\/futbolhoy.co\/index.php\/wp-json\/wp\/v2\/comments?post=56343"}],"version-history":[{"count":1,"href":"https:\/\/futbolhoy.co\/index.php\/wp-json\/wp\/v2\/posts\/56343\/revisions"}],"predecessor-version":[{"id":56345,"href":"https:\/\/futbolhoy.co\/index.php\/wp-json\/wp\/v2\/posts\/56343\/revisions\/56345"}],"wp:featuredmedia":[{"embeddable":true,"href":"https:\/\/futbolhoy.co\/index.php\/wp-json\/wp\/v2\/media\/56344"}],"wp:attachment":[{"href":"https:\/\/futbolhoy.co\/index.php\/wp-json\/wp\/v2\/media?parent=56343"}],"wp:term":[{"taxonomy":"category","embeddable":true,"href":"https:\/\/futbolhoy.co\/index.php\/wp-json\/wp\/v2\/categories?post=56343"},{"taxonomy":"post_tag","embeddable":true,"href":"https:\/\/futbolhoy.co\/index.php\/wp-json\/wp\/v2\/tags?post=56343"}],"curies":[{"name":"wp","href":"https:\/\/api.w.org\/{rel}","templated":true}]}}