{"id":5722,"date":"2017-09-17T21:09:02","date_gmt":"2017-09-18T02:09:02","guid":{"rendered":"http:\/\/futbolhoy.co\/?p=5722"},"modified":"2017-09-18T21:40:04","modified_gmt":"2017-09-19T02:40:04","slug":"muriel-con-gol-le-da-la-victoria-al-sevilla","status":"publish","type":"post","link":"https:\/\/futbolhoy.co\/index.php\/2017\/09\/17\/muriel-con-gol-le-da-la-victoria-al-sevilla\/","title":{"rendered":"Muriel con gol le da la victoria al Sevilla"},"content":{"rendered":"<p>Luis Fernando Muriel anot\u00f3 su primer gol en el Sevilla y le dio la victoria al equipo en el partido frente a Girona que cerr\u00f3 1-0.<\/p>\n<p>El colombiano recibi\u00f3 un pase de Ganso en el minuto 69&#8242; y remat\u00f3 con la pierna izquierda dejando al arquero sin posibilidades. Con la victoria el Sevilla ocupa la segunda posici\u00f3n en la tabla de la Liga Santander con 10 puntos.<\/p>\n<blockquote class=\"twitter-tweet\" data-lang=\"es\">\n<p dir=\"ltr\" lang=\"es\">\ud83d\udcf9 \u00a1\u00a1El primer gol de <a href=\"https:\/\/twitter.com\/luisfmuriel09\">@luisfmuriel09<\/a>!! \ud83d\udcaa\u26bd\ud83d\udc4f<a href=\"https:\/\/twitter.com\/hashtag\/vamosmisevilla?src=hash\">#vamosmisevilla<\/a> <a href=\"https:\/\/t.co\/CRUhWfX5I8\">pic.twitter.com\/CRUhWfX5I8<\/a><\/p>\n<p>\u2014 Sevilla F\u00fatbol Club (@SevillaFC) <a href=\"https:\/\/twitter.com\/SevillaFC\/status\/909458815657136128\">17 de septiembre de 2017<\/a><\/p><\/blockquote>\n<p><script async src=\"\/\/platform.twitter.com\/widgets.js\" charset=\"utf-8\"><\/script><\/p>\n<p>En el encuentro los colombianos Bernardo Espinoza y Johan Mojica fueron titulares los 90 minutos del partido mientras que Marlos Moreno no fue convocado para el encuentro.<\/p>\n","protected":false},"excerpt":{"rendered":"<p>Luis Fernando Muriel anot\u00f3 su primer gol en el Sevilla y le dio la victoria al equipo en el partido frente a Girona que cerr\u00f3 1-0. El colombiano recibi\u00f3 un pase de Ganso en el minuto 69&#8242; y remat\u00f3 con la pierna izquierda dejando al arquero sin posibilidades. Con la victoria el Sevilla ocupa la [&hellip;]<\/p>\n","protected":false},"author":5,"featured_media":5724,"comment_status":"open","ping_status":"closed","sticky":false,"template":"","format":"standard","meta":{"_acf_changed":false,"footnotes":""},"categories":[153],"tags":[159,157,127,158],"class_list":{"0":"post-5722","1":"post","2":"type-post","3":"status-publish","4":"format-standard","5":"has-post-thumbnail","7":"category-selecion-colombia","8":"tag-liga-santander","9":"tag-luis-fernando-muriel","10":"tag-seleccion-colombia","11":"tag-sevilla-fc"},"acf":[],"_links":{"self":[{"href":"https:\/\/futbolhoy.co\/index.php\/wp-json\/wp\/v2\/posts\/5722","targetHints":{"allow":["GET"]}}],"collection":[{"href":"https:\/\/futbolhoy.co\/index.php\/wp-json\/wp\/v2\/posts"}],"about":[{"href":"https:\/\/futbolhoy.co\/index.php\/wp-json\/wp\/v2\/types\/post"}],"author":[{"embeddable":true,"href":"https:\/\/futbolhoy.co\/index.php\/wp-json\/wp\/v2\/users\/5"}],"replies":[{"embeddable":true,"href":"https:\/\/futbolhoy.co\/index.php\/wp-json\/wp\/v2\/comments?post=5722"}],"version-history":[{"count":1,"href":"https:\/\/futbolhoy.co\/index.php\/wp-json\/wp\/v2\/posts\/5722\/revisions"}],"predecessor-version":[{"id":5725,"href":"https:\/\/futbolhoy.co\/index.php\/wp-json\/wp\/v2\/posts\/5722\/revisions\/5725"}],"wp:featuredmedia":[{"embeddable":true,"href":"https:\/\/futbolhoy.co\/index.php\/wp-json\/wp\/v2\/media\/5724"}],"wp:attachment":[{"href":"https:\/\/futbolhoy.co\/index.php\/wp-json\/wp\/v2\/media?parent=5722"}],"wp:term":[{"taxonomy":"category","embeddable":true,"href":"https:\/\/futbolhoy.co\/index.php\/wp-json\/wp\/v2\/categories?post=5722"},{"taxonomy":"post_tag","embeddable":true,"href":"https:\/\/futbolhoy.co\/index.php\/wp-json\/wp\/v2\/tags?post=5722"}],"curies":[{"name":"wp","href":"https:\/\/api.w.org\/{rel}","templated":true}]}}