{"id":5798,"date":"2017-09-18T17:47:15","date_gmt":"2017-09-18T22:47:15","guid":{"rendered":"http:\/\/futbolhoy.co\/?p=5798"},"modified":"2017-09-19T14:15:22","modified_gmt":"2017-09-19T19:15:22","slug":"colombia-busca-asesoria-sobre-television-en-el-futbol","status":"publish","type":"post","link":"https:\/\/futbolhoy.co\/index.php\/2017\/09\/18\/colombia-busca-asesoria-sobre-television-en-el-futbol\/","title":{"rendered":"Colombia busca asesor\u00eda sobre televisi\u00f3n en el f\u00fatbol"},"content":{"rendered":"<div id=\"m_-7575565273149227774yui_3_16_0_ym19_1_1505767345350_5851\" dir=\"ltr\" style=\"text-align: justify;\"><span id=\"m_-7575565273149227774yui_3_16_0_ym19_1_1505767345350_5850\" style=\"font-size: medium;\">Directivos de Dimayor y\u00a0<strong id=\"m_-7575565273149227774yui_3_16_0_ym19_1_1505767345350_6000\">Millonarios\u00a0<\/strong>buscan asesor\u00eda de la\u00a0<strong id=\"m_-7575565273149227774yui_3_16_0_ym19_1_1505767345350_6001\">Federaci\u00f3n Ecuatoriana de F\u00fatbol\u00a0<\/strong>respecto a la venta de derechos de televisi\u00f3n, con la presencia en Guayaquil de Hernando Salazar y Enrique Camacho.<\/span><\/div>\n<div id=\"m_-7575565273149227774yui_3_16_0_ym19_1_1505767345350_5892\" dir=\"ltr\"><span style=\"font-size: medium;\">\u00a0<\/span><\/div>\n<div id=\"m_-7575565273149227774yui_3_16_0_ym19_1_1505767345350_5842\"><span id=\"m_-7575565273149227774yui_3_16_0_ym19_1_1505767345350_5841\" style=\"font-size: medium;\">El texto publicado por la entidad rectora del f\u00fatbol ecuatoriano expone:<\/span><\/div>\n<div id=\"m_-7575565273149227774yui_3_16_0_ym19_1_1505767345350_5914\"><span style=\"font-size: medium;\">\u00a0<\/span><\/div>\n<div id=\"m_-7575565273149227774yui_3_16_0_ym19_1_1505767345350_5916\" style=\"text-align: justify;\"><span id=\"m_-7575565273149227774yui_3_16_0_ym19_1_1505767345350_5915\" style=\"font-size: medium;\">Prueba irrefutable de lo positivo de los cambios que ha implementado la Federaci\u00f3n Ecuatoriana de F\u00fatbol presidida por el Ingeniero\u00a0<strong id=\"m_-7575565273149227774yui_3_16_0_ym19_1_1505767345350_5917\">Carlos Villac\u00eds<\/strong>; y de la forma di\u00e1fana como se llev\u00f3 a efecto la licitaci\u00f3n de los derechos de transmisi\u00f3n por televisi\u00f3n del Campeonato Ecuatoriano de F\u00fatbol a partir del a\u00f1o 2018, es la visita dispensada por Hernando Salazar de la\u00a0<strong id=\"m_-7575565273149227774yui_3_16_0_ym19_1_1505767345350_5928\">Dimayor<\/strong>\u00a0 y Enrique Camacho, presidente de Millonarios, quienes llegaron al pa\u00eds para conocer la manera en que se est\u00e1 desarrollando este proceso.<\/span><\/div>\n<div id=\"m_-7575565273149227774yui_3_16_0_ym19_1_1505767345350_5769\"><span style=\"font-size: medium;\">\u00a0<\/span><\/div>\n<div id=\"m_-7575565273149227774yui_3_16_0_ym19_1_1505767345350_5770\"><strong id=\"m_-7575565273149227774yui_3_16_0_ym19_1_1505767345350_5771\"><span id=\"m_-7575565273149227774yui_3_16_0_ym19_1_1505767345350_5840\" style=\"font-size: medium;\">EXPERIENCIA<\/span><\/strong><\/div>\n<div id=\"m_-7575565273149227774yui_3_16_0_ym19_1_1505767345350_5772\"><span style=\"font-size: medium;\">\u00a0<\/span><\/div>\n<div id=\"m_-7575565273149227774yui_3_16_0_ym19_1_1505767345350_5773\" style=\"text-align: justify;\"><span id=\"m_-7575565273149227774yui_3_16_0_ym19_1_1505767345350_5839\" style=\"font-size: medium;\">Salazar y Camacho fueron recibidos por Mario Tamayo, vocal del Directorio y miembro de la Comisi\u00f3n Jur\u00eddica; Xavier Miranda Icaza, Director del Departamento Comercial; y Diego Palma, del Departamento de Marketing de la FEF, quienes de manera pormenorizada les hicieron conocer los pasos que se dieron en el proceso que termin\u00f3 con la firma del contrato con la empresa internacional Gol TV.<\/span><\/div>\n<div id=\"m_-7575565273149227774yui_3_16_0_ym19_1_1505767345350_5774\"><span style=\"font-size: medium;\">\u00a0<\/span><\/div>\n<div id=\"m_-7575565273149227774yui_3_16_0_ym19_1_1505767345350_5775\"><strong id=\"m_-7575565273149227774yui_3_16_0_ym19_1_1505767345350_5776\"><span id=\"m_-7575565273149227774yui_3_16_0_ym19_1_1505767345350_5868\" style=\"font-size: medium;\">LO QUE M\u00c1S DESTACARON<\/span><\/strong><\/div>\n<div id=\"m_-7575565273149227774yui_3_16_0_ym19_1_1505767345350_5777\"><span style=\"font-size: medium;\">\u00a0<\/span><\/div>\n<div id=\"m_-7575565273149227774yui_3_16_0_ym19_1_1505767345350_5778\" style=\"text-align: justify;\"><span id=\"m_-7575565273149227774yui_3_16_0_ym19_1_1505767345350_5836\" style=\"font-size: medium;\">Los dirigentes colombianos destacaron varios aspectos del contrato con Gol TV que se inicia en el 2018 por 22 millones de d\u00f3lares, m\u00e1s un incremento anual del 5 %; y que lo importante no es solamente los 300 millones garantizados, sino que adem\u00e1s permite una repartici\u00f3n de la facturaci\u00f3n \u2013que depender\u00e1 de los abonados\u2013 que genere el negocio: 75 %\u00a0para la\u00a0FEF, 25 % para GolTV a partir de todos los productos o subproductos que genere con el campeonato nacional, por ejemplo, con la posibilidad de ver los goles o res\u00famenes de los partidos a trav\u00e9s de plataformas digitales mediante el uso de internet.<\/span><\/div>\n<div id=\"m_-7575565273149227774yui_3_16_0_ym19_1_1505767345350_5779\"><span style=\"font-size: medium;\">\u00a0<\/span><\/div>\n<div id=\"m_-7575565273149227774yui_3_16_0_ym19_1_1505767345350_5780\"><strong id=\"m_-7575565273149227774yui_3_16_0_ym19_1_1505767345350_5781\"><span style=\"font-size: medium;\">BENEPL\u00c1CITO<\/span><\/strong><\/div>\n<div id=\"m_-7575565273149227774yui_3_16_0_ym19_1_1505767345350_5782\"><span style=\"font-size: medium;\">\u00a0<\/span><\/div>\n<div id=\"m_-7575565273149227774yui_3_16_0_ym19_1_1505767345350_5783\" style=\"text-align: justify;\"><span id=\"m_-7575565273149227774yui_3_16_0_ym19_1_1505767345350_5960\" style=\"font-size: medium;\">Hernando Salazar y Enrique Camacho coincidieron en comentar que tras conocer los pormenores de esta compleja y detallada negociaci\u00f3n podr\u00e1n implementarlos en sus instituciones para conseguir un mejor acuerdo para el desarrollo del f\u00fatbol colombiano.<\/span><\/div>\n<div id=\"m_-7575565273149227774yui_3_16_0_ym19_1_1505767345350_5784\"><span style=\"font-size: medium;\">\u00a0<\/span><\/div>\n<div id=\"m_-7575565273149227774yui_3_16_0_ym19_1_1505767345350_5785\"><strong id=\"m_-7575565273149227774yui_3_16_0_ym19_1_1505767345350_5786\"><span id=\"m_-7575565273149227774yui_3_16_0_ym19_1_1505767345350_5967\" style=\"font-size: medium;\">ECUADOR EJEMPLO POSITIVO<\/span><\/strong><\/div>\n<div id=\"m_-7575565273149227774yui_3_16_0_ym19_1_1505767345350_5787\"><span style=\"font-size: medium;\">\u00a0<\/span><\/div>\n<div id=\"m_-7575565273149227774yui_3_16_0_ym19_1_1505767345350_5791\" dir=\"ltr\" style=\"text-align: justify;\"><span id=\"m_-7575565273149227774yui_3_16_0_ym19_1_1505767345350_5838\" style=\"font-size: medium;\">Esta es la m\u00e1s clara demostraci\u00f3n de que el f\u00fatbol ecuatoriano, representado por la FEF, se presenta en los actuales momentos como positivo ejemplo en la organizaci\u00f3n del balompi\u00e9 sudamericano.<\/span><\/div>\n","protected":false},"excerpt":{"rendered":"<p>Directivos de Dimayor y\u00a0Millonarios\u00a0buscan asesor\u00eda de la\u00a0Federaci\u00f3n Ecuatoriana de F\u00fatbol\u00a0respecto a la venta de derechos de televisi\u00f3n, con la presencia en Guayaquil de Hernando Salazar y Enrique Camacho. \u00a0 El texto publicado por la entidad rectora del f\u00fatbol ecuatoriano expone: \u00a0 Prueba irrefutable de lo positivo de los cambios que ha implementado la Federaci\u00f3n Ecuatoriana [&hellip;]<\/p>\n","protected":false},"author":4,"featured_media":5799,"comment_status":"open","ping_status":"closed","sticky":false,"template":"","format":"standard","meta":{"_acf_changed":false,"footnotes":""},"categories":[7],"tags":[117,170],"class_list":{"0":"post-5798","1":"post","2":"type-post","3":"status-publish","4":"format-standard","5":"has-post-thumbnail","7":"category-liga-betplay","8":"tag-dimayor","9":"tag-futbol-colombiano"},"acf":[],"_links":{"self":[{"href":"https:\/\/futbolhoy.co\/index.php\/wp-json\/wp\/v2\/posts\/5798","targetHints":{"allow":["GET"]}}],"collection":[{"href":"https:\/\/futbolhoy.co\/index.php\/wp-json\/wp\/v2\/posts"}],"about":[{"href":"https:\/\/futbolhoy.co\/index.php\/wp-json\/wp\/v2\/types\/post"}],"author":[{"embeddable":true,"href":"https:\/\/futbolhoy.co\/index.php\/wp-json\/wp\/v2\/users\/4"}],"replies":[{"embeddable":true,"href":"https:\/\/futbolhoy.co\/index.php\/wp-json\/wp\/v2\/comments?post=5798"}],"version-history":[{"count":1,"href":"https:\/\/futbolhoy.co\/index.php\/wp-json\/wp\/v2\/posts\/5798\/revisions"}],"predecessor-version":[{"id":5800,"href":"https:\/\/futbolhoy.co\/index.php\/wp-json\/wp\/v2\/posts\/5798\/revisions\/5800"}],"wp:featuredmedia":[{"embeddable":true,"href":"https:\/\/futbolhoy.co\/index.php\/wp-json\/wp\/v2\/media\/5799"}],"wp:attachment":[{"href":"https:\/\/futbolhoy.co\/index.php\/wp-json\/wp\/v2\/media?parent=5798"}],"wp:term":[{"taxonomy":"category","embeddable":true,"href":"https:\/\/futbolhoy.co\/index.php\/wp-json\/wp\/v2\/categories?post=5798"},{"taxonomy":"post_tag","embeddable":true,"href":"https:\/\/futbolhoy.co\/index.php\/wp-json\/wp\/v2\/tags?post=5798"}],"curies":[{"name":"wp","href":"https:\/\/api.w.org\/{rel}","templated":true}]}}