{"id":5818,"date":"2017-09-18T20:40:59","date_gmt":"2017-09-19T01:40:59","guid":{"rendered":"http:\/\/futbolhoy.co\/?p=5818"},"modified":"2017-09-20T21:54:39","modified_gmt":"2017-09-21T02:54:39","slug":"teo-gutierrez-vuelve-a-la-copa-sudamericana","status":"publish","type":"post","link":"https:\/\/futbolhoy.co\/index.php\/2017\/09\/18\/teo-gutierrez-vuelve-a-la-copa-sudamericana\/","title":{"rendered":"Teo Guti\u00e9rrez vuelve a la Copa Sudamericana"},"content":{"rendered":"<p style=\"text-align: justify;\">Junior buscar\u00e1 mantener presente la bandera de Colombia en la Copa Sudamericana y avanzar a los cuartos de final del torneo continental cuando reciba a Cerro Porte\u00f1o de Paraguay este martes a las 7 y 45 de la noche en Barranquilla en el partido de vuelta de\u00a0 una serie que se encuentra igualada 0-0.<\/p>\n<p>El conjunto &#8216;tibur\u00f3n&#8217; podr\u00e1 contar con Te\u00f3filo Guti\u00e9rrez en este compromiso, ya que el jugador no estuvo presente en el partido de Asunci\u00f3n la semana pasada por un resentimiento de una lesi\u00f3n cuando integraba la selecci\u00f3n Colombia en el partido contra Brasil por las eliminatorias mundialistas.<\/p>\n<p style=\"text-align: justify;\">\u00abVamos a tener un partido que es de nivel internacional con un equipo que va a jugar sin la presi\u00f3n que tiene en su casa con su hinchada, en un momento en el que tienen algunas dificultades. El viernes ganaron 2-3 al Sportivo Luque\u00f1o\u00bb, dijo en rueda de prensa el t\u00e9cnico uruguayo del Junior, Julio Avelino Comesa\u00f1a.<\/p>\n<p style=\"text-align: justify;\">Por su parte, Cerro Porte\u00f1o desplaz\u00f3 a Colombia un grupo de 23 jugadores, dirigidos por el entrenador antioque\u00f1o Leonel \u00c1lvarez, quien buscar\u00e1 revertir el historial del equipo &#8216;cicl\u00f3n&#8217; de Paraguay, que ha ca\u00eddo en sus tres visitas previas al Metropolitano, todas por Copa Libertadores en 1994, 3-2; en 1996, 1-0, y en el 2000, 2-0.<\/p>\n<p style=\"text-align: justify;\">El \u00e1rbitro del juego ser\u00e1 el argentino Dar\u00edo Herrera, asistido por sus compatriotas Diego Bonfa y Cristian Navarro.<\/p>\n<p style=\"text-align: justify;\">Posibles formaciones:<br \/>\nJunior: Sebasti\u00e1n Viera; Jes\u00fas Murillo, Jonathan \u00c1vila, Rafael P\u00e9rez, Germ\u00e1n Guti\u00e9rrez; Leonardo Pico, James S\u00e1nchez, V\u00edctor Cantillo; T\u00e9ofilo Guti\u00e9rrez, Roberto Ovelar y Yimmi Char\u00e1.<\/p>\n<p style=\"text-align: justify;\">Cerro Porte\u00f1o: Anthony Silva; Ra\u00fal C\u00e1ceres, Marcos C\u00e1ceres, \u00d3mar Alderete, Joel Jim\u00e9nez; Jorge Rojas, Juan Aguilar, Rodrigo Rojas, Marcos Riveros; Oscar Ruiz y Alfio Oviedo.<\/p>\n","protected":false},"excerpt":{"rendered":"<p>Junior buscar\u00e1 mantener presente la bandera de Colombia en la Copa Sudamericana y avanzar a los cuartos de final del torneo continental cuando reciba a Cerro Porte\u00f1o de Paraguay este martes a las 7 y 45 de la noche en Barranquilla en el partido de vuelta de\u00a0 una serie que se encuentra igualada 0-0. El [&hellip;]<\/p>\n","protected":false},"author":4,"featured_media":5832,"comment_status":"open","ping_status":"closed","sticky":false,"template":"","format":"standard","meta":{"_acf_changed":false,"footnotes":""},"categories":[152],"tags":[91,90],"class_list":{"0":"post-5818","1":"post","2":"type-post","3":"status-publish","4":"format-standard","5":"has-post-thumbnail","7":"category-mundo-futbol","8":"tag-copa-sudamericana","9":"tag-junior"},"acf":[],"_links":{"self":[{"href":"https:\/\/futbolhoy.co\/index.php\/wp-json\/wp\/v2\/posts\/5818","targetHints":{"allow":["GET"]}}],"collection":[{"href":"https:\/\/futbolhoy.co\/index.php\/wp-json\/wp\/v2\/posts"}],"about":[{"href":"https:\/\/futbolhoy.co\/index.php\/wp-json\/wp\/v2\/types\/post"}],"author":[{"embeddable":true,"href":"https:\/\/futbolhoy.co\/index.php\/wp-json\/wp\/v2\/users\/4"}],"replies":[{"embeddable":true,"href":"https:\/\/futbolhoy.co\/index.php\/wp-json\/wp\/v2\/comments?post=5818"}],"version-history":[{"count":1,"href":"https:\/\/futbolhoy.co\/index.php\/wp-json\/wp\/v2\/posts\/5818\/revisions"}],"predecessor-version":[{"id":5833,"href":"https:\/\/futbolhoy.co\/index.php\/wp-json\/wp\/v2\/posts\/5818\/revisions\/5833"}],"wp:featuredmedia":[{"embeddable":true,"href":"https:\/\/futbolhoy.co\/index.php\/wp-json\/wp\/v2\/media\/5832"}],"wp:attachment":[{"href":"https:\/\/futbolhoy.co\/index.php\/wp-json\/wp\/v2\/media?parent=5818"}],"wp:term":[{"taxonomy":"category","embeddable":true,"href":"https:\/\/futbolhoy.co\/index.php\/wp-json\/wp\/v2\/categories?post=5818"},{"taxonomy":"post_tag","embeddable":true,"href":"https:\/\/futbolhoy.co\/index.php\/wp-json\/wp\/v2\/tags?post=5818"}],"curies":[{"name":"wp","href":"https:\/\/api.w.org\/{rel}","templated":true}]}}