{"id":58365,"date":"2020-11-20T12:22:01","date_gmt":"2020-11-20T17:22:01","guid":{"rendered":"https:\/\/futbolhoy.co\/?p=58365"},"modified":"2020-11-20T23:54:03","modified_gmt":"2020-11-21T04:54:03","slug":"the-best-el-17-de-diciembre","status":"publish","type":"post","link":"https:\/\/futbolhoy.co\/index.php\/2020\/11\/20\/the-best-el-17-de-diciembre\/","title":{"rendered":"The Best, el 17 de diciembre"},"content":{"rendered":"<p style=\"text-align: justify;\"><span style=\"font-family: helvetica, arial, sans-serif;\">La ceremonia de entrega de los premios <strong>The Best<\/strong> de la <strong>FIFA,<\/strong> inicialmente prevista para septiembre, se celebrar\u00e1 de manera virtual el 17 de diciembre, anunci\u00f3 la rectora del f\u00fatbol mundial, luego del aplazamiento por la pandemia.<\/span><\/p>\n<p style=\"text-align: justify;\"><span style=\"font-family: helvetica, arial, sans-serif;\">Los sucesores del argentino <strong>Lionel Messi<\/strong> y la estadounidense <strong>Megan Rapinoe,<\/strong> coronados el a\u00f1o pasado en la Scala de Mil\u00e1n, recibir\u00e1n un trofeo con sabor a <strong>Bal\u00f3n de Oro,<\/strong> ya que la m\u00e1xima recompensa individual, entregada tradicionalmente en diciembre por la revista <em>France Football<\/em>, fue anulada este a\u00f1o.<\/span><\/p>\n<p style=\"text-align: justify;\"><span style=\"font-family: helvetica, arial, sans-serif;\">\"Tras el regreso sin peligro de las competiciones, gracias a una mezcla de trabajo y solidaridad en nuestro deporte, el f\u00fatbol ha sido una de las pocas fuentes de consuelo y de alegr\u00eda para muchos. Es importante que la FIFA honre sus \u00e9xitos en este a\u00f1o extraordinario\", se\u00f1al\u00f3 la entidad.<\/span><\/p>\n<p style=\"text-align: justify;\"><span style=\"font-family: helvetica, arial, sans-serif;\">Adem\u00e1s de los premios a los mejores jugadores, en categor\u00eda masculina y femenina, la <strong>FIFA<\/strong> entregar\u00e1 galardones a mejores arqueros, entrenadores, el trofeo <strong>Puskas<\/strong> al mejor gol y el premio al <strong>fair-play.<\/strong><\/span><\/p>\n<p style=\"text-align: justify;\"><span style=\"font-family: helvetica, arial, sans-serif;\">Los premiados ser\u00e1n decididos en una votaci\u00f3n en la que participan capitanes y seleccionadores de los equipos nacionales, un grupo de m\u00e1s de 200 periodistas, as\u00ed como aficionados preguntados en l\u00ednea del 25 de noviembre al 9 de diciembre.<\/span><\/p>\n","protected":false},"excerpt":{"rendered":"<p>La ceremonia de entrega de los premios The Best de la FIFA, inicialmente prevista para septiembre, se celebrar\u00e1 de manera virtual el 17 de diciembre, anunci\u00f3 la rectora del f\u00fatbol mundial, luego del aplazamiento por la pandemia. Los sucesores del argentino Lionel Messi y la estadounidense Megan Rapinoe, coronados el a\u00f1o pasado en la Scala [&hellip;]<\/p>\n","protected":false},"author":5,"featured_media":41554,"comment_status":"open","ping_status":"open","sticky":false,"template":"","format":"standard","meta":{"_acf_changed":false,"footnotes":""},"categories":[152],"tags":[218],"class_list":{"0":"post-58365","1":"post","2":"type-post","3":"status-publish","4":"format-standard","5":"has-post-thumbnail","7":"category-mundo-futbol","8":"tag-the-best"},"acf":[],"yoast_head":"<!-- This site is optimized with the Yoast SEO plugin v26.8 - https:\/\/yoast.com\/product\/yoast-seo-wordpress\/ -->\n<title>The Best, el 17 de diciembre -<\/title>\n<meta name=\"robots\" content=\"index, follow, max-snippet:-1, max-image-preview:large, max-video-preview:-1\" \/>\n<link rel=\"canonical\" href=\"https:\/\/futbolhoy.co\/index.php\/2020\/11\/20\/the-best-el-17-de-diciembre\/\" \/>\n<meta property=\"og:locale\" content=\"es_ES\" \/>\n<meta property=\"og:type\" content=\"article\" \/>\n<meta property=\"og:title\" content=\"The Best, el 17 de diciembre -\" \/>\n<meta property=\"og:description\" content=\"La ceremonia de entrega de los premios The Best de la FIFA, inicialmente prevista para septiembre, se celebrar\u00e1 de manera virtual el 17 de diciembre, anunci\u00f3 la rectora del f\u00fatbol mundial, luego del aplazamiento por la pandemia. Los sucesores del argentino Lionel Messi y la estadounidense Megan Rapinoe, coronados el a\u00f1o pasado en la Scala [&hellip;]\" \/>\n<meta property=\"og:url\" content=\"https:\/\/futbolhoy.co\/index.php\/2020\/11\/20\/the-best-el-17-de-diciembre\/\" \/>\n<meta property=\"article:publisher\" content=\"https:\/\/www.facebook.com\/FutbolHoyCol\/\" \/>\n<meta property=\"article:published_time\" content=\"2020-11-20T17:22:01+00:00\" \/>\n<meta property=\"article:modified_time\" content=\"2020-11-21T04:54:03+00:00\" \/>\n<meta property=\"og:image\" content=\"https:\/\/futbolhoy.co\/wp-content\/uploads\/2019\/09\/julyknuun4yijym1oarh.jpg\" \/>\n\t<meta property=\"og:image:width\" content=\"1440\" \/>\n\t<meta property=\"og:image:height\" content=\"630\" \/>\n\t<meta property=\"og:image:type\" content=\"image\/jpeg\" \/>\n<meta name=\"author\" content=\"Laura Hern\u00e1ndez\" \/>\n<meta name=\"twitter:card\" content=\"summary_large_image\" \/>\n<meta name=\"twitter:creator\" content=\"@FutbolHoyCol\" \/>\n<meta name=\"twitter:site\" content=\"@FutbolHoyCol\" \/>\n<meta name=\"twitter:label1\" content=\"Escrito por\" \/>\n\t<meta name=\"twitter:data1\" content=\"Laura Hern\u00e1ndez\" \/>\n\t<meta name=\"twitter:label2\" content=\"Tiempo de lectura\" \/>\n\t<meta name=\"twitter:data2\" content=\"1 minuto\" \/>\n<script type=\"application\/ld+json\" class=\"yoast-schema-graph\">{\"@context\":\"https:\/\/schema.org\",\"@graph\":[{\"@type\":\"Article\",\"@id\":\"https:\/\/futbolhoy.co\/index.php\/2020\/11\/20\/the-best-el-17-de-diciembre\/#article\",\"isPartOf\":{\"@id\":\"https:\/\/futbolhoy.co\/index.php\/2020\/11\/20\/the-best-el-17-de-diciembre\/\"},\"author\":{\"name\":\"Laura Hern\u00e1ndez\",\"@id\":\"https:\/\/futbolhoy.co\/#\/schema\/person\/c4a353a512b127643723a34bb1812f7d\"},\"headline\":\"The Best, el 17 de diciembre\",\"datePublished\":\"2020-11-20T17:22:01+00:00\",\"dateModified\":\"2020-11-21T04:54:03+00:00\",\"mainEntityOfPage\":{\"@id\":\"https:\/\/futbolhoy.co\/index.php\/2020\/11\/20\/the-best-el-17-de-diciembre\/\"},\"wordCount\":224,\"commentCount\":0,\"publisher\":{\"@id\":\"https:\/\/futbolhoy.co\/#organization\"},\"image\":{\"@id\":\"https:\/\/futbolhoy.co\/index.php\/2020\/11\/20\/the-best-el-17-de-diciembre\/#primaryimage\"},\"thumbnailUrl\":\"https:\/\/futbolhoy.co\/wp-content\/uploads\/2019\/09\/julyknuun4yijym1oarh.jpg\",\"keywords\":[\"The Best\"],\"articleSection\":[\"Mundo Futbol\"],\"inLanguage\":\"es\",\"potentialAction\":[{\"@type\":\"CommentAction\",\"name\":\"Comment\",\"target\":[\"https:\/\/futbolhoy.co\/index.php\/2020\/11\/20\/the-best-el-17-de-diciembre\/#respond\"]}]},{\"@type\":\"WebPage\",\"@id\":\"https:\/\/futbolhoy.co\/index.php\/2020\/11\/20\/the-best-el-17-de-diciembre\/\",\"url\":\"https:\/\/futbolhoy.co\/index.php\/2020\/11\/20\/the-best-el-17-de-diciembre\/\",\"name\":\"The Best, el 17 de diciembre -\",\"isPartOf\":{\"@id\":\"https:\/\/futbolhoy.co\/#website\"},\"primaryImageOfPage\":{\"@id\":\"https:\/\/futbolhoy.co\/index.php\/2020\/11\/20\/the-best-el-17-de-diciembre\/#primaryimage\"},\"image\":{\"@id\":\"https:\/\/futbolhoy.co\/index.php\/2020\/11\/20\/the-best-el-17-de-diciembre\/#primaryimage\"},\"thumbnailUrl\":\"https:\/\/futbolhoy.co\/wp-content\/uploads\/2019\/09\/julyknuun4yijym1oarh.jpg\",\"datePublished\":\"2020-11-20T17:22:01+00:00\",\"dateModified\":\"2020-11-21T04:54:03+00:00\",\"breadcrumb\":{\"@id\":\"https:\/\/futbolhoy.co\/index.php\/2020\/11\/20\/the-best-el-17-de-diciembre\/#breadcrumb\"},\"inLanguage\":\"es\",\"potentialAction\":[{\"@type\":\"ReadAction\",\"target\":[\"https:\/\/futbolhoy.co\/index.php\/2020\/11\/20\/the-best-el-17-de-diciembre\/\"]}]},{\"@type\":\"ImageObject\",\"inLanguage\":\"es\",\"@id\":\"https:\/\/futbolhoy.co\/index.php\/2020\/11\/20\/the-best-el-17-de-diciembre\/#primaryimage\",\"url\":\"https:\/\/futbolhoy.co\/wp-content\/uploads\/2019\/09\/julyknuun4yijym1oarh.jpg\",\"contentUrl\":\"https:\/\/futbolhoy.co\/wp-content\/uploads\/2019\/09\/julyknuun4yijym1oarh.jpg\",\"width\":1440,\"height\":630,\"caption\":\"www.fifa.com\"},{\"@type\":\"BreadcrumbList\",\"@id\":\"https:\/\/futbolhoy.co\/index.php\/2020\/11\/20\/the-best-el-17-de-diciembre\/#breadcrumb\",\"itemListElement\":[{\"@type\":\"ListItem\",\"position\":1,\"name\":\"Portada\",\"item\":\"https:\/\/futbolhoy.co\/\"},{\"@type\":\"ListItem\",\"position\":2,\"name\":\"The Best, el 17 de diciembre\"}]},{\"@type\":\"WebSite\",\"@id\":\"https:\/\/futbolhoy.co\/#website\",\"url\":\"https:\/\/futbolhoy.co\/\",\"name\":\"FutbolHoy\",\"description\":\"\",\"publisher\":{\"@id\":\"https:\/\/futbolhoy.co\/#organization\"},\"potentialAction\":[{\"@type\":\"SearchAction\",\"target\":{\"@type\":\"EntryPoint\",\"urlTemplate\":\"https:\/\/futbolhoy.co\/?s={search_term_string}\"},\"query-input\":{\"@type\":\"PropertyValueSpecification\",\"valueRequired\":true,\"valueName\":\"search_term_string\"}}],\"inLanguage\":\"es\"},{\"@type\":\"Organization\",\"@id\":\"https:\/\/futbolhoy.co\/#organization\",\"name\":\"Futbolhoy.co\",\"url\":\"https:\/\/futbolhoy.co\/\",\"logo\":{\"@type\":\"ImageObject\",\"inLanguage\":\"es\",\"@id\":\"https:\/\/futbolhoy.co\/#\/schema\/logo\/image\/\",\"url\":\"https:\/\/futbolhoy.co\/wp-content\/uploads\/2018\/08\/17426380_1906371736249227_6326180412931521141_n.jpg\",\"contentUrl\":\"https:\/\/futbolhoy.co\/wp-content\/uploads\/2018\/08\/17426380_1906371736249227_6326180412931521141_n.jpg\",\"width\":960,\"height\":960,\"caption\":\"Futbolhoy.co\"},\"image\":{\"@id\":\"https:\/\/futbolhoy.co\/#\/schema\/logo\/image\/\"},\"sameAs\":[\"https:\/\/www.facebook.com\/FutbolHoyCol\/\",\"https:\/\/x.com\/FutbolHoyCol\",\"https:\/\/www.instagram.com\/futbolhoycol\/\"]},{\"@type\":\"Person\",\"@id\":\"https:\/\/futbolhoy.co\/#\/schema\/person\/c4a353a512b127643723a34bb1812f7d\",\"name\":\"Laura Hern\u00e1ndez\",\"image\":{\"@type\":\"ImageObject\",\"inLanguage\":\"es\",\"@id\":\"https:\/\/futbolhoy.co\/#\/schema\/person\/image\/\",\"url\":\"https:\/\/secure.gravatar.com\/avatar\/d25959a15b9b293a743f99181c7cfd01?s=96&d=mm&r=g\",\"contentUrl\":\"https:\/\/secure.gravatar.com\/avatar\/d25959a15b9b293a743f99181c7cfd01?s=96&d=mm&r=g\",\"caption\":\"Laura Hern\u00e1ndez\"}}]}<\/script>\n<!-- \/ Yoast SEO plugin. -->","yoast_head_json":{"title":"The Best, el 17 de diciembre -","robots":{"index":"index","follow":"follow","max-snippet":"max-snippet:-1","max-image-preview":"max-image-preview:large","max-video-preview":"max-video-preview:-1"},"canonical":"https:\/\/futbolhoy.co\/index.php\/2020\/11\/20\/the-best-el-17-de-diciembre\/","og_locale":"es_ES","og_type":"article","og_title":"The Best, el 17 de diciembre -","og_description":"La ceremonia de entrega de los premios The Best de la FIFA, inicialmente prevista para septiembre, se celebrar\u00e1 de manera virtual el 17 de diciembre, anunci\u00f3 la rectora del f\u00fatbol mundial, luego del aplazamiento por la pandemia. Los sucesores del argentino Lionel Messi y la estadounidense Megan Rapinoe, coronados el a\u00f1o pasado en la Scala [&hellip;]","og_url":"https:\/\/futbolhoy.co\/index.php\/2020\/11\/20\/the-best-el-17-de-diciembre\/","article_publisher":"https:\/\/www.facebook.com\/FutbolHoyCol\/","article_published_time":"2020-11-20T17:22:01+00:00","article_modified_time":"2020-11-21T04:54:03+00:00","og_image":[{"width":1440,"height":630,"url":"https:\/\/futbolhoy.co\/wp-content\/uploads\/2019\/09\/julyknuun4yijym1oarh.jpg","type":"image\/jpeg"}],"author":"Laura Hern\u00e1ndez","twitter_card":"summary_large_image","twitter_creator":"@FutbolHoyCol","twitter_site":"@FutbolHoyCol","twitter_misc":{"Escrito por":"Laura Hern\u00e1ndez","Tiempo de lectura":"1 minuto"},"schema":{"@context":"https:\/\/schema.org","@graph":[{"@type":"Article","@id":"https:\/\/futbolhoy.co\/index.php\/2020\/11\/20\/the-best-el-17-de-diciembre\/#article","isPartOf":{"@id":"https:\/\/futbolhoy.co\/index.php\/2020\/11\/20\/the-best-el-17-de-diciembre\/"},"author":{"name":"Laura Hern\u00e1ndez","@id":"https:\/\/futbolhoy.co\/#\/schema\/person\/c4a353a512b127643723a34bb1812f7d"},"headline":"The Best, el 17 de diciembre","datePublished":"2020-11-20T17:22:01+00:00","dateModified":"2020-11-21T04:54:03+00:00","mainEntityOfPage":{"@id":"https:\/\/futbolhoy.co\/index.php\/2020\/11\/20\/the-best-el-17-de-diciembre\/"},"wordCount":224,"commentCount":0,"publisher":{"@id":"https:\/\/futbolhoy.co\/#organization"},"image":{"@id":"https:\/\/futbolhoy.co\/index.php\/2020\/11\/20\/the-best-el-17-de-diciembre\/#primaryimage"},"thumbnailUrl":"https:\/\/futbolhoy.co\/wp-content\/uploads\/2019\/09\/julyknuun4yijym1oarh.jpg","keywords":["The Best"],"articleSection":["Mundo Futbol"],"inLanguage":"es","potentialAction":[{"@type":"CommentAction","name":"Comment","target":["https:\/\/futbolhoy.co\/index.php\/2020\/11\/20\/the-best-el-17-de-diciembre\/#respond"]}]},{"@type":"WebPage","@id":"https:\/\/futbolhoy.co\/index.php\/2020\/11\/20\/the-best-el-17-de-diciembre\/","url":"https:\/\/futbolhoy.co\/index.php\/2020\/11\/20\/the-best-el-17-de-diciembre\/","name":"The Best, el 17 de diciembre -","isPartOf":{"@id":"https:\/\/futbolhoy.co\/#website"},"primaryImageOfPage":{"@id":"https:\/\/futbolhoy.co\/index.php\/2020\/11\/20\/the-best-el-17-de-diciembre\/#primaryimage"},"image":{"@id":"https:\/\/futbolhoy.co\/index.php\/2020\/11\/20\/the-best-el-17-de-diciembre\/#primaryimage"},"thumbnailUrl":"https:\/\/futbolhoy.co\/wp-content\/uploads\/2019\/09\/julyknuun4yijym1oarh.jpg","datePublished":"2020-11-20T17:22:01+00:00","dateModified":"2020-11-21T04:54:03+00:00","breadcrumb":{"@id":"https:\/\/futbolhoy.co\/index.php\/2020\/11\/20\/the-best-el-17-de-diciembre\/#breadcrumb"},"inLanguage":"es","potentialAction":[{"@type":"ReadAction","target":["https:\/\/futbolhoy.co\/index.php\/2020\/11\/20\/the-best-el-17-de-diciembre\/"]}]},{"@type":"ImageObject","inLanguage":"es","@id":"https:\/\/futbolhoy.co\/index.php\/2020\/11\/20\/the-best-el-17-de-diciembre\/#primaryimage","url":"https:\/\/futbolhoy.co\/wp-content\/uploads\/2019\/09\/julyknuun4yijym1oarh.jpg","contentUrl":"https:\/\/futbolhoy.co\/wp-content\/uploads\/2019\/09\/julyknuun4yijym1oarh.jpg","width":1440,"height":630,"caption":"www.fifa.com"},{"@type":"BreadcrumbList","@id":"https:\/\/futbolhoy.co\/index.php\/2020\/11\/20\/the-best-el-17-de-diciembre\/#breadcrumb","itemListElement":[{"@type":"ListItem","position":1,"name":"Portada","item":"https:\/\/futbolhoy.co\/"},{"@type":"ListItem","position":2,"name":"The Best, el 17 de diciembre"}]},{"@type":"WebSite","@id":"https:\/\/futbolhoy.co\/#website","url":"https:\/\/futbolhoy.co\/","name":"FutbolHoy","description":"","publisher":{"@id":"https:\/\/futbolhoy.co\/#organization"},"potentialAction":[{"@type":"SearchAction","target":{"@type":"EntryPoint","urlTemplate":"https:\/\/futbolhoy.co\/?s={search_term_string}"},"query-input":{"@type":"PropertyValueSpecification","valueRequired":true,"valueName":"search_term_string"}}],"inLanguage":"es"},{"@type":"Organization","@id":"https:\/\/futbolhoy.co\/#organization","name":"Futbolhoy.co","url":"https:\/\/futbolhoy.co\/","logo":{"@type":"ImageObject","inLanguage":"es","@id":"https:\/\/futbolhoy.co\/#\/schema\/logo\/image\/","url":"https:\/\/futbolhoy.co\/wp-content\/uploads\/2018\/08\/17426380_1906371736249227_6326180412931521141_n.jpg","contentUrl":"https:\/\/futbolhoy.co\/wp-content\/uploads\/2018\/08\/17426380_1906371736249227_6326180412931521141_n.jpg","width":960,"height":960,"caption":"Futbolhoy.co"},"image":{"@id":"https:\/\/futbolhoy.co\/#\/schema\/logo\/image\/"},"sameAs":["https:\/\/www.facebook.com\/FutbolHoyCol\/","https:\/\/x.com\/FutbolHoyCol","https:\/\/www.instagram.com\/futbolhoycol\/"]},{"@type":"Person","@id":"https:\/\/futbolhoy.co\/#\/schema\/person\/c4a353a512b127643723a34bb1812f7d","name":"Laura Hern\u00e1ndez","image":{"@type":"ImageObject","inLanguage":"es","@id":"https:\/\/futbolhoy.co\/#\/schema\/person\/image\/","url":"https:\/\/secure.gravatar.com\/avatar\/d25959a15b9b293a743f99181c7cfd01?s=96&d=mm&r=g","contentUrl":"https:\/\/secure.gravatar.com\/avatar\/d25959a15b9b293a743f99181c7cfd01?s=96&d=mm&r=g","caption":"Laura Hern\u00e1ndez"}}]}},"publishpress_future_action":{"enabled":false,"date":"2026-05-05 18:54:50","action":"change-status","newStatus":"draft","terms":[],"taxonomy":"category","extraData":[]},"publishpress_future_workflow_manual_trigger":{"enabledWorkflows":[]},"_links":{"self":[{"href":"https:\/\/futbolhoy.co\/index.php\/wp-json\/wp\/v2\/posts\/58365","targetHints":{"allow":["GET"]}}],"collection":[{"href":"https:\/\/futbolhoy.co\/index.php\/wp-json\/wp\/v2\/posts"}],"about":[{"href":"https:\/\/futbolhoy.co\/index.php\/wp-json\/wp\/v2\/types\/post"}],"author":[{"embeddable":true,"href":"https:\/\/futbolhoy.co\/index.php\/wp-json\/wp\/v2\/users\/5"}],"replies":[{"embeddable":true,"href":"https:\/\/futbolhoy.co\/index.php\/wp-json\/wp\/v2\/comments?post=58365"}],"version-history":[{"count":1,"href":"https:\/\/futbolhoy.co\/index.php\/wp-json\/wp\/v2\/posts\/58365\/revisions"}],"predecessor-version":[{"id":58366,"href":"https:\/\/futbolhoy.co\/index.php\/wp-json\/wp\/v2\/posts\/58365\/revisions\/58366"}],"wp:featuredmedia":[{"embeddable":true,"href":"https:\/\/futbolhoy.co\/index.php\/wp-json\/wp\/v2\/media\/41554"}],"wp:attachment":[{"href":"https:\/\/futbolhoy.co\/index.php\/wp-json\/wp\/v2\/media?parent=58365"}],"wp:term":[{"taxonomy":"category","embeddable":true,"href":"https:\/\/futbolhoy.co\/index.php\/wp-json\/wp\/v2\/categories?post=58365"},{"taxonomy":"post_tag","embeddable":true,"href":"https:\/\/futbolhoy.co\/index.php\/wp-json\/wp\/v2\/tags?post=58365"}],"curies":[{"name":"wp","href":"https:\/\/api.w.org\/{rel}","templated":true}]}}