{"id":58493,"date":"2020-11-23T22:25:26","date_gmt":"2020-11-24T03:25:26","guid":{"rendered":"https:\/\/futbolhoy.co\/?p=58493"},"modified":"2020-11-24T21:52:47","modified_gmt":"2020-11-25T02:52:47","slug":"cali-visita-liniers","status":"publish","type":"post","link":"https:\/\/futbolhoy.co\/index.php\/2020\/11\/23\/cali-visita-liniers\/","title":{"rendered":"Cali visita Liniers"},"content":{"rendered":"<!--[if lt IE 9]><script>document.createElement('audio');<\/script><![endif]-->\n<audio class=\"wp-audio-shortcode\" id=\"audio-58493-1\" preload=\"none\" style=\"width: 100%;\" controls=\"controls\"><source type=\"audio\/mpeg\" src=\"https:\/\/futbolhoy.co\/wp-content\/uploads\/2020\/11\/Alfredo-Arias-tecnico-del-Deportivo-Cali.mp3?_=1\" \/><a href=\"https:\/\/futbolhoy.co\/wp-content\/uploads\/2020\/11\/Alfredo-Arias-tecnico-del-Deportivo-Cali.mp3\">https:\/\/futbolhoy.co\/wp-content\/uploads\/2020\/11\/Alfredo-Arias-tecnico-del-Deportivo-Cali.mp3<\/a><\/audio>\n<p>(Alfredo Arias, director t\u00e9cnico del Deportivo Cali)<\/p>\n<p style=\"text-align: justify;\"><span style=\"font-family: helvetica, arial, sans-serif;\"><strong>Deportivo Cali<\/strong> enfrentar\u00e1 este martes como visitante a <strong>V\u00e9lez Sarsfield<\/strong> en la ida por los octavos de final de la <strong>Copa Sudamericana,<\/strong> siendo uno de los dos representantes colombianos en el torneo continental.<\/span><\/p>\n<p style=\"text-align: justify;\"><span style=\"font-family: helvetica, arial, sans-serif;\">El equipo \u2018azucarero\u2019 viajo con lo mejor de su n\u00f3mina a <strong>Buenos Aires<\/strong> e impulsado por el empate 1-1 que alcanz\u00f3 en <strong>Bogot\u00e1<\/strong> ante<strong> La Equidad<\/strong> en los cuartos de final de la<strong> Liga colombiana.<\/strong><\/span><\/p>\n<p style=\"text-align: justify;\"><span style=\"font-family: helvetica, arial, sans-serif;\">Su rival, dirigido por el t\u00e9cnico <strong>Mauricio Pellegrino,<\/strong> cumple una aceptable campa\u00f1a en el torneo argentino, que lo tiene como l\u00edder de la Zona 6, luego de un arranque con dos victorias y dos empates.<\/span><\/p>\n<p style=\"text-align: justify;\"><span style=\"font-family: helvetica, arial, sans-serif;\">\"Es un gran desaf\u00edo y una motivaci\u00f3n la Copa Sudamericana, pero el torneo local es nuestro pan de cada d\u00eda. Estamos preparados para competir bien en ambos cert\u00e1menes, m\u00e1s all\u00e1 que se vienen partidos seguidos de nuevo\", expres\u00f3 Pellegrino, quien no contar\u00e1 con el arquero ecuatoriano <strong>Alexander Dom\u00ednguez,<\/strong> al ser positivo al <strong>COVID-19,<\/strong> siendo reemplazado por <strong>Lucas Hoyos.<\/strong><\/span><\/p>\n<p style=\"text-align: justify;\"><span style=\"font-family: helvetica, arial, sans-serif;\">\u201cOjal\u00e1 seamos competitivos y estemos fuertes para plantearle al rival dificultades y solucionar la que ellos nos puedan plantear. No es un partido f\u00e1cil, en estas instancias de ida y vuelta todo se empareja y los detalles m\u00ednimos muchas veces defines\u201d, declar\u00f3 el entrenador del Cali, <strong>Alfredo Arias.<\/strong><\/span><\/p>\n<p style=\"text-align: justify;\"><strong><span style=\"font-family: helvetica, arial, sans-serif;\">Probables formaciones:<\/span><\/strong><\/p>\n<p style=\"text-align: justify;\"><span style=\"font-family: helvetica, arial, sans-serif;\"><strong>V\u00e9lez Sarsfield: <\/strong>Lucas Hoyos; Tom\u00e1s Guidara, Lautaro Giannetti, Luis Abram, Francisco Ortega; Pablo Galdames, Ricardo \u00c1lvarez; Lucas Orellano, Thiago Almada, Lucas Janson; y Cristian Tarragona.<\/span><\/p>\n<p style=\"text-align: justify;\"><span style=\"font-family: helvetica, arial, sans-serif;\"><strong>Cali:<\/strong> David Gonz\u00e1lez; Juan Camilo Angulo, Hern\u00e1n Menosse, Edwar Caicedo y Darwin Andrade; Jhojan Valencia, Andr\u00e9s Colorado; Deiber Caicedo, Jhon V\u00e1squez, Agust\u00edn Palavecino; y Angelo Rodr\u00edguez.<\/span><\/p>\n","protected":false},"excerpt":{"rendered":"<p>(Alfredo Arias, director t\u00e9cnico del Deportivo Cali) Deportivo Cali enfrentar\u00e1 este martes como visitante a V\u00e9lez Sarsfield en la ida por los octavos de final de la Copa Sudamericana, siendo uno de los dos representantes colombianos en el torneo continental. El equipo \u2018azucarero\u2019 viajo con lo mejor de su n\u00f3mina a Buenos Aires e impulsado [&hellip;]<\/p>\n","protected":false},"author":5,"featured_media":58495,"comment_status":"open","ping_status":"open","sticky":false,"template":"","format":"video","meta":{"_acf_changed":false,"footnotes":""},"categories":[1046],"tags":[230,91,411],"class_list":{"0":"post-58493","1":"post","2":"type-post","3":"status-publish","4":"format-video","5":"has-post-thumbnail","7":"category-sudamericana","8":"tag-cali","9":"tag-copa-sudamericana","10":"tag-velez-sarsfield","11":"post_format-post-format-video"},"acf":[],"yoast_head":"<!-- This site is optimized with the Yoast SEO plugin v26.8 - https:\/\/yoast.com\/product\/yoast-seo-wordpress\/ -->\n<title>Cali visita Liniers -<\/title>\n<meta name=\"robots\" content=\"index, follow, max-snippet:-1, max-image-preview:large, max-video-preview:-1\" \/>\n<link rel=\"canonical\" href=\"https:\/\/futbolhoy.co\/index.php\/2020\/11\/23\/cali-visita-liniers\/\" \/>\n<meta property=\"og:locale\" content=\"es_ES\" \/>\n<meta property=\"og:type\" content=\"article\" \/>\n<meta property=\"og:title\" content=\"Cali visita Liniers -\" \/>\n<meta property=\"og:description\" content=\"(Alfredo Arias, director t\u00e9cnico del Deportivo Cali) Deportivo Cali enfrentar\u00e1 este martes como visitante a V\u00e9lez Sarsfield en la ida por los octavos de final de la Copa Sudamericana, siendo uno de los dos representantes colombianos en el torneo continental. El equipo \u2018azucarero\u2019 viajo con lo mejor de su n\u00f3mina a Buenos Aires e impulsado [&hellip;]\" \/>\n<meta property=\"og:url\" content=\"https:\/\/futbolhoy.co\/index.php\/2020\/11\/23\/cali-visita-liniers\/\" \/>\n<meta property=\"article:publisher\" content=\"https:\/\/www.facebook.com\/FutbolHoyCol\/\" \/>\n<meta property=\"article:published_time\" content=\"2020-11-24T03:25:26+00:00\" \/>\n<meta property=\"article:modified_time\" content=\"2020-11-25T02:52:47+00:00\" \/>\n<meta property=\"og:image\" content=\"https:\/\/futbolhoy.co\/wp-content\/uploads\/2020\/11\/EnZdjTmWEAIlpDa-1024x1024.jpg\" \/>\n\t<meta property=\"og:image:width\" content=\"1024\" \/>\n\t<meta property=\"og:image:height\" content=\"1024\" \/>\n\t<meta property=\"og:image:type\" content=\"image\/jpeg\" \/>\n<meta name=\"author\" content=\"Laura Hern\u00e1ndez\" \/>\n<meta name=\"twitter:card\" content=\"summary_large_image\" \/>\n<meta name=\"twitter:creator\" content=\"@FutbolHoyCol\" \/>\n<meta name=\"twitter:site\" content=\"@FutbolHoyCol\" \/>\n<meta name=\"twitter:label1\" content=\"Escrito por\" \/>\n\t<meta name=\"twitter:data1\" content=\"Laura Hern\u00e1ndez\" \/>\n\t<meta name=\"twitter:label2\" content=\"Tiempo de lectura\" \/>\n\t<meta name=\"twitter:data2\" content=\"2 minutos\" \/>\n<script type=\"application\/ld+json\" class=\"yoast-schema-graph\">{\"@context\":\"https:\/\/schema.org\",\"@graph\":[{\"@type\":\"Article\",\"@id\":\"https:\/\/futbolhoy.co\/index.php\/2020\/11\/23\/cali-visita-liniers\/#article\",\"isPartOf\":{\"@id\":\"https:\/\/futbolhoy.co\/index.php\/2020\/11\/23\/cali-visita-liniers\/\"},\"author\":{\"name\":\"Laura Hern\u00e1ndez\",\"@id\":\"https:\/\/futbolhoy.co\/#\/schema\/person\/c4a353a512b127643723a34bb1812f7d\"},\"headline\":\"Cali visita Liniers\",\"datePublished\":\"2020-11-24T03:25:26+00:00\",\"dateModified\":\"2020-11-25T02:52:47+00:00\",\"mainEntityOfPage\":{\"@id\":\"https:\/\/futbolhoy.co\/index.php\/2020\/11\/23\/cali-visita-liniers\/\"},\"wordCount\":303,\"commentCount\":0,\"publisher\":{\"@id\":\"https:\/\/futbolhoy.co\/#organization\"},\"image\":{\"@id\":\"https:\/\/futbolhoy.co\/index.php\/2020\/11\/23\/cali-visita-liniers\/#primaryimage\"},\"thumbnailUrl\":\"https:\/\/futbolhoy.co\/wp-content\/uploads\/2020\/11\/EnZdjTmWEAIlpDa.jpg\",\"keywords\":[\"Cali\",\"Copa Sudam\u00e9ricana\",\"V\u00e9lez Sarsfield\"],\"articleSection\":[\"Sudamericana\"],\"inLanguage\":\"es\",\"potentialAction\":[{\"@type\":\"CommentAction\",\"name\":\"Comment\",\"target\":[\"https:\/\/futbolhoy.co\/index.php\/2020\/11\/23\/cali-visita-liniers\/#respond\"]}]},{\"@type\":\"WebPage\",\"@id\":\"https:\/\/futbolhoy.co\/index.php\/2020\/11\/23\/cali-visita-liniers\/\",\"url\":\"https:\/\/futbolhoy.co\/index.php\/2020\/11\/23\/cali-visita-liniers\/\",\"name\":\"Cali visita Liniers -\",\"isPartOf\":{\"@id\":\"https:\/\/futbolhoy.co\/#website\"},\"primaryImageOfPage\":{\"@id\":\"https:\/\/futbolhoy.co\/index.php\/2020\/11\/23\/cali-visita-liniers\/#primaryimage\"},\"image\":{\"@id\":\"https:\/\/futbolhoy.co\/index.php\/2020\/11\/23\/cali-visita-liniers\/#primaryimage\"},\"thumbnailUrl\":\"https:\/\/futbolhoy.co\/wp-content\/uploads\/2020\/11\/EnZdjTmWEAIlpDa.jpg\",\"datePublished\":\"2020-11-24T03:25:26+00:00\",\"dateModified\":\"2020-11-25T02:52:47+00:00\",\"breadcrumb\":{\"@id\":\"https:\/\/futbolhoy.co\/index.php\/2020\/11\/23\/cali-visita-liniers\/#breadcrumb\"},\"inLanguage\":\"es\",\"potentialAction\":[{\"@type\":\"ReadAction\",\"target\":[\"https:\/\/futbolhoy.co\/index.php\/2020\/11\/23\/cali-visita-liniers\/\"]}]},{\"@type\":\"ImageObject\",\"inLanguage\":\"es\",\"@id\":\"https:\/\/futbolhoy.co\/index.php\/2020\/11\/23\/cali-visita-liniers\/#primaryimage\",\"url\":\"https:\/\/futbolhoy.co\/wp-content\/uploads\/2020\/11\/EnZdjTmWEAIlpDa.jpg\",\"contentUrl\":\"https:\/\/futbolhoy.co\/wp-content\/uploads\/2020\/11\/EnZdjTmWEAIlpDa.jpg\",\"width\":1953,\"height\":1953},{\"@type\":\"BreadcrumbList\",\"@id\":\"https:\/\/futbolhoy.co\/index.php\/2020\/11\/23\/cali-visita-liniers\/#breadcrumb\",\"itemListElement\":[{\"@type\":\"ListItem\",\"position\":1,\"name\":\"Portada\",\"item\":\"https:\/\/futbolhoy.co\/\"},{\"@type\":\"ListItem\",\"position\":2,\"name\":\"Cali visita Liniers\"}]},{\"@type\":\"WebSite\",\"@id\":\"https:\/\/futbolhoy.co\/#website\",\"url\":\"https:\/\/futbolhoy.co\/\",\"name\":\"FutbolHoy\",\"description\":\"\",\"publisher\":{\"@id\":\"https:\/\/futbolhoy.co\/#organization\"},\"potentialAction\":[{\"@type\":\"SearchAction\",\"target\":{\"@type\":\"EntryPoint\",\"urlTemplate\":\"https:\/\/futbolhoy.co\/?s={search_term_string}\"},\"query-input\":{\"@type\":\"PropertyValueSpecification\",\"valueRequired\":true,\"valueName\":\"search_term_string\"}}],\"inLanguage\":\"es\"},{\"@type\":\"Organization\",\"@id\":\"https:\/\/futbolhoy.co\/#organization\",\"name\":\"Futbolhoy.co\",\"url\":\"https:\/\/futbolhoy.co\/\",\"logo\":{\"@type\":\"ImageObject\",\"inLanguage\":\"es\",\"@id\":\"https:\/\/futbolhoy.co\/#\/schema\/logo\/image\/\",\"url\":\"https:\/\/futbolhoy.co\/wp-content\/uploads\/2018\/08\/17426380_1906371736249227_6326180412931521141_n.jpg\",\"contentUrl\":\"https:\/\/futbolhoy.co\/wp-content\/uploads\/2018\/08\/17426380_1906371736249227_6326180412931521141_n.jpg\",\"width\":960,\"height\":960,\"caption\":\"Futbolhoy.co\"},\"image\":{\"@id\":\"https:\/\/futbolhoy.co\/#\/schema\/logo\/image\/\"},\"sameAs\":[\"https:\/\/www.facebook.com\/FutbolHoyCol\/\",\"https:\/\/x.com\/FutbolHoyCol\",\"https:\/\/www.instagram.com\/futbolhoycol\/\"]},{\"@type\":\"Person\",\"@id\":\"https:\/\/futbolhoy.co\/#\/schema\/person\/c4a353a512b127643723a34bb1812f7d\",\"name\":\"Laura Hern\u00e1ndez\",\"image\":{\"@type\":\"ImageObject\",\"inLanguage\":\"es\",\"@id\":\"https:\/\/futbolhoy.co\/#\/schema\/person\/image\/\",\"url\":\"https:\/\/secure.gravatar.com\/avatar\/d25959a15b9b293a743f99181c7cfd01?s=96&d=mm&r=g\",\"contentUrl\":\"https:\/\/secure.gravatar.com\/avatar\/d25959a15b9b293a743f99181c7cfd01?s=96&d=mm&r=g\",\"caption\":\"Laura Hern\u00e1ndez\"}}]}<\/script>\n<!-- \/ Yoast SEO plugin. -->","yoast_head_json":{"title":"Cali visita Liniers -","robots":{"index":"index","follow":"follow","max-snippet":"max-snippet:-1","max-image-preview":"max-image-preview:large","max-video-preview":"max-video-preview:-1"},"canonical":"https:\/\/futbolhoy.co\/index.php\/2020\/11\/23\/cali-visita-liniers\/","og_locale":"es_ES","og_type":"article","og_title":"Cali visita Liniers -","og_description":"(Alfredo Arias, director t\u00e9cnico del Deportivo Cali) Deportivo Cali enfrentar\u00e1 este martes como visitante a V\u00e9lez Sarsfield en la ida por los octavos de final de la Copa Sudamericana, siendo uno de los dos representantes colombianos en el torneo continental. El equipo \u2018azucarero\u2019 viajo con lo mejor de su n\u00f3mina a Buenos Aires e impulsado [&hellip;]","og_url":"https:\/\/futbolhoy.co\/index.php\/2020\/11\/23\/cali-visita-liniers\/","article_publisher":"https:\/\/www.facebook.com\/FutbolHoyCol\/","article_published_time":"2020-11-24T03:25:26+00:00","article_modified_time":"2020-11-25T02:52:47+00:00","og_image":[{"width":1024,"height":1024,"url":"https:\/\/futbolhoy.co\/wp-content\/uploads\/2020\/11\/EnZdjTmWEAIlpDa-1024x1024.jpg","type":"image\/jpeg"}],"author":"Laura Hern\u00e1ndez","twitter_card":"summary_large_image","twitter_creator":"@FutbolHoyCol","twitter_site":"@FutbolHoyCol","twitter_misc":{"Escrito por":"Laura Hern\u00e1ndez","Tiempo de lectura":"2 minutos"},"schema":{"@context":"https:\/\/schema.org","@graph":[{"@type":"Article","@id":"https:\/\/futbolhoy.co\/index.php\/2020\/11\/23\/cali-visita-liniers\/#article","isPartOf":{"@id":"https:\/\/futbolhoy.co\/index.php\/2020\/11\/23\/cali-visita-liniers\/"},"author":{"name":"Laura Hern\u00e1ndez","@id":"https:\/\/futbolhoy.co\/#\/schema\/person\/c4a353a512b127643723a34bb1812f7d"},"headline":"Cali visita Liniers","datePublished":"2020-11-24T03:25:26+00:00","dateModified":"2020-11-25T02:52:47+00:00","mainEntityOfPage":{"@id":"https:\/\/futbolhoy.co\/index.php\/2020\/11\/23\/cali-visita-liniers\/"},"wordCount":303,"commentCount":0,"publisher":{"@id":"https:\/\/futbolhoy.co\/#organization"},"image":{"@id":"https:\/\/futbolhoy.co\/index.php\/2020\/11\/23\/cali-visita-liniers\/#primaryimage"},"thumbnailUrl":"https:\/\/futbolhoy.co\/wp-content\/uploads\/2020\/11\/EnZdjTmWEAIlpDa.jpg","keywords":["Cali","Copa Sudam\u00e9ricana","V\u00e9lez Sarsfield"],"articleSection":["Sudamericana"],"inLanguage":"es","potentialAction":[{"@type":"CommentAction","name":"Comment","target":["https:\/\/futbolhoy.co\/index.php\/2020\/11\/23\/cali-visita-liniers\/#respond"]}]},{"@type":"WebPage","@id":"https:\/\/futbolhoy.co\/index.php\/2020\/11\/23\/cali-visita-liniers\/","url":"https:\/\/futbolhoy.co\/index.php\/2020\/11\/23\/cali-visita-liniers\/","name":"Cali visita Liniers -","isPartOf":{"@id":"https:\/\/futbolhoy.co\/#website"},"primaryImageOfPage":{"@id":"https:\/\/futbolhoy.co\/index.php\/2020\/11\/23\/cali-visita-liniers\/#primaryimage"},"image":{"@id":"https:\/\/futbolhoy.co\/index.php\/2020\/11\/23\/cali-visita-liniers\/#primaryimage"},"thumbnailUrl":"https:\/\/futbolhoy.co\/wp-content\/uploads\/2020\/11\/EnZdjTmWEAIlpDa.jpg","datePublished":"2020-11-24T03:25:26+00:00","dateModified":"2020-11-25T02:52:47+00:00","breadcrumb":{"@id":"https:\/\/futbolhoy.co\/index.php\/2020\/11\/23\/cali-visita-liniers\/#breadcrumb"},"inLanguage":"es","potentialAction":[{"@type":"ReadAction","target":["https:\/\/futbolhoy.co\/index.php\/2020\/11\/23\/cali-visita-liniers\/"]}]},{"@type":"ImageObject","inLanguage":"es","@id":"https:\/\/futbolhoy.co\/index.php\/2020\/11\/23\/cali-visita-liniers\/#primaryimage","url":"https:\/\/futbolhoy.co\/wp-content\/uploads\/2020\/11\/EnZdjTmWEAIlpDa.jpg","contentUrl":"https:\/\/futbolhoy.co\/wp-content\/uploads\/2020\/11\/EnZdjTmWEAIlpDa.jpg","width":1953,"height":1953},{"@type":"BreadcrumbList","@id":"https:\/\/futbolhoy.co\/index.php\/2020\/11\/23\/cali-visita-liniers\/#breadcrumb","itemListElement":[{"@type":"ListItem","position":1,"name":"Portada","item":"https:\/\/futbolhoy.co\/"},{"@type":"ListItem","position":2,"name":"Cali visita Liniers"}]},{"@type":"WebSite","@id":"https:\/\/futbolhoy.co\/#website","url":"https:\/\/futbolhoy.co\/","name":"FutbolHoy","description":"","publisher":{"@id":"https:\/\/futbolhoy.co\/#organization"},"potentialAction":[{"@type":"SearchAction","target":{"@type":"EntryPoint","urlTemplate":"https:\/\/futbolhoy.co\/?s={search_term_string}"},"query-input":{"@type":"PropertyValueSpecification","valueRequired":true,"valueName":"search_term_string"}}],"inLanguage":"es"},{"@type":"Organization","@id":"https:\/\/futbolhoy.co\/#organization","name":"Futbolhoy.co","url":"https:\/\/futbolhoy.co\/","logo":{"@type":"ImageObject","inLanguage":"es","@id":"https:\/\/futbolhoy.co\/#\/schema\/logo\/image\/","url":"https:\/\/futbolhoy.co\/wp-content\/uploads\/2018\/08\/17426380_1906371736249227_6326180412931521141_n.jpg","contentUrl":"https:\/\/futbolhoy.co\/wp-content\/uploads\/2018\/08\/17426380_1906371736249227_6326180412931521141_n.jpg","width":960,"height":960,"caption":"Futbolhoy.co"},"image":{"@id":"https:\/\/futbolhoy.co\/#\/schema\/logo\/image\/"},"sameAs":["https:\/\/www.facebook.com\/FutbolHoyCol\/","https:\/\/x.com\/FutbolHoyCol","https:\/\/www.instagram.com\/futbolhoycol\/"]},{"@type":"Person","@id":"https:\/\/futbolhoy.co\/#\/schema\/person\/c4a353a512b127643723a34bb1812f7d","name":"Laura Hern\u00e1ndez","image":{"@type":"ImageObject","inLanguage":"es","@id":"https:\/\/futbolhoy.co\/#\/schema\/person\/image\/","url":"https:\/\/secure.gravatar.com\/avatar\/d25959a15b9b293a743f99181c7cfd01?s=96&d=mm&r=g","contentUrl":"https:\/\/secure.gravatar.com\/avatar\/d25959a15b9b293a743f99181c7cfd01?s=96&d=mm&r=g","caption":"Laura Hern\u00e1ndez"}}]}},"publishpress_future_action":{"enabled":false,"date":"2026-05-06 05:54:54","action":"change-status","newStatus":"draft","terms":[],"taxonomy":"category","extraData":[]},"publishpress_future_workflow_manual_trigger":{"enabledWorkflows":[]},"_links":{"self":[{"href":"https:\/\/futbolhoy.co\/index.php\/wp-json\/wp\/v2\/posts\/58493","targetHints":{"allow":["GET"]}}],"collection":[{"href":"https:\/\/futbolhoy.co\/index.php\/wp-json\/wp\/v2\/posts"}],"about":[{"href":"https:\/\/futbolhoy.co\/index.php\/wp-json\/wp\/v2\/types\/post"}],"author":[{"embeddable":true,"href":"https:\/\/futbolhoy.co\/index.php\/wp-json\/wp\/v2\/users\/5"}],"replies":[{"embeddable":true,"href":"https:\/\/futbolhoy.co\/index.php\/wp-json\/wp\/v2\/comments?post=58493"}],"version-history":[{"count":1,"href":"https:\/\/futbolhoy.co\/index.php\/wp-json\/wp\/v2\/posts\/58493\/revisions"}],"predecessor-version":[{"id":58496,"href":"https:\/\/futbolhoy.co\/index.php\/wp-json\/wp\/v2\/posts\/58493\/revisions\/58496"}],"wp:featuredmedia":[{"embeddable":true,"href":"https:\/\/futbolhoy.co\/index.php\/wp-json\/wp\/v2\/media\/58495"}],"wp:attachment":[{"href":"https:\/\/futbolhoy.co\/index.php\/wp-json\/wp\/v2\/media?parent=58493"}],"wp:term":[{"taxonomy":"category","embeddable":true,"href":"https:\/\/futbolhoy.co\/index.php\/wp-json\/wp\/v2\/categories?post=58493"},{"taxonomy":"post_tag","embeddable":true,"href":"https:\/\/futbolhoy.co\/index.php\/wp-json\/wp\/v2\/tags?post=58493"}],"curies":[{"name":"wp","href":"https:\/\/api.w.org\/{rel}","templated":true}]}}