{"id":58520,"date":"2020-11-24T21:38:24","date_gmt":"2020-11-25T02:38:24","guid":{"rendered":"https:\/\/futbolhoy.co\/?p=58520"},"modified":"2020-11-25T12:25:08","modified_gmt":"2020-11-25T17:25:08","slug":"cali-con-polemica-se-complico-en-la-sudamericana","status":"publish","type":"post","link":"https:\/\/futbolhoy.co\/index.php\/2020\/11\/24\/cali-con-polemica-se-complico-en-la-sudamericana\/","title":{"rendered":"Cali con pol\u00e9mica se complic\u00f3 en la Sudamericana"},"content":{"rendered":"<!--[if lt IE 9]><script>document.createElement('audio');<\/script><![endif]-->\n<audio class=\"wp-audio-shortcode\" id=\"audio-58520-1\" preload=\"none\" style=\"width: 100%;\" controls=\"controls\"><source type=\"audio\/mpeg\" src=\"https:\/\/futbolhoy.co\/wp-content\/uploads\/2020\/11\/savetweetvid_E22-o8sBnRuGKfEO.mp3?_=1\" \/><a href=\"https:\/\/futbolhoy.co\/wp-content\/uploads\/2020\/11\/savetweetvid_E22-o8sBnRuGKfEO.mp3\">https:\/\/futbolhoy.co\/wp-content\/uploads\/2020\/11\/savetweetvid_E22-o8sBnRuGKfEO.mp3<\/a><\/audio>\n<p><span style=\"font-family: helvetica, arial, sans-serif; font-size: 10pt;\"><em><strong>Alfredo Arias - DT Deportivo Cali<\/strong><\/em><\/span><\/p>\n<p style=\"text-align: justify;\"><span style=\"font-family: helvetica, arial, sans-serif;\"><strong>Deportivo Cali<\/strong> perdi\u00f3 2-0 en su visita a <strong>V\u00e9lez,<\/strong> en el partido de ida de los octavos de final de la <strong>Copa Sudamericana<\/strong> disputado en el estadio Jos\u00e9 Amalfitani de Buenos Aires.<\/span><\/p>\n<p style=\"text-align: justify;\"><span style=\"font-family: helvetica, arial, sans-serif;\">El juego estuvo marcado de pol\u00e9micas arbitrales y decisiones cuestionables del VAR. La primera de ellas con una mano en el minuto 31 que debi\u00f3 ser sancionada como penal para el cuadro \u2018Azucarero\u2019; no obstante el \u00e1rbitro pit\u00f3 la falta pero fuera del \u00e1rea.<\/span><\/p>\n<p style=\"text-align: justify;\"><span style=\"font-family: helvetica, arial, sans-serif;\">Acto seguido el \u00e1rbitro dej\u00f3 de mostrar la cartulina roja al portero Lucas Hoyos, quien golpe\u00f3 con us pierna a <strong>Jhon V\u00e1squez<\/strong>.<\/span><\/p>\n<p style=\"text-align: justify;\"><span style=\"font-family: helvetica, arial, sans-serif;\"><strong>Cali<\/strong> pudo adelantarse en el cierre del primer tiempo tras un gol de V\u00e1squez, que fue anulado tras revisi\u00f3n del VAR por una supuesta falta del delantero.<strong> Carlos Lizarazo<\/strong> pudo anotar en el minuto 90+8' con un cobro desde el punto penal que ataj\u00f3 <strong>Lucas Hoyos<\/strong>.\u00a0<\/span><\/p>\n<p style=\"text-align: justify;\"><span style=\"font-family: helvetica, arial, sans-serif;\">El <strong>VAR<\/strong> anul\u00f3 de buena manera un gol de V\u00e9lez, que finalmente termin\u00f3 adelant\u00e1ndose en el marcador con un doblete de <strong>Thiago Almada<\/strong>\u00a0(73' y 85').<\/span><\/p>\n<p style=\"text-align: justify;\"><span style=\"font-family: helvetica, arial, sans-serif;\">El resultado complica a <strong>Cali<\/strong> que tendr\u00e1 que buscar una victoria en casa en el partido de vuelta el pr\u00f3ximo 1 de Diciembre en Palmaseca.<\/span><\/p>\n<p style=\"text-align: justify;\"><span style=\"font-family: helvetica, arial, sans-serif;\"><strong>Formaciones<\/strong>\u00a0<\/span><\/p>\n<p style=\"text-align: justify;\"><span style=\"font-family: helvetica, arial, sans-serif;\"><strong>V\u00e9lez:<\/strong> Lucas Hoyos, Tom\u00e1s Guidara, Luis Abram, Francisco Ortega, Lautaro Gianetti, Pablo Galdames, Mancuello, Thiago Almada, Lucas Janson (Brizuela 90'), Ricardo \u00c1lvarez (Tarragona 63'),\u00a0 Juan Lucero (Centuri\u00f3n 63').\u00a0<\/span><\/p>\n<p style=\"text-align: justify;\"><span style=\"font-family: helvetica, arial, sans-serif;\"><strong>Cali:<\/strong> David Gonz\u00e1lez, Juan Camilo Angulo, Hern\u00e1n Menosse, Eduar Caicedo, Darwin Andrade, Jhojan Valencia (Arrieta 89'), Andr\u00e9s Colorado (Balanta 77'), Jhon V\u00e1squez, Deiber Caicedo (Velasco 76'), Agust\u00edn Palavecino (Lizarazo 89'), \u00c1ngelo Rodr\u00edguez.<\/span><\/p>\n","protected":false},"excerpt":{"rendered":"<p>Alfredo Arias - DT Deportivo Cali Deportivo Cali perdi\u00f3 2-0 en su visita a V\u00e9lez, en el partido de ida de los octavos de final de la Copa Sudamericana disputado en el estadio Jos\u00e9 Amalfitani de Buenos Aires. El juego estuvo marcado de pol\u00e9micas arbitrales y decisiones cuestionables del VAR. La primera de ellas con [&hellip;]<\/p>\n","protected":false},"author":5,"featured_media":58521,"comment_status":"open","ping_status":"open","sticky":false,"template":"","format":"video","meta":{"_acf_changed":false,"footnotes":""},"categories":[1046],"tags":[],"class_list":{"0":"post-58520","1":"post","2":"type-post","3":"status-publish","4":"format-video","5":"has-post-thumbnail","7":"category-sudamericana","8":"post_format-post-format-video"},"acf":[],"yoast_head":"<!-- This site is optimized with the Yoast SEO plugin v26.8 - https:\/\/yoast.com\/product\/yoast-seo-wordpress\/ -->\n<title>Cali con pol\u00e9mica se complic\u00f3 en la Sudamericana -<\/title>\n<meta name=\"robots\" content=\"index, follow, max-snippet:-1, max-image-preview:large, max-video-preview:-1\" \/>\n<link rel=\"canonical\" href=\"https:\/\/futbolhoy.co\/index.php\/2020\/11\/24\/cali-con-polemica-se-complico-en-la-sudamericana\/\" \/>\n<meta property=\"og:locale\" content=\"es_ES\" \/>\n<meta property=\"og:type\" content=\"article\" \/>\n<meta property=\"og:title\" content=\"Cali con pol\u00e9mica se complic\u00f3 en la Sudamericana -\" \/>\n<meta property=\"og:description\" content=\"Alfredo Arias - DT Deportivo Cali Deportivo Cali perdi\u00f3 2-0 en su visita a V\u00e9lez, en el partido de ida de los octavos de final de la Copa Sudamericana disputado en el estadio Jos\u00e9 Amalfitani de Buenos Aires. El juego estuvo marcado de pol\u00e9micas arbitrales y decisiones cuestionables del VAR. La primera de ellas con [&hellip;]\" \/>\n<meta property=\"og:url\" content=\"https:\/\/futbolhoy.co\/index.php\/2020\/11\/24\/cali-con-polemica-se-complico-en-la-sudamericana\/\" \/>\n<meta property=\"article:publisher\" content=\"https:\/\/www.facebook.com\/FutbolHoyCol\/\" \/>\n<meta property=\"article:published_time\" content=\"2020-11-25T02:38:24+00:00\" \/>\n<meta property=\"article:modified_time\" content=\"2020-11-25T17:25:08+00:00\" \/>\n<meta property=\"og:image\" content=\"https:\/\/futbolhoy.co\/wp-content\/uploads\/2020\/11\/EnobbL4XcAQlRd2-scaled.jpg\" \/>\n\t<meta property=\"og:image:width\" content=\"2560\" \/>\n\t<meta property=\"og:image:height\" content=\"1707\" \/>\n\t<meta property=\"og:image:type\" content=\"image\/jpeg\" \/>\n<meta name=\"author\" content=\"Laura Hern\u00e1ndez\" \/>\n<meta name=\"twitter:card\" content=\"summary_large_image\" \/>\n<meta name=\"twitter:creator\" content=\"@FutbolHoyCol\" \/>\n<meta name=\"twitter:site\" content=\"@FutbolHoyCol\" \/>\n<meta name=\"twitter:label1\" content=\"Escrito por\" \/>\n\t<meta name=\"twitter:data1\" content=\"Laura Hern\u00e1ndez\" \/>\n\t<meta name=\"twitter:label2\" content=\"Tiempo de lectura\" \/>\n\t<meta name=\"twitter:data2\" content=\"1 minuto\" \/>\n<script type=\"application\/ld+json\" class=\"yoast-schema-graph\">{\"@context\":\"https:\/\/schema.org\",\"@graph\":[{\"@type\":\"Article\",\"@id\":\"https:\/\/futbolhoy.co\/index.php\/2020\/11\/24\/cali-con-polemica-se-complico-en-la-sudamericana\/#article\",\"isPartOf\":{\"@id\":\"https:\/\/futbolhoy.co\/index.php\/2020\/11\/24\/cali-con-polemica-se-complico-en-la-sudamericana\/\"},\"author\":{\"name\":\"Laura Hern\u00e1ndez\",\"@id\":\"https:\/\/futbolhoy.co\/#\/schema\/person\/c4a353a512b127643723a34bb1812f7d\"},\"headline\":\"Cali con pol\u00e9mica se complic\u00f3 en la Sudamericana\",\"datePublished\":\"2020-11-25T02:38:24+00:00\",\"dateModified\":\"2020-11-25T17:25:08+00:00\",\"mainEntityOfPage\":{\"@id\":\"https:\/\/futbolhoy.co\/index.php\/2020\/11\/24\/cali-con-polemica-se-complico-en-la-sudamericana\/\"},\"wordCount\":299,\"commentCount\":0,\"publisher\":{\"@id\":\"https:\/\/futbolhoy.co\/#organization\"},\"image\":{\"@id\":\"https:\/\/futbolhoy.co\/index.php\/2020\/11\/24\/cali-con-polemica-se-complico-en-la-sudamericana\/#primaryimage\"},\"thumbnailUrl\":\"https:\/\/futbolhoy.co\/wp-content\/uploads\/2020\/11\/EnobbL4XcAQlRd2-scaled.jpg\",\"articleSection\":[\"Sudamericana\"],\"inLanguage\":\"es\",\"potentialAction\":[{\"@type\":\"CommentAction\",\"name\":\"Comment\",\"target\":[\"https:\/\/futbolhoy.co\/index.php\/2020\/11\/24\/cali-con-polemica-se-complico-en-la-sudamericana\/#respond\"]}]},{\"@type\":\"WebPage\",\"@id\":\"https:\/\/futbolhoy.co\/index.php\/2020\/11\/24\/cali-con-polemica-se-complico-en-la-sudamericana\/\",\"url\":\"https:\/\/futbolhoy.co\/index.php\/2020\/11\/24\/cali-con-polemica-se-complico-en-la-sudamericana\/\",\"name\":\"Cali con pol\u00e9mica se complic\u00f3 en la Sudamericana -\",\"isPartOf\":{\"@id\":\"https:\/\/futbolhoy.co\/#website\"},\"primaryImageOfPage\":{\"@id\":\"https:\/\/futbolhoy.co\/index.php\/2020\/11\/24\/cali-con-polemica-se-complico-en-la-sudamericana\/#primaryimage\"},\"image\":{\"@id\":\"https:\/\/futbolhoy.co\/index.php\/2020\/11\/24\/cali-con-polemica-se-complico-en-la-sudamericana\/#primaryimage\"},\"thumbnailUrl\":\"https:\/\/futbolhoy.co\/wp-content\/uploads\/2020\/11\/EnobbL4XcAQlRd2-scaled.jpg\",\"datePublished\":\"2020-11-25T02:38:24+00:00\",\"dateModified\":\"2020-11-25T17:25:08+00:00\",\"breadcrumb\":{\"@id\":\"https:\/\/futbolhoy.co\/index.php\/2020\/11\/24\/cali-con-polemica-se-complico-en-la-sudamericana\/#breadcrumb\"},\"inLanguage\":\"es\",\"potentialAction\":[{\"@type\":\"ReadAction\",\"target\":[\"https:\/\/futbolhoy.co\/index.php\/2020\/11\/24\/cali-con-polemica-se-complico-en-la-sudamericana\/\"]}]},{\"@type\":\"ImageObject\",\"inLanguage\":\"es\",\"@id\":\"https:\/\/futbolhoy.co\/index.php\/2020\/11\/24\/cali-con-polemica-se-complico-en-la-sudamericana\/#primaryimage\",\"url\":\"https:\/\/futbolhoy.co\/wp-content\/uploads\/2020\/11\/EnobbL4XcAQlRd2-scaled.jpg\",\"contentUrl\":\"https:\/\/futbolhoy.co\/wp-content\/uploads\/2020\/11\/EnobbL4XcAQlRd2-scaled.jpg\",\"width\":2560,\"height\":1707},{\"@type\":\"BreadcrumbList\",\"@id\":\"https:\/\/futbolhoy.co\/index.php\/2020\/11\/24\/cali-con-polemica-se-complico-en-la-sudamericana\/#breadcrumb\",\"itemListElement\":[{\"@type\":\"ListItem\",\"position\":1,\"name\":\"Portada\",\"item\":\"https:\/\/futbolhoy.co\/\"},{\"@type\":\"ListItem\",\"position\":2,\"name\":\"Cali con pol\u00e9mica se complic\u00f3 en la Sudamericana\"}]},{\"@type\":\"WebSite\",\"@id\":\"https:\/\/futbolhoy.co\/#website\",\"url\":\"https:\/\/futbolhoy.co\/\",\"name\":\"FutbolHoy\",\"description\":\"\",\"publisher\":{\"@id\":\"https:\/\/futbolhoy.co\/#organization\"},\"potentialAction\":[{\"@type\":\"SearchAction\",\"target\":{\"@type\":\"EntryPoint\",\"urlTemplate\":\"https:\/\/futbolhoy.co\/?s={search_term_string}\"},\"query-input\":{\"@type\":\"PropertyValueSpecification\",\"valueRequired\":true,\"valueName\":\"search_term_string\"}}],\"inLanguage\":\"es\"},{\"@type\":\"Organization\",\"@id\":\"https:\/\/futbolhoy.co\/#organization\",\"name\":\"Futbolhoy.co\",\"url\":\"https:\/\/futbolhoy.co\/\",\"logo\":{\"@type\":\"ImageObject\",\"inLanguage\":\"es\",\"@id\":\"https:\/\/futbolhoy.co\/#\/schema\/logo\/image\/\",\"url\":\"https:\/\/futbolhoy.co\/wp-content\/uploads\/2018\/08\/17426380_1906371736249227_6326180412931521141_n.jpg\",\"contentUrl\":\"https:\/\/futbolhoy.co\/wp-content\/uploads\/2018\/08\/17426380_1906371736249227_6326180412931521141_n.jpg\",\"width\":960,\"height\":960,\"caption\":\"Futbolhoy.co\"},\"image\":{\"@id\":\"https:\/\/futbolhoy.co\/#\/schema\/logo\/image\/\"},\"sameAs\":[\"https:\/\/www.facebook.com\/FutbolHoyCol\/\",\"https:\/\/x.com\/FutbolHoyCol\",\"https:\/\/www.instagram.com\/futbolhoycol\/\"]},{\"@type\":\"Person\",\"@id\":\"https:\/\/futbolhoy.co\/#\/schema\/person\/c4a353a512b127643723a34bb1812f7d\",\"name\":\"Laura Hern\u00e1ndez\",\"image\":{\"@type\":\"ImageObject\",\"inLanguage\":\"es\",\"@id\":\"https:\/\/futbolhoy.co\/#\/schema\/person\/image\/\",\"url\":\"https:\/\/secure.gravatar.com\/avatar\/d25959a15b9b293a743f99181c7cfd01?s=96&d=mm&r=g\",\"contentUrl\":\"https:\/\/secure.gravatar.com\/avatar\/d25959a15b9b293a743f99181c7cfd01?s=96&d=mm&r=g\",\"caption\":\"Laura Hern\u00e1ndez\"}}]}<\/script>\n<!-- \/ Yoast SEO plugin. -->","yoast_head_json":{"title":"Cali con pol\u00e9mica se complic\u00f3 en la Sudamericana -","robots":{"index":"index","follow":"follow","max-snippet":"max-snippet:-1","max-image-preview":"max-image-preview:large","max-video-preview":"max-video-preview:-1"},"canonical":"https:\/\/futbolhoy.co\/index.php\/2020\/11\/24\/cali-con-polemica-se-complico-en-la-sudamericana\/","og_locale":"es_ES","og_type":"article","og_title":"Cali con pol\u00e9mica se complic\u00f3 en la Sudamericana -","og_description":"Alfredo Arias - DT Deportivo Cali Deportivo Cali perdi\u00f3 2-0 en su visita a V\u00e9lez, en el partido de ida de los octavos de final de la Copa Sudamericana disputado en el estadio Jos\u00e9 Amalfitani de Buenos Aires. El juego estuvo marcado de pol\u00e9micas arbitrales y decisiones cuestionables del VAR. La primera de ellas con [&hellip;]","og_url":"https:\/\/futbolhoy.co\/index.php\/2020\/11\/24\/cali-con-polemica-se-complico-en-la-sudamericana\/","article_publisher":"https:\/\/www.facebook.com\/FutbolHoyCol\/","article_published_time":"2020-11-25T02:38:24+00:00","article_modified_time":"2020-11-25T17:25:08+00:00","og_image":[{"width":2560,"height":1707,"url":"https:\/\/futbolhoy.co\/wp-content\/uploads\/2020\/11\/EnobbL4XcAQlRd2-scaled.jpg","type":"image\/jpeg"}],"author":"Laura Hern\u00e1ndez","twitter_card":"summary_large_image","twitter_creator":"@FutbolHoyCol","twitter_site":"@FutbolHoyCol","twitter_misc":{"Escrito por":"Laura Hern\u00e1ndez","Tiempo de lectura":"1 minuto"},"schema":{"@context":"https:\/\/schema.org","@graph":[{"@type":"Article","@id":"https:\/\/futbolhoy.co\/index.php\/2020\/11\/24\/cali-con-polemica-se-complico-en-la-sudamericana\/#article","isPartOf":{"@id":"https:\/\/futbolhoy.co\/index.php\/2020\/11\/24\/cali-con-polemica-se-complico-en-la-sudamericana\/"},"author":{"name":"Laura Hern\u00e1ndez","@id":"https:\/\/futbolhoy.co\/#\/schema\/person\/c4a353a512b127643723a34bb1812f7d"},"headline":"Cali con pol\u00e9mica se complic\u00f3 en la Sudamericana","datePublished":"2020-11-25T02:38:24+00:00","dateModified":"2020-11-25T17:25:08+00:00","mainEntityOfPage":{"@id":"https:\/\/futbolhoy.co\/index.php\/2020\/11\/24\/cali-con-polemica-se-complico-en-la-sudamericana\/"},"wordCount":299,"commentCount":0,"publisher":{"@id":"https:\/\/futbolhoy.co\/#organization"},"image":{"@id":"https:\/\/futbolhoy.co\/index.php\/2020\/11\/24\/cali-con-polemica-se-complico-en-la-sudamericana\/#primaryimage"},"thumbnailUrl":"https:\/\/futbolhoy.co\/wp-content\/uploads\/2020\/11\/EnobbL4XcAQlRd2-scaled.jpg","articleSection":["Sudamericana"],"inLanguage":"es","potentialAction":[{"@type":"CommentAction","name":"Comment","target":["https:\/\/futbolhoy.co\/index.php\/2020\/11\/24\/cali-con-polemica-se-complico-en-la-sudamericana\/#respond"]}]},{"@type":"WebPage","@id":"https:\/\/futbolhoy.co\/index.php\/2020\/11\/24\/cali-con-polemica-se-complico-en-la-sudamericana\/","url":"https:\/\/futbolhoy.co\/index.php\/2020\/11\/24\/cali-con-polemica-se-complico-en-la-sudamericana\/","name":"Cali con pol\u00e9mica se complic\u00f3 en la Sudamericana -","isPartOf":{"@id":"https:\/\/futbolhoy.co\/#website"},"primaryImageOfPage":{"@id":"https:\/\/futbolhoy.co\/index.php\/2020\/11\/24\/cali-con-polemica-se-complico-en-la-sudamericana\/#primaryimage"},"image":{"@id":"https:\/\/futbolhoy.co\/index.php\/2020\/11\/24\/cali-con-polemica-se-complico-en-la-sudamericana\/#primaryimage"},"thumbnailUrl":"https:\/\/futbolhoy.co\/wp-content\/uploads\/2020\/11\/EnobbL4XcAQlRd2-scaled.jpg","datePublished":"2020-11-25T02:38:24+00:00","dateModified":"2020-11-25T17:25:08+00:00","breadcrumb":{"@id":"https:\/\/futbolhoy.co\/index.php\/2020\/11\/24\/cali-con-polemica-se-complico-en-la-sudamericana\/#breadcrumb"},"inLanguage":"es","potentialAction":[{"@type":"ReadAction","target":["https:\/\/futbolhoy.co\/index.php\/2020\/11\/24\/cali-con-polemica-se-complico-en-la-sudamericana\/"]}]},{"@type":"ImageObject","inLanguage":"es","@id":"https:\/\/futbolhoy.co\/index.php\/2020\/11\/24\/cali-con-polemica-se-complico-en-la-sudamericana\/#primaryimage","url":"https:\/\/futbolhoy.co\/wp-content\/uploads\/2020\/11\/EnobbL4XcAQlRd2-scaled.jpg","contentUrl":"https:\/\/futbolhoy.co\/wp-content\/uploads\/2020\/11\/EnobbL4XcAQlRd2-scaled.jpg","width":2560,"height":1707},{"@type":"BreadcrumbList","@id":"https:\/\/futbolhoy.co\/index.php\/2020\/11\/24\/cali-con-polemica-se-complico-en-la-sudamericana\/#breadcrumb","itemListElement":[{"@type":"ListItem","position":1,"name":"Portada","item":"https:\/\/futbolhoy.co\/"},{"@type":"ListItem","position":2,"name":"Cali con pol\u00e9mica se complic\u00f3 en la Sudamericana"}]},{"@type":"WebSite","@id":"https:\/\/futbolhoy.co\/#website","url":"https:\/\/futbolhoy.co\/","name":"FutbolHoy","description":"","publisher":{"@id":"https:\/\/futbolhoy.co\/#organization"},"potentialAction":[{"@type":"SearchAction","target":{"@type":"EntryPoint","urlTemplate":"https:\/\/futbolhoy.co\/?s={search_term_string}"},"query-input":{"@type":"PropertyValueSpecification","valueRequired":true,"valueName":"search_term_string"}}],"inLanguage":"es"},{"@type":"Organization","@id":"https:\/\/futbolhoy.co\/#organization","name":"Futbolhoy.co","url":"https:\/\/futbolhoy.co\/","logo":{"@type":"ImageObject","inLanguage":"es","@id":"https:\/\/futbolhoy.co\/#\/schema\/logo\/image\/","url":"https:\/\/futbolhoy.co\/wp-content\/uploads\/2018\/08\/17426380_1906371736249227_6326180412931521141_n.jpg","contentUrl":"https:\/\/futbolhoy.co\/wp-content\/uploads\/2018\/08\/17426380_1906371736249227_6326180412931521141_n.jpg","width":960,"height":960,"caption":"Futbolhoy.co"},"image":{"@id":"https:\/\/futbolhoy.co\/#\/schema\/logo\/image\/"},"sameAs":["https:\/\/www.facebook.com\/FutbolHoyCol\/","https:\/\/x.com\/FutbolHoyCol","https:\/\/www.instagram.com\/futbolhoycol\/"]},{"@type":"Person","@id":"https:\/\/futbolhoy.co\/#\/schema\/person\/c4a353a512b127643723a34bb1812f7d","name":"Laura Hern\u00e1ndez","image":{"@type":"ImageObject","inLanguage":"es","@id":"https:\/\/futbolhoy.co\/#\/schema\/person\/image\/","url":"https:\/\/secure.gravatar.com\/avatar\/d25959a15b9b293a743f99181c7cfd01?s=96&d=mm&r=g","contentUrl":"https:\/\/secure.gravatar.com\/avatar\/d25959a15b9b293a743f99181c7cfd01?s=96&d=mm&r=g","caption":"Laura Hern\u00e1ndez"}}]}},"publishpress_future_action":{"enabled":false,"date":"2026-05-06 00:19:11","action":"change-status","newStatus":"draft","terms":[],"taxonomy":"category","extraData":[]},"publishpress_future_workflow_manual_trigger":{"enabledWorkflows":[]},"_links":{"self":[{"href":"https:\/\/futbolhoy.co\/index.php\/wp-json\/wp\/v2\/posts\/58520","targetHints":{"allow":["GET"]}}],"collection":[{"href":"https:\/\/futbolhoy.co\/index.php\/wp-json\/wp\/v2\/posts"}],"about":[{"href":"https:\/\/futbolhoy.co\/index.php\/wp-json\/wp\/v2\/types\/post"}],"author":[{"embeddable":true,"href":"https:\/\/futbolhoy.co\/index.php\/wp-json\/wp\/v2\/users\/5"}],"replies":[{"embeddable":true,"href":"https:\/\/futbolhoy.co\/index.php\/wp-json\/wp\/v2\/comments?post=58520"}],"version-history":[{"count":3,"href":"https:\/\/futbolhoy.co\/index.php\/wp-json\/wp\/v2\/posts\/58520\/revisions"}],"predecessor-version":[{"id":58525,"href":"https:\/\/futbolhoy.co\/index.php\/wp-json\/wp\/v2\/posts\/58520\/revisions\/58525"}],"wp:featuredmedia":[{"embeddable":true,"href":"https:\/\/futbolhoy.co\/index.php\/wp-json\/wp\/v2\/media\/58521"}],"wp:attachment":[{"href":"https:\/\/futbolhoy.co\/index.php\/wp-json\/wp\/v2\/media?parent=58520"}],"wp:term":[{"taxonomy":"category","embeddable":true,"href":"https:\/\/futbolhoy.co\/index.php\/wp-json\/wp\/v2\/categories?post=58520"},{"taxonomy":"post_tag","embeddable":true,"href":"https:\/\/futbolhoy.co\/index.php\/wp-json\/wp\/v2\/tags?post=58520"}],"curies":[{"name":"wp","href":"https:\/\/api.w.org\/{rel}","templated":true}]}}