{"id":58535,"date":"2020-11-25T06:15:27","date_gmt":"2020-11-25T11:15:27","guid":{"rendered":"https:\/\/futbolhoy.co\/?p=58535"},"modified":"2020-11-25T13:19:42","modified_gmt":"2020-11-25T18:19:42","slug":"cardona-tiene-problemas-con-el-peso-palermo","status":"publish","type":"post","link":"https:\/\/futbolhoy.co\/index.php\/2020\/11\/25\/cardona-tiene-problemas-con-el-peso-palermo\/","title":{"rendered":"Cardona tiene problemas con el peso: Palermo"},"content":{"rendered":"<!--[if lt IE 9]><script>document.createElement('audio');<\/script><![endif]-->\n<audio class=\"wp-audio-shortcode\" id=\"audio-58535-1\" preload=\"none\" style=\"width: 100%;\" controls=\"controls\"><source type=\"audio\/mpeg\" src=\"https:\/\/futbolhoy.co\/wp-content\/uploads\/2020\/11\/ACERO-EDWIN2020-11-25.mp3?_=1\" \/><a href=\"https:\/\/futbolhoy.co\/wp-content\/uploads\/2020\/11\/ACERO-EDWIN2020-11-25.mp3\">https:\/\/futbolhoy.co\/wp-content\/uploads\/2020\/11\/ACERO-EDWIN2020-11-25.mp3<\/a><\/audio>\n<p>(Mart\u00edn Palermo, t\u00e9cnico y exjugador argentino, en di\u00e1logo con ESPN F360)<\/p>\n<p style=\"text-align: justify;\"><span style=\"font-family: helvetica, arial, sans-serif;\">El volante antioque\u00f1o<strong> Edwin Cardona<\/strong> tiene problemas para mantener su peso, situaci\u00f3n que afecta su rendimiento, asegur\u00f3 el t\u00e9cnico argentino <strong>Mart\u00edn Palermo.<\/strong><\/span><\/p>\n<p style=\"text-align: justify;\"><span style=\"font-family: helvetica, arial, sans-serif;\">\"Tiene un problema. Le cuesta mantener el peso, pero se esfuerza por estar en buena condici\u00f3n. \u00c9l ten\u00eda much\u00edsimos problemas fuera del f\u00fatbol y quiz\u00e1 su descarga es en la cuesti\u00f3n de la alimentaci\u00f3n o que tambi\u00e9n el f\u00edsico no lo asimila bien y termina siendo contraproducente para \u00e9l\", dijo Palermo en <em>ESPN F360<\/em>.<\/span><\/p>\n<p style=\"text-align: justify;\"><span style=\"font-family: helvetica, arial, sans-serif;\">\"Es un jugador que tiene ese inconveniente en lo f\u00edsico de ponerse al 100%. Entonces cuando \u00e9l baja ese rendimiento es muy notorio. Cuando \u00e9l est\u00e1 bien, te soluciona todo, pero cuando se deja o pierde por diferentes circunstancias la continuidad o el ritmo de competencia, sufre mucho\u201d, agreg\u00f3.<\/span><\/p>\n<p style=\"text-align: justify;\"><span style=\"font-family: helvetica, arial, sans-serif;\">El entrenador que dirigi\u00f3 a Cardona en <strong>Pachuca,<\/strong> agreg\u00f3: \"el primer semestre a m\u00ed me dio much\u00edsimo. Fue un jugador que se destac\u00f3, aport\u00f3 mucho en el juego y nos dio la posibilidad de clasificar a liguilla y a \u00e9l de ir a la Copa Am\u00e9rica porque fue convocado. No jug\u00f3, no particip\u00f3 mucho y cuando volvi\u00f3 fuera de los tiempos de hacer pretemporada le cost\u00f3 meterse en el ritmo y en esa din\u00e1mica\".<\/span><\/p>\n<p style=\"text-align: justify;\"><span style=\"font-family: helvetica, arial, sans-serif;\">Cardona, quien estaba con <strong>Xolos<\/strong> de <strong>Tijuana,<\/strong> concret\u00f3 su regreso a <strong>Boca Juniors<\/strong> en agosto.<\/span><\/p>\n","protected":false},"excerpt":{"rendered":"<p>(Mart\u00edn Palermo, t\u00e9cnico y exjugador argentino, en di\u00e1logo con ESPN F360) El volante antioque\u00f1o Edwin Cardona tiene problemas para mantener su peso, situaci\u00f3n que afecta su rendimiento, asegur\u00f3 el t\u00e9cnico argentino Mart\u00edn Palermo. \"Tiene un problema. Le cuesta mantener el peso, pero se esfuerza por estar en buena condici\u00f3n. \u00c9l ten\u00eda much\u00edsimos problemas fuera del [&hellip;]<\/p>\n","protected":false},"author":5,"featured_media":58537,"comment_status":"open","ping_status":"open","sticky":false,"template":"","format":"video","meta":{"_acf_changed":false,"footnotes":""},"categories":[152],"tags":[260,268,1890],"class_list":{"0":"post-58535","1":"post","2":"type-post","3":"status-publish","4":"format-video","5":"has-post-thumbnail","7":"category-mundo-futbol","8":"tag-boca-juniors","9":"tag-edwin-cardona","10":"tag-martin-palermo","11":"post_format-post-format-video"},"acf":[],"yoast_head":"<!-- This site is optimized with the Yoast SEO plugin v26.8 - https:\/\/yoast.com\/product\/yoast-seo-wordpress\/ -->\n<title>Cardona tiene problemas con el peso: Palermo -<\/title>\n<meta name=\"robots\" content=\"index, follow, max-snippet:-1, max-image-preview:large, max-video-preview:-1\" \/>\n<link rel=\"canonical\" href=\"https:\/\/futbolhoy.co\/index.php\/2020\/11\/25\/cardona-tiene-problemas-con-el-peso-palermo\/\" \/>\n<meta property=\"og:locale\" content=\"es_ES\" \/>\n<meta property=\"og:type\" content=\"article\" \/>\n<meta property=\"og:title\" content=\"Cardona tiene problemas con el peso: Palermo -\" \/>\n<meta property=\"og:description\" content=\"(Mart\u00edn Palermo, t\u00e9cnico y exjugador argentino, en di\u00e1logo con ESPN F360) El volante antioque\u00f1o Edwin Cardona tiene problemas para mantener su peso, situaci\u00f3n que afecta su rendimiento, asegur\u00f3 el t\u00e9cnico argentino Mart\u00edn Palermo. &quot;Tiene un problema. Le cuesta mantener el peso, pero se esfuerza por estar en buena condici\u00f3n. \u00c9l ten\u00eda much\u00edsimos problemas fuera del [&hellip;]\" \/>\n<meta property=\"og:url\" content=\"https:\/\/futbolhoy.co\/index.php\/2020\/11\/25\/cardona-tiene-problemas-con-el-peso-palermo\/\" \/>\n<meta property=\"article:publisher\" content=\"https:\/\/www.facebook.com\/FutbolHoyCol\/\" \/>\n<meta property=\"article:published_time\" content=\"2020-11-25T11:15:27+00:00\" \/>\n<meta property=\"article:modified_time\" content=\"2020-11-25T18:19:42+00:00\" \/>\n<meta property=\"og:image\" content=\"https:\/\/futbolhoy.co\/wp-content\/uploads\/2020\/11\/EnOWxaBXcAI_VUO-scaled.jpg\" \/>\n\t<meta property=\"og:image:width\" content=\"2145\" \/>\n\t<meta property=\"og:image:height\" content=\"2560\" \/>\n\t<meta property=\"og:image:type\" content=\"image\/jpeg\" \/>\n<meta name=\"author\" content=\"Laura Hern\u00e1ndez\" \/>\n<meta name=\"twitter:card\" content=\"summary_large_image\" \/>\n<meta name=\"twitter:creator\" content=\"@FutbolHoyCol\" \/>\n<meta name=\"twitter:site\" content=\"@FutbolHoyCol\" \/>\n<meta name=\"twitter:label1\" content=\"Escrito por\" \/>\n\t<meta name=\"twitter:data1\" content=\"Laura Hern\u00e1ndez\" \/>\n\t<meta name=\"twitter:label2\" content=\"Tiempo de lectura\" \/>\n\t<meta name=\"twitter:data2\" content=\"1 minuto\" \/>\n<script type=\"application\/ld+json\" class=\"yoast-schema-graph\">{\"@context\":\"https:\/\/schema.org\",\"@graph\":[{\"@type\":\"Article\",\"@id\":\"https:\/\/futbolhoy.co\/index.php\/2020\/11\/25\/cardona-tiene-problemas-con-el-peso-palermo\/#article\",\"isPartOf\":{\"@id\":\"https:\/\/futbolhoy.co\/index.php\/2020\/11\/25\/cardona-tiene-problemas-con-el-peso-palermo\/\"},\"author\":{\"name\":\"Laura Hern\u00e1ndez\",\"@id\":\"https:\/\/futbolhoy.co\/#\/schema\/person\/c4a353a512b127643723a34bb1812f7d\"},\"headline\":\"Cardona tiene problemas con el peso: Palermo\",\"datePublished\":\"2020-11-25T11:15:27+00:00\",\"dateModified\":\"2020-11-25T18:19:42+00:00\",\"mainEntityOfPage\":{\"@id\":\"https:\/\/futbolhoy.co\/index.php\/2020\/11\/25\/cardona-tiene-problemas-con-el-peso-palermo\/\"},\"wordCount\":262,\"commentCount\":0,\"publisher\":{\"@id\":\"https:\/\/futbolhoy.co\/#organization\"},\"image\":{\"@id\":\"https:\/\/futbolhoy.co\/index.php\/2020\/11\/25\/cardona-tiene-problemas-con-el-peso-palermo\/#primaryimage\"},\"thumbnailUrl\":\"https:\/\/futbolhoy.co\/wp-content\/uploads\/2020\/11\/EnOWxaBXcAI_VUO-scaled.jpg\",\"keywords\":[\"Boca Juniors\",\"Edwin Cardona\",\"Mart\u00edn Palermo\"],\"articleSection\":[\"Mundo Futbol\"],\"inLanguage\":\"es\",\"potentialAction\":[{\"@type\":\"CommentAction\",\"name\":\"Comment\",\"target\":[\"https:\/\/futbolhoy.co\/index.php\/2020\/11\/25\/cardona-tiene-problemas-con-el-peso-palermo\/#respond\"]}]},{\"@type\":\"WebPage\",\"@id\":\"https:\/\/futbolhoy.co\/index.php\/2020\/11\/25\/cardona-tiene-problemas-con-el-peso-palermo\/\",\"url\":\"https:\/\/futbolhoy.co\/index.php\/2020\/11\/25\/cardona-tiene-problemas-con-el-peso-palermo\/\",\"name\":\"Cardona tiene problemas con el peso: Palermo -\",\"isPartOf\":{\"@id\":\"https:\/\/futbolhoy.co\/#website\"},\"primaryImageOfPage\":{\"@id\":\"https:\/\/futbolhoy.co\/index.php\/2020\/11\/25\/cardona-tiene-problemas-con-el-peso-palermo\/#primaryimage\"},\"image\":{\"@id\":\"https:\/\/futbolhoy.co\/index.php\/2020\/11\/25\/cardona-tiene-problemas-con-el-peso-palermo\/#primaryimage\"},\"thumbnailUrl\":\"https:\/\/futbolhoy.co\/wp-content\/uploads\/2020\/11\/EnOWxaBXcAI_VUO-scaled.jpg\",\"datePublished\":\"2020-11-25T11:15:27+00:00\",\"dateModified\":\"2020-11-25T18:19:42+00:00\",\"breadcrumb\":{\"@id\":\"https:\/\/futbolhoy.co\/index.php\/2020\/11\/25\/cardona-tiene-problemas-con-el-peso-palermo\/#breadcrumb\"},\"inLanguage\":\"es\",\"potentialAction\":[{\"@type\":\"ReadAction\",\"target\":[\"https:\/\/futbolhoy.co\/index.php\/2020\/11\/25\/cardona-tiene-problemas-con-el-peso-palermo\/\"]}]},{\"@type\":\"ImageObject\",\"inLanguage\":\"es\",\"@id\":\"https:\/\/futbolhoy.co\/index.php\/2020\/11\/25\/cardona-tiene-problemas-con-el-peso-palermo\/#primaryimage\",\"url\":\"https:\/\/futbolhoy.co\/wp-content\/uploads\/2020\/11\/EnOWxaBXcAI_VUO-scaled.jpg\",\"contentUrl\":\"https:\/\/futbolhoy.co\/wp-content\/uploads\/2020\/11\/EnOWxaBXcAI_VUO-scaled.jpg\",\"width\":2145,\"height\":2560},{\"@type\":\"BreadcrumbList\",\"@id\":\"https:\/\/futbolhoy.co\/index.php\/2020\/11\/25\/cardona-tiene-problemas-con-el-peso-palermo\/#breadcrumb\",\"itemListElement\":[{\"@type\":\"ListItem\",\"position\":1,\"name\":\"Portada\",\"item\":\"https:\/\/futbolhoy.co\/\"},{\"@type\":\"ListItem\",\"position\":2,\"name\":\"Cardona tiene problemas con el peso: Palermo\"}]},{\"@type\":\"WebSite\",\"@id\":\"https:\/\/futbolhoy.co\/#website\",\"url\":\"https:\/\/futbolhoy.co\/\",\"name\":\"FutbolHoy\",\"description\":\"\",\"publisher\":{\"@id\":\"https:\/\/futbolhoy.co\/#organization\"},\"potentialAction\":[{\"@type\":\"SearchAction\",\"target\":{\"@type\":\"EntryPoint\",\"urlTemplate\":\"https:\/\/futbolhoy.co\/?s={search_term_string}\"},\"query-input\":{\"@type\":\"PropertyValueSpecification\",\"valueRequired\":true,\"valueName\":\"search_term_string\"}}],\"inLanguage\":\"es\"},{\"@type\":\"Organization\",\"@id\":\"https:\/\/futbolhoy.co\/#organization\",\"name\":\"Futbolhoy.co\",\"url\":\"https:\/\/futbolhoy.co\/\",\"logo\":{\"@type\":\"ImageObject\",\"inLanguage\":\"es\",\"@id\":\"https:\/\/futbolhoy.co\/#\/schema\/logo\/image\/\",\"url\":\"https:\/\/futbolhoy.co\/wp-content\/uploads\/2018\/08\/17426380_1906371736249227_6326180412931521141_n.jpg\",\"contentUrl\":\"https:\/\/futbolhoy.co\/wp-content\/uploads\/2018\/08\/17426380_1906371736249227_6326180412931521141_n.jpg\",\"width\":960,\"height\":960,\"caption\":\"Futbolhoy.co\"},\"image\":{\"@id\":\"https:\/\/futbolhoy.co\/#\/schema\/logo\/image\/\"},\"sameAs\":[\"https:\/\/www.facebook.com\/FutbolHoyCol\/\",\"https:\/\/x.com\/FutbolHoyCol\",\"https:\/\/www.instagram.com\/futbolhoycol\/\"]},{\"@type\":\"Person\",\"@id\":\"https:\/\/futbolhoy.co\/#\/schema\/person\/c4a353a512b127643723a34bb1812f7d\",\"name\":\"Laura Hern\u00e1ndez\",\"image\":{\"@type\":\"ImageObject\",\"inLanguage\":\"es\",\"@id\":\"https:\/\/futbolhoy.co\/#\/schema\/person\/image\/\",\"url\":\"https:\/\/secure.gravatar.com\/avatar\/d25959a15b9b293a743f99181c7cfd01?s=96&d=mm&r=g\",\"contentUrl\":\"https:\/\/secure.gravatar.com\/avatar\/d25959a15b9b293a743f99181c7cfd01?s=96&d=mm&r=g\",\"caption\":\"Laura Hern\u00e1ndez\"}}]}<\/script>\n<!-- \/ Yoast SEO plugin. -->","yoast_head_json":{"title":"Cardona tiene problemas con el peso: Palermo -","robots":{"index":"index","follow":"follow","max-snippet":"max-snippet:-1","max-image-preview":"max-image-preview:large","max-video-preview":"max-video-preview:-1"},"canonical":"https:\/\/futbolhoy.co\/index.php\/2020\/11\/25\/cardona-tiene-problemas-con-el-peso-palermo\/","og_locale":"es_ES","og_type":"article","og_title":"Cardona tiene problemas con el peso: Palermo -","og_description":"(Mart\u00edn Palermo, t\u00e9cnico y exjugador argentino, en di\u00e1logo con ESPN F360) El volante antioque\u00f1o Edwin Cardona tiene problemas para mantener su peso, situaci\u00f3n que afecta su rendimiento, asegur\u00f3 el t\u00e9cnico argentino Mart\u00edn Palermo. \"Tiene un problema. Le cuesta mantener el peso, pero se esfuerza por estar en buena condici\u00f3n. \u00c9l ten\u00eda much\u00edsimos problemas fuera del [&hellip;]","og_url":"https:\/\/futbolhoy.co\/index.php\/2020\/11\/25\/cardona-tiene-problemas-con-el-peso-palermo\/","article_publisher":"https:\/\/www.facebook.com\/FutbolHoyCol\/","article_published_time":"2020-11-25T11:15:27+00:00","article_modified_time":"2020-11-25T18:19:42+00:00","og_image":[{"width":2145,"height":2560,"url":"https:\/\/futbolhoy.co\/wp-content\/uploads\/2020\/11\/EnOWxaBXcAI_VUO-scaled.jpg","type":"image\/jpeg"}],"author":"Laura Hern\u00e1ndez","twitter_card":"summary_large_image","twitter_creator":"@FutbolHoyCol","twitter_site":"@FutbolHoyCol","twitter_misc":{"Escrito por":"Laura Hern\u00e1ndez","Tiempo de lectura":"1 minuto"},"schema":{"@context":"https:\/\/schema.org","@graph":[{"@type":"Article","@id":"https:\/\/futbolhoy.co\/index.php\/2020\/11\/25\/cardona-tiene-problemas-con-el-peso-palermo\/#article","isPartOf":{"@id":"https:\/\/futbolhoy.co\/index.php\/2020\/11\/25\/cardona-tiene-problemas-con-el-peso-palermo\/"},"author":{"name":"Laura Hern\u00e1ndez","@id":"https:\/\/futbolhoy.co\/#\/schema\/person\/c4a353a512b127643723a34bb1812f7d"},"headline":"Cardona tiene problemas con el peso: Palermo","datePublished":"2020-11-25T11:15:27+00:00","dateModified":"2020-11-25T18:19:42+00:00","mainEntityOfPage":{"@id":"https:\/\/futbolhoy.co\/index.php\/2020\/11\/25\/cardona-tiene-problemas-con-el-peso-palermo\/"},"wordCount":262,"commentCount":0,"publisher":{"@id":"https:\/\/futbolhoy.co\/#organization"},"image":{"@id":"https:\/\/futbolhoy.co\/index.php\/2020\/11\/25\/cardona-tiene-problemas-con-el-peso-palermo\/#primaryimage"},"thumbnailUrl":"https:\/\/futbolhoy.co\/wp-content\/uploads\/2020\/11\/EnOWxaBXcAI_VUO-scaled.jpg","keywords":["Boca Juniors","Edwin Cardona","Mart\u00edn Palermo"],"articleSection":["Mundo Futbol"],"inLanguage":"es","potentialAction":[{"@type":"CommentAction","name":"Comment","target":["https:\/\/futbolhoy.co\/index.php\/2020\/11\/25\/cardona-tiene-problemas-con-el-peso-palermo\/#respond"]}]},{"@type":"WebPage","@id":"https:\/\/futbolhoy.co\/index.php\/2020\/11\/25\/cardona-tiene-problemas-con-el-peso-palermo\/","url":"https:\/\/futbolhoy.co\/index.php\/2020\/11\/25\/cardona-tiene-problemas-con-el-peso-palermo\/","name":"Cardona tiene problemas con el peso: Palermo -","isPartOf":{"@id":"https:\/\/futbolhoy.co\/#website"},"primaryImageOfPage":{"@id":"https:\/\/futbolhoy.co\/index.php\/2020\/11\/25\/cardona-tiene-problemas-con-el-peso-palermo\/#primaryimage"},"image":{"@id":"https:\/\/futbolhoy.co\/index.php\/2020\/11\/25\/cardona-tiene-problemas-con-el-peso-palermo\/#primaryimage"},"thumbnailUrl":"https:\/\/futbolhoy.co\/wp-content\/uploads\/2020\/11\/EnOWxaBXcAI_VUO-scaled.jpg","datePublished":"2020-11-25T11:15:27+00:00","dateModified":"2020-11-25T18:19:42+00:00","breadcrumb":{"@id":"https:\/\/futbolhoy.co\/index.php\/2020\/11\/25\/cardona-tiene-problemas-con-el-peso-palermo\/#breadcrumb"},"inLanguage":"es","potentialAction":[{"@type":"ReadAction","target":["https:\/\/futbolhoy.co\/index.php\/2020\/11\/25\/cardona-tiene-problemas-con-el-peso-palermo\/"]}]},{"@type":"ImageObject","inLanguage":"es","@id":"https:\/\/futbolhoy.co\/index.php\/2020\/11\/25\/cardona-tiene-problemas-con-el-peso-palermo\/#primaryimage","url":"https:\/\/futbolhoy.co\/wp-content\/uploads\/2020\/11\/EnOWxaBXcAI_VUO-scaled.jpg","contentUrl":"https:\/\/futbolhoy.co\/wp-content\/uploads\/2020\/11\/EnOWxaBXcAI_VUO-scaled.jpg","width":2145,"height":2560},{"@type":"BreadcrumbList","@id":"https:\/\/futbolhoy.co\/index.php\/2020\/11\/25\/cardona-tiene-problemas-con-el-peso-palermo\/#breadcrumb","itemListElement":[{"@type":"ListItem","position":1,"name":"Portada","item":"https:\/\/futbolhoy.co\/"},{"@type":"ListItem","position":2,"name":"Cardona tiene problemas con el peso: Palermo"}]},{"@type":"WebSite","@id":"https:\/\/futbolhoy.co\/#website","url":"https:\/\/futbolhoy.co\/","name":"FutbolHoy","description":"","publisher":{"@id":"https:\/\/futbolhoy.co\/#organization"},"potentialAction":[{"@type":"SearchAction","target":{"@type":"EntryPoint","urlTemplate":"https:\/\/futbolhoy.co\/?s={search_term_string}"},"query-input":{"@type":"PropertyValueSpecification","valueRequired":true,"valueName":"search_term_string"}}],"inLanguage":"es"},{"@type":"Organization","@id":"https:\/\/futbolhoy.co\/#organization","name":"Futbolhoy.co","url":"https:\/\/futbolhoy.co\/","logo":{"@type":"ImageObject","inLanguage":"es","@id":"https:\/\/futbolhoy.co\/#\/schema\/logo\/image\/","url":"https:\/\/futbolhoy.co\/wp-content\/uploads\/2018\/08\/17426380_1906371736249227_6326180412931521141_n.jpg","contentUrl":"https:\/\/futbolhoy.co\/wp-content\/uploads\/2018\/08\/17426380_1906371736249227_6326180412931521141_n.jpg","width":960,"height":960,"caption":"Futbolhoy.co"},"image":{"@id":"https:\/\/futbolhoy.co\/#\/schema\/logo\/image\/"},"sameAs":["https:\/\/www.facebook.com\/FutbolHoyCol\/","https:\/\/x.com\/FutbolHoyCol","https:\/\/www.instagram.com\/futbolhoycol\/"]},{"@type":"Person","@id":"https:\/\/futbolhoy.co\/#\/schema\/person\/c4a353a512b127643723a34bb1812f7d","name":"Laura Hern\u00e1ndez","image":{"@type":"ImageObject","inLanguage":"es","@id":"https:\/\/futbolhoy.co\/#\/schema\/person\/image\/","url":"https:\/\/secure.gravatar.com\/avatar\/d25959a15b9b293a743f99181c7cfd01?s=96&d=mm&r=g","contentUrl":"https:\/\/secure.gravatar.com\/avatar\/d25959a15b9b293a743f99181c7cfd01?s=96&d=mm&r=g","caption":"Laura Hern\u00e1ndez"}}]}},"publishpress_future_action":{"enabled":false,"date":"2026-05-05 23:27:03","action":"change-status","newStatus":"draft","terms":[],"taxonomy":"category","extraData":[]},"publishpress_future_workflow_manual_trigger":{"enabledWorkflows":[]},"_links":{"self":[{"href":"https:\/\/futbolhoy.co\/index.php\/wp-json\/wp\/v2\/posts\/58535","targetHints":{"allow":["GET"]}}],"collection":[{"href":"https:\/\/futbolhoy.co\/index.php\/wp-json\/wp\/v2\/posts"}],"about":[{"href":"https:\/\/futbolhoy.co\/index.php\/wp-json\/wp\/v2\/types\/post"}],"author":[{"embeddable":true,"href":"https:\/\/futbolhoy.co\/index.php\/wp-json\/wp\/v2\/users\/5"}],"replies":[{"embeddable":true,"href":"https:\/\/futbolhoy.co\/index.php\/wp-json\/wp\/v2\/comments?post=58535"}],"version-history":[{"count":1,"href":"https:\/\/futbolhoy.co\/index.php\/wp-json\/wp\/v2\/posts\/58535\/revisions"}],"predecessor-version":[{"id":58538,"href":"https:\/\/futbolhoy.co\/index.php\/wp-json\/wp\/v2\/posts\/58535\/revisions\/58538"}],"wp:featuredmedia":[{"embeddable":true,"href":"https:\/\/futbolhoy.co\/index.php\/wp-json\/wp\/v2\/media\/58537"}],"wp:attachment":[{"href":"https:\/\/futbolhoy.co\/index.php\/wp-json\/wp\/v2\/media?parent=58535"}],"wp:term":[{"taxonomy":"category","embeddable":true,"href":"https:\/\/futbolhoy.co\/index.php\/wp-json\/wp\/v2\/categories?post=58535"},{"taxonomy":"post_tag","embeddable":true,"href":"https:\/\/futbolhoy.co\/index.php\/wp-json\/wp\/v2\/tags?post=58535"}],"curies":[{"name":"wp","href":"https:\/\/api.w.org\/{rel}","templated":true}]}}