{"id":58566,"date":"2020-11-25T18:00:42","date_gmt":"2020-11-25T23:00:42","guid":{"rendered":"https:\/\/futbolhoy.co\/?p=58566"},"modified":"2020-11-25T18:00:59","modified_gmt":"2020-11-25T23:00:59","slug":"bayern-y-city-a-octavos","status":"publish","type":"post","link":"https:\/\/futbolhoy.co\/index.php\/2020\/11\/25\/bayern-y-city-a-octavos\/","title":{"rendered":"Bayern y City a octavos"},"content":{"rendered":"<p style=\"text-align: justify;\"><span style=\"font-family: helvetica, arial, sans-serif;\"><strong>Bayern M\u00fanich<\/strong> se clasific\u00f3 a los octavos de final de la <strong>Liga de Campeones<\/strong> tras vencer 3-1 en casa al Salzburgo, en partido por la cuarta fecha de la fase de grupos.<\/span><\/p>\n<p style=\"text-align: justify;\"><span style=\"font-family: helvetica, arial, sans-serif;\"><strong>Robert Lewandowski<\/strong> (43\u2019), Kingsley Coman (52\u2019) y Leroy San\u00e9 (68\u2019) firmaron la victoria de los b\u00e1varos. Mergim Berisha (73\u2019) logr\u00f3 el descuento del club austriaco.<\/span><\/p>\n<p style=\"text-align: justify;\"><span style=\"font-family: helvetica, arial, sans-serif;\">El polaco <strong>Lewandowski<\/strong> lleg\u00f3 a 71 goles en <strong>Champions,<\/strong> donde igual\u00f3 a <strong>Ra\u00fal Gonz\u00e1lez<\/strong> en la tercera posici\u00f3n de la tabla de artilleros hist\u00f3ricos del\u00a0\u00a0campeonato.<\/span><\/p>\n<p style=\"text-align: justify;\"><span style=\"font-family: helvetica, arial, sans-serif;\">El equipo de <strong>M\u00fanich<\/strong> elev\u00f3 a 15 el n\u00famero de victorias consecutivas en el torneo.<\/span><\/p>\n<p style=\"text-align: justify;\"><span style=\"font-family: helvetica, arial, sans-serif;\">En otro juego, <strong>Manchester City<\/strong> venci\u00f3 0-1 al <strong>Olympiacos<\/strong> y tambi\u00e9n asegur\u00f3 su paso a la siguiente ronda.<\/span><\/p>\n<p style=\"text-align: justify;\"><span style=\"font-family: helvetica, arial, sans-serif;\">Entretanto, <strong>Liverpool<\/strong> complic\u00f3 su futuro tras perder 0-2 frente al <strong>Atalanta<\/strong> de B\u00e9rgamo. El bosnio <strong>Josip Ilicic<\/strong> (62\u2019) y el alem\u00e1n <strong>Robin Gosens<\/strong> (64\u2019) marcaron los goles del triunfo.<\/span><\/p>\n<p style=\"text-align: justify;\"><span style=\"font-family: helvetica, arial, sans-serif;\">El equipo italiano tuvo al caucano <strong>Duv\u00e1n Zapata<\/strong> a partir del minuto 70, mientras que el vallecaucano Johan Mojica ingres\u00f3 al 75.<\/span><\/p>\n<p style=\"text-align: justify;\"><span style=\"font-family: helvetica, arial, sans-serif;\">Al cierre de la cuarta fecha, <strong>Barcelona, Juventus, Chelsea, Sevilla, Manchester City<\/strong> y <strong>Bayern M\u00fanich<\/strong> aseguraron su cupo a octavos de final.<\/span><\/p>\n<p style=\"text-align: justify;\"><strong><span lang=\"EN-US\" style=\"font-family: helvetica, arial, sans-serif;\">Resultados:<\/span><\/strong><\/p>\n<ul>\n<li style=\"text-align: justify;\"><span lang=\"EN-US\" style=\"font-family: helvetica, arial, sans-serif;\">Olympiacos\u00a0\u00a00 \u2013 1\u00a0\u00a0M\u00e1nchster City<\/span><\/li>\n<li style=\"text-align: justify;\"><span lang=\"EN-US\" style=\"font-family: helvetica, arial, sans-serif;\">Borussia M\u00f6nchengladbach\u00a0\u00a04 \u2013 0\u00a0\u00a0Shakhtar Donetsk.<\/span><\/li>\n<li style=\"text-align: justify;\"><span style=\"font-family: helvetica, arial, sans-serif;\">Marsella\u00a0\u00a00 \u2013 2\u00a0\u00a0Porto (Matheus Uribe no concentr\u00f3 y Luis D\u00edaz 79\u2019)<\/span><\/li>\n<li style=\"text-align: justify;\"><span style=\"font-family: helvetica, arial, sans-serif;\">Liverpool\u00a0\u00a00 \u2013 2\u00a0\u00a0Atalanta (Johan Mojica ingres\u00f3 al 75\u2019, Duv\u00e1n Zapata ingres\u00f3 al 70\u2019, Luis Fdo. Muriel emergente)<\/span><\/li>\n<li style=\"text-align: justify;\"><span style=\"font-family: helvetica, arial, sans-serif;\">Inter\u00a0\u00a00 \u2013 2\u00a0\u00a0Real Madrid<\/span><\/li>\n<li style=\"text-align: justify;\"><span style=\"font-family: helvetica, arial, sans-serif;\">Bayern M\u00fanich\u00a0\u00a03 \u2013 1\u00a0\u00a0Salzburgo<\/span><\/li>\n<li style=\"text-align: justify;\"><span style=\"font-family: helvetica, arial, sans-serif;\">Atl.Madrid\u00a0\u00a00 \u2013 0\u00a0\u00a0Lokomotiv Mosc\u00fa<\/span><\/li>\n<li style=\"text-align: justify;\"><span style=\"font-family: helvetica, arial, sans-serif;\">Ajax\u00a0\u00a03 \u2013 1\u00a0\u00a0Midtjylland (DIN).<\/span><\/li>\n<\/ul>\n","protected":false},"excerpt":{"rendered":"<p>Bayern M\u00fanich se clasific\u00f3 a los octavos de final de la Liga de Campeones tras vencer 3-1 en casa al Salzburgo, en partido por la cuarta fecha de la fase de grupos. Robert Lewandowski (43\u2019), Kingsley Coman (52\u2019) y Leroy San\u00e9 (68\u2019) firmaron la victoria de los b\u00e1varos. Mergim Berisha (73\u2019) logr\u00f3 el descuento del [&hellip;]<\/p>\n","protected":false},"author":5,"featured_media":58568,"comment_status":"open","ping_status":"closed","sticky":false,"template":"","format":"standard","meta":{"_acf_changed":false,"footnotes":""},"categories":[4],"tags":[],"class_list":["post-58566","post","type-post","status-publish","format-standard","has-post-thumbnail","category-champions-league"],"acf":[],"yoast_head":"<!-- This site is optimized with the Yoast SEO plugin v28.3 - https:\/\/yoast.com\/product\/yoast-seo-wordpress\/ -->\n<title>Bayern y City a octavos -<\/title>\n<meta name=\"robots\" content=\"index, follow, max-snippet:-1, max-image-preview:large, max-video-preview:-1\" \/>\n<link rel=\"canonical\" href=\"https:\/\/futbolhoy.co\/index.php\/2020\/11\/25\/bayern-y-city-a-octavos\/\" \/>\n<meta property=\"og:locale\" content=\"es_ES\" \/>\n<meta property=\"og:type\" content=\"article\" \/>\n<meta property=\"og:title\" content=\"Bayern y City a octavos -\" \/>\n<meta property=\"og:description\" content=\"Bayern M\u00fanich se clasific\u00f3 a los octavos de final de la Liga de Campeones tras vencer 3-1 en casa al Salzburgo, en partido por la cuarta fecha de la fase de grupos. Robert Lewandowski (43\u2019), Kingsley Coman (52\u2019) y Leroy San\u00e9 (68\u2019) firmaron la victoria de los b\u00e1varos. Mergim Berisha (73\u2019) logr\u00f3 el descuento del [&hellip;]\" \/>\n<meta property=\"og:url\" content=\"https:\/\/futbolhoy.co\/index.php\/2020\/11\/25\/bayern-y-city-a-octavos\/\" \/>\n<meta property=\"article:publisher\" content=\"https:\/\/www.facebook.com\/FutbolHoyCol\/\" \/>\n<meta property=\"article:published_time\" content=\"2020-11-25T23:00:42+00:00\" \/>\n<meta property=\"article:modified_time\" content=\"2020-11-25T23:00:59+00:00\" \/>\n<meta property=\"og:image\" content=\"https:\/\/futbolhoy.co\/wp-content\/uploads\/2020\/11\/EntEWbiXMAIjnFj.jpg\" \/>\n\t<meta property=\"og:image:width\" content=\"1358\" \/>\n\t<meta property=\"og:image:height\" content=\"766\" \/>\n\t<meta property=\"og:image:type\" content=\"image\/jpeg\" \/>\n<meta name=\"author\" content=\"Laura Hern\u00e1ndez\" \/>\n<meta name=\"twitter:card\" content=\"summary_large_image\" \/>\n<meta name=\"twitter:creator\" content=\"@FutbolHoyCol\" \/>\n<meta name=\"twitter:site\" content=\"@FutbolHoyCol\" \/>\n<meta name=\"twitter:label1\" content=\"Escrito por\" \/>\n\t<meta name=\"twitter:data1\" content=\"Laura Hern\u00e1ndez\" \/>\n\t<meta name=\"twitter:label2\" content=\"Tiempo de lectura\" \/>\n\t<meta name=\"twitter:data2\" content=\"1 minuto\" \/>\n<script type=\"application\/ld+json\" class=\"yoast-schema-graph\">{\"@context\":\"https:\\\/\\\/schema.org\",\"@graph\":[{\"@type\":\"Article\",\"@id\":\"https:\\\/\\\/futbolhoy.co\\\/index.php\\\/2020\\\/11\\\/25\\\/bayern-y-city-a-octavos\\\/#article\",\"isPartOf\":{\"@id\":\"https:\\\/\\\/futbolhoy.co\\\/index.php\\\/2020\\\/11\\\/25\\\/bayern-y-city-a-octavos\\\/\"},\"author\":{\"name\":\"Laura Hern\u00e1ndez\",\"@id\":\"https:\\\/\\\/futbolhoy.co\\\/#\\\/schema\\\/person\\\/c4a353a512b127643723a34bb1812f7d\"},\"headline\":\"Bayern y City a octavos\",\"datePublished\":\"2020-11-25T23:00:42+00:00\",\"dateModified\":\"2020-11-25T23:00:59+00:00\",\"mainEntityOfPage\":{\"@id\":\"https:\\\/\\\/futbolhoy.co\\\/index.php\\\/2020\\\/11\\\/25\\\/bayern-y-city-a-octavos\\\/\"},\"wordCount\":246,\"commentCount\":0,\"image\":{\"@id\":\"https:\\\/\\\/futbolhoy.co\\\/index.php\\\/2020\\\/11\\\/25\\\/bayern-y-city-a-octavos\\\/#primaryimage\"},\"thumbnailUrl\":\"https:\\\/\\\/futbolhoy.co\\\/wp-content\\\/uploads\\\/2020\\\/11\\\/EntEWbiXMAIjnFj.jpg\",\"articleSection\":[\"Champions League\"],\"inLanguage\":\"es\",\"potentialAction\":[{\"@type\":\"CommentAction\",\"name\":\"Comment\",\"target\":[\"https:\\\/\\\/futbolhoy.co\\\/index.php\\\/2020\\\/11\\\/25\\\/bayern-y-city-a-octavos\\\/#respond\"]}]},{\"@type\":\"WebPage\",\"@id\":\"https:\\\/\\\/futbolhoy.co\\\/index.php\\\/2020\\\/11\\\/25\\\/bayern-y-city-a-octavos\\\/\",\"url\":\"https:\\\/\\\/futbolhoy.co\\\/index.php\\\/2020\\\/11\\\/25\\\/bayern-y-city-a-octavos\\\/\",\"name\":\"Bayern y City a octavos -\",\"isPartOf\":{\"@id\":\"https:\\\/\\\/futbolhoy.co\\\/#website\"},\"primaryImageOfPage\":{\"@id\":\"https:\\\/\\\/futbolhoy.co\\\/index.php\\\/2020\\\/11\\\/25\\\/bayern-y-city-a-octavos\\\/#primaryimage\"},\"image\":{\"@id\":\"https:\\\/\\\/futbolhoy.co\\\/index.php\\\/2020\\\/11\\\/25\\\/bayern-y-city-a-octavos\\\/#primaryimage\"},\"thumbnailUrl\":\"https:\\\/\\\/futbolhoy.co\\\/wp-content\\\/uploads\\\/2020\\\/11\\\/EntEWbiXMAIjnFj.jpg\",\"datePublished\":\"2020-11-25T23:00:42+00:00\",\"dateModified\":\"2020-11-25T23:00:59+00:00\",\"author\":{\"@id\":\"https:\\\/\\\/futbolhoy.co\\\/#\\\/schema\\\/person\\\/c4a353a512b127643723a34bb1812f7d\"},\"breadcrumb\":{\"@id\":\"https:\\\/\\\/futbolhoy.co\\\/index.php\\\/2020\\\/11\\\/25\\\/bayern-y-city-a-octavos\\\/#breadcrumb\"},\"inLanguage\":\"es\",\"potentialAction\":[{\"@type\":\"ReadAction\",\"target\":[\"https:\\\/\\\/futbolhoy.co\\\/index.php\\\/2020\\\/11\\\/25\\\/bayern-y-city-a-octavos\\\/\"]}]},{\"@type\":\"ImageObject\",\"inLanguage\":\"es\",\"@id\":\"https:\\\/\\\/futbolhoy.co\\\/index.php\\\/2020\\\/11\\\/25\\\/bayern-y-city-a-octavos\\\/#primaryimage\",\"url\":\"https:\\\/\\\/futbolhoy.co\\\/wp-content\\\/uploads\\\/2020\\\/11\\\/EntEWbiXMAIjnFj.jpg\",\"contentUrl\":\"https:\\\/\\\/futbolhoy.co\\\/wp-content\\\/uploads\\\/2020\\\/11\\\/EntEWbiXMAIjnFj.jpg\",\"width\":1358,\"height\":766},{\"@type\":\"BreadcrumbList\",\"@id\":\"https:\\\/\\\/futbolhoy.co\\\/index.php\\\/2020\\\/11\\\/25\\\/bayern-y-city-a-octavos\\\/#breadcrumb\",\"itemListElement\":[{\"@type\":\"ListItem\",\"position\":1,\"name\":\"Portada\",\"item\":\"https:\\\/\\\/futbolhoy.co\\\/\"},{\"@type\":\"ListItem\",\"position\":2,\"name\":\"Bayern y City a octavos\"}]},{\"@type\":\"WebSite\",\"@id\":\"https:\\\/\\\/futbolhoy.co\\\/#website\",\"url\":\"https:\\\/\\\/futbolhoy.co\\\/\",\"name\":\"FutbolHoy\",\"description\":\"\",\"potentialAction\":[{\"@type\":\"SearchAction\",\"target\":{\"@type\":\"EntryPoint\",\"urlTemplate\":\"https:\\\/\\\/futbolhoy.co\\\/?s={search_term_string}\"},\"query-input\":{\"@type\":\"PropertyValueSpecification\",\"valueRequired\":true,\"valueName\":\"search_term_string\"}}],\"inLanguage\":\"es\"},{\"@type\":\"Person\",\"@id\":\"https:\\\/\\\/futbolhoy.co\\\/#\\\/schema\\\/person\\\/c4a353a512b127643723a34bb1812f7d\",\"name\":\"Laura Hern\u00e1ndez\",\"image\":{\"@type\":\"ImageObject\",\"inLanguage\":\"es\",\"@id\":\"https:\\\/\\\/secure.gravatar.com\\\/avatar\\\/1ae6b7966942c60c822ea71afe0e5cf4105b8e983193883c6d026db4d508431d?s=96&d=mm&r=g\",\"url\":\"https:\\\/\\\/secure.gravatar.com\\\/avatar\\\/1ae6b7966942c60c822ea71afe0e5cf4105b8e983193883c6d026db4d508431d?s=96&d=mm&r=g\",\"contentUrl\":\"https:\\\/\\\/secure.gravatar.com\\\/avatar\\\/1ae6b7966942c60c822ea71afe0e5cf4105b8e983193883c6d026db4d508431d?s=96&d=mm&r=g\",\"caption\":\"Laura Hern\u00e1ndez\"}}]}<\/script>\n<!-- \/ Yoast SEO plugin. -->","yoast_head_json":{"title":"Bayern y City a octavos -","robots":{"index":"index","follow":"follow","max-snippet":"max-snippet:-1","max-image-preview":"max-image-preview:large","max-video-preview":"max-video-preview:-1"},"canonical":"https:\/\/futbolhoy.co\/index.php\/2020\/11\/25\/bayern-y-city-a-octavos\/","og_locale":"es_ES","og_type":"article","og_title":"Bayern y City a octavos -","og_description":"Bayern M\u00fanich se clasific\u00f3 a los octavos de final de la Liga de Campeones tras vencer 3-1 en casa al Salzburgo, en partido por la cuarta fecha de la fase de grupos. Robert Lewandowski (43\u2019), Kingsley Coman (52\u2019) y Leroy San\u00e9 (68\u2019) firmaron la victoria de los b\u00e1varos. Mergim Berisha (73\u2019) logr\u00f3 el descuento del [&hellip;]","og_url":"https:\/\/futbolhoy.co\/index.php\/2020\/11\/25\/bayern-y-city-a-octavos\/","article_publisher":"https:\/\/www.facebook.com\/FutbolHoyCol\/","article_published_time":"2020-11-25T23:00:42+00:00","article_modified_time":"2020-11-25T23:00:59+00:00","og_image":[{"width":1358,"height":766,"url":"https:\/\/futbolhoy.co\/wp-content\/uploads\/2020\/11\/EntEWbiXMAIjnFj.jpg","type":"image\/jpeg"}],"author":"Laura Hern\u00e1ndez","twitter_card":"summary_large_image","twitter_creator":"@FutbolHoyCol","twitter_site":"@FutbolHoyCol","twitter_misc":{"Escrito por":"Laura Hern\u00e1ndez","Tiempo de lectura":"1 minuto"},"schema":{"@context":"https:\/\/schema.org","@graph":[{"@type":"Article","@id":"https:\/\/futbolhoy.co\/index.php\/2020\/11\/25\/bayern-y-city-a-octavos\/#article","isPartOf":{"@id":"https:\/\/futbolhoy.co\/index.php\/2020\/11\/25\/bayern-y-city-a-octavos\/"},"author":{"name":"Laura Hern\u00e1ndez","@id":"https:\/\/futbolhoy.co\/#\/schema\/person\/c4a353a512b127643723a34bb1812f7d"},"headline":"Bayern y City a octavos","datePublished":"2020-11-25T23:00:42+00:00","dateModified":"2020-11-25T23:00:59+00:00","mainEntityOfPage":{"@id":"https:\/\/futbolhoy.co\/index.php\/2020\/11\/25\/bayern-y-city-a-octavos\/"},"wordCount":246,"commentCount":0,"image":{"@id":"https:\/\/futbolhoy.co\/index.php\/2020\/11\/25\/bayern-y-city-a-octavos\/#primaryimage"},"thumbnailUrl":"https:\/\/futbolhoy.co\/wp-content\/uploads\/2020\/11\/EntEWbiXMAIjnFj.jpg","articleSection":["Champions League"],"inLanguage":"es","potentialAction":[{"@type":"CommentAction","name":"Comment","target":["https:\/\/futbolhoy.co\/index.php\/2020\/11\/25\/bayern-y-city-a-octavos\/#respond"]}]},{"@type":"WebPage","@id":"https:\/\/futbolhoy.co\/index.php\/2020\/11\/25\/bayern-y-city-a-octavos\/","url":"https:\/\/futbolhoy.co\/index.php\/2020\/11\/25\/bayern-y-city-a-octavos\/","name":"Bayern y City a octavos -","isPartOf":{"@id":"https:\/\/futbolhoy.co\/#website"},"primaryImageOfPage":{"@id":"https:\/\/futbolhoy.co\/index.php\/2020\/11\/25\/bayern-y-city-a-octavos\/#primaryimage"},"image":{"@id":"https:\/\/futbolhoy.co\/index.php\/2020\/11\/25\/bayern-y-city-a-octavos\/#primaryimage"},"thumbnailUrl":"https:\/\/futbolhoy.co\/wp-content\/uploads\/2020\/11\/EntEWbiXMAIjnFj.jpg","datePublished":"2020-11-25T23:00:42+00:00","dateModified":"2020-11-25T23:00:59+00:00","author":{"@id":"https:\/\/futbolhoy.co\/#\/schema\/person\/c4a353a512b127643723a34bb1812f7d"},"breadcrumb":{"@id":"https:\/\/futbolhoy.co\/index.php\/2020\/11\/25\/bayern-y-city-a-octavos\/#breadcrumb"},"inLanguage":"es","potentialAction":[{"@type":"ReadAction","target":["https:\/\/futbolhoy.co\/index.php\/2020\/11\/25\/bayern-y-city-a-octavos\/"]}]},{"@type":"ImageObject","inLanguage":"es","@id":"https:\/\/futbolhoy.co\/index.php\/2020\/11\/25\/bayern-y-city-a-octavos\/#primaryimage","url":"https:\/\/futbolhoy.co\/wp-content\/uploads\/2020\/11\/EntEWbiXMAIjnFj.jpg","contentUrl":"https:\/\/futbolhoy.co\/wp-content\/uploads\/2020\/11\/EntEWbiXMAIjnFj.jpg","width":1358,"height":766},{"@type":"BreadcrumbList","@id":"https:\/\/futbolhoy.co\/index.php\/2020\/11\/25\/bayern-y-city-a-octavos\/#breadcrumb","itemListElement":[{"@type":"ListItem","position":1,"name":"Portada","item":"https:\/\/futbolhoy.co\/"},{"@type":"ListItem","position":2,"name":"Bayern y City a octavos"}]},{"@type":"WebSite","@id":"https:\/\/futbolhoy.co\/#website","url":"https:\/\/futbolhoy.co\/","name":"FutbolHoy","description":"","potentialAction":[{"@type":"SearchAction","target":{"@type":"EntryPoint","urlTemplate":"https:\/\/futbolhoy.co\/?s={search_term_string}"},"query-input":{"@type":"PropertyValueSpecification","valueRequired":true,"valueName":"search_term_string"}}],"inLanguage":"es"},{"@type":"Person","@id":"https:\/\/futbolhoy.co\/#\/schema\/person\/c4a353a512b127643723a34bb1812f7d","name":"Laura Hern\u00e1ndez","image":{"@type":"ImageObject","inLanguage":"es","@id":"https:\/\/secure.gravatar.com\/avatar\/1ae6b7966942c60c822ea71afe0e5cf4105b8e983193883c6d026db4d508431d?s=96&d=mm&r=g","url":"https:\/\/secure.gravatar.com\/avatar\/1ae6b7966942c60c822ea71afe0e5cf4105b8e983193883c6d026db4d508431d?s=96&d=mm&r=g","contentUrl":"https:\/\/secure.gravatar.com\/avatar\/1ae6b7966942c60c822ea71afe0e5cf4105b8e983193883c6d026db4d508431d?s=96&d=mm&r=g","caption":"Laura Hern\u00e1ndez"}}]}},"_links":{"self":[{"href":"https:\/\/futbolhoy.co\/index.php\/wp-json\/wp\/v2\/posts\/58566","targetHints":{"allow":["GET"]}}],"collection":[{"href":"https:\/\/futbolhoy.co\/index.php\/wp-json\/wp\/v2\/posts"}],"about":[{"href":"https:\/\/futbolhoy.co\/index.php\/wp-json\/wp\/v2\/types\/post"}],"author":[{"embeddable":true,"href":"https:\/\/futbolhoy.co\/index.php\/wp-json\/wp\/v2\/users\/5"}],"replies":[{"embeddable":true,"href":"https:\/\/futbolhoy.co\/index.php\/wp-json\/wp\/v2\/comments?post=58566"}],"version-history":[{"count":1,"href":"https:\/\/futbolhoy.co\/index.php\/wp-json\/wp\/v2\/posts\/58566\/revisions"}],"predecessor-version":[{"id":58570,"href":"https:\/\/futbolhoy.co\/index.php\/wp-json\/wp\/v2\/posts\/58566\/revisions\/58570"}],"wp:featuredmedia":[{"embeddable":true,"href":"https:\/\/futbolhoy.co\/index.php\/wp-json\/wp\/v2\/media\/58568"}],"wp:attachment":[{"href":"https:\/\/futbolhoy.co\/index.php\/wp-json\/wp\/v2\/media?parent=58566"}],"wp:term":[{"taxonomy":"category","embeddable":true,"href":"https:\/\/futbolhoy.co\/index.php\/wp-json\/wp\/v2\/categories?post=58566"},{"taxonomy":"post_tag","embeddable":true,"href":"https:\/\/futbolhoy.co\/index.php\/wp-json\/wp\/v2\/tags?post=58566"}],"curies":[{"name":"wp","href":"https:\/\/api.w.org\/{rel}","templated":true}]}}