{"id":59558,"date":"2020-12-20T20:00:32","date_gmt":"2020-12-21T01:00:32","guid":{"rendered":"https:\/\/futbolhoy.co\/?p=59558"},"modified":"2020-12-21T17:44:50","modified_gmt":"2020-12-21T22:44:50","slug":"59558","status":"publish","type":"post","link":"https:\/\/futbolhoy.co\/index.php\/2020\/12\/20\/59558\/","title":{"rendered":"Am\u00e9rica se colg\u00f3 media estrella"},"content":{"rendered":"<audio class=\"wp-audio-shortcode\" id=\"audio-59558-1\" preload=\"none\" style=\"width: 100%;\" controls=\"controls\"><source type=\"audio\/mpeg\" src=\"https:\/\/futbolhoy.co\/wp-content\/uploads\/2020\/12\/WhatsApp-Audio-2020-12-20-at-8.04.27-PM.mp3?_=1\" \/><a href=\"https:\/\/futbolhoy.co\/wp-content\/uploads\/2020\/12\/WhatsApp-Audio-2020-12-20-at-8.04.27-PM.mp3\">https:\/\/futbolhoy.co\/wp-content\/uploads\/2020\/12\/WhatsApp-Audio-2020-12-20-at-8.04.27-PM.mp3<\/a><\/audio>\n<p>(Joel Graterol, portero del Am\u00e9rica, en entrevista con Win Sports)<\/p>\n<audio class=\"wp-audio-shortcode\" id=\"audio-59558-2\" preload=\"none\" style=\"width: 100%;\" controls=\"controls\"><source type=\"audio\/mpeg\" src=\"https:\/\/futbolhoy.co\/wp-content\/uploads\/2020\/12\/WhatsApp-Audio-2020-12-20-at-8.07.34-PM.mp3?_=2\" \/><a href=\"https:\/\/futbolhoy.co\/wp-content\/uploads\/2020\/12\/WhatsApp-Audio-2020-12-20-at-8.07.34-PM.mp3\">https:\/\/futbolhoy.co\/wp-content\/uploads\/2020\/12\/WhatsApp-Audio-2020-12-20-at-8.07.34-PM.mp3<\/a><\/audio>\n<p>(Diego Vald\u00e9s, delantero de Independiente Santa Fe, en entrevista con Win Sports)<\/p>\n<audio class=\"wp-audio-shortcode\" id=\"audio-59558-3\" preload=\"none\" style=\"width: 100%;\" controls=\"controls\"><source type=\"audio\/mpeg\" src=\"https:\/\/futbolhoy.co\/wp-content\/uploads\/2020\/12\/WhatsApp-Audio-2020-12-20-at-8.08.03-PM.mp3?_=3\" \/><a href=\"https:\/\/futbolhoy.co\/wp-content\/uploads\/2020\/12\/WhatsApp-Audio-2020-12-20-at-8.08.03-PM.mp3\">https:\/\/futbolhoy.co\/wp-content\/uploads\/2020\/12\/WhatsApp-Audio-2020-12-20-at-8.08.03-PM.mp3<\/a><\/audio>\n<p>(Yesus Cabrera, volante del Am\u00e9rica, en entrevista con Win Sports)<\/p>\n<p style=\"text-align: justify;\"><span style=\"font-family: helvetica, arial, sans-serif;\">El primer partido por la final de la <strong>Liga colombiana<\/strong> se lo llev\u00f3 con amplitud el <strong>Am\u00e9rica de Cali<\/strong> al derrotar 3-0 a<strong> Santa Fe<\/strong> en el estadio <strong>Pascual Guerrero<\/strong>, con dominio de las acciones de juego y gran efectividad.<\/span><\/p>\n<p style=\"text-align: justify;\"><span style=\"font-family: helvetica, arial, sans-serif;\">Los goles del \u2018escarlata\u2019 fueron marcados por <strong>Yesus Cabrera (24\u2019)<\/strong> despu\u00e9s de cazar en la media luna un mal rechazo de <strong>Fainer Torijano; Duv\u00e1n Vergara (62\u2019)<\/strong> a la salida de un saque de banda donde fall\u00f3 la defensa santafere\u00f1a y <strong>Santiago Moreno (78\u2019) a<\/strong> pase cruzado de izquierda a derecha de Cabrera.<\/span><\/p>\n<p style=\"text-align: justify;\"><span style=\"font-family: helvetica, arial, sans-serif;\">Am\u00e9rica fue justo vencedor, siendo pr\u00e1ctico en su f\u00fatbol, directo, llevando al rival a jugar bajo sus condiciones, teniendo en Cabrera a su principal figura.<\/span><\/p>\n<p style=\"text-align: justify;\"><span style=\"font-family: helvetica, arial, sans-serif;\">Santa Fe se vio desdibujado, err\u00e1tico en el fondo, sin contundencia en las oportunidades que tuvo y se torn\u00f3 nervioso al final del partido.<\/span><\/p>\n<p style=\"text-align: justify;\"><span style=\"font-family: helvetica, arial, sans-serif;\">Fueron amonestados <strong>Luis Paz<\/strong> por el local y <strong>Daniel Giraldo<\/strong> y <strong>Andr\u00e9s P\u00e9rez<\/strong> por los \u2018cardenales\u2019.<\/span><\/p>\n<p style=\"text-align: justify;\"><span style=\"font-family: helvetica, arial, sans-serif;\">El partido de vuelta se disputar\u00e1 el domingo 27 de diciembre en el estadio <strong>El Camp\u00edn<\/strong> de <strong>Bogot\u00e1<\/strong> a las 6pm.<\/span><\/p>\n<p style=\"text-align: justify;\"><strong><span style=\"font-family: helvetica, arial, sans-serif;\">Formaciones:<\/span><\/strong><\/p>\n<p style=\"text-align: justify;\"><span style=\"font-family: helvetica, arial, sans-serif;\"><strong>Am\u00e9rica:<\/strong> Joel Graterol; Cristian Arrieta, Marlon Torres, Pablo Ortiz, Edwin Velasco (Daniel Qui\u00f1ones 52\u2019); Luis S\u00e1nchez (Rafael Carrascal 73\u2019), Luis Paz (Rodrigo Ure\u00f1a 52\u2019), Yesus Cabrera (Jhon Arias 80\u2019); Santiago Moreno, Adri\u00e1n Ramos (Marco Rodr\u00edguez 81\u2019) y Duv\u00e1n Vergara.<\/span><\/p>\n<p style=\"text-align: justify;\"><span style=\"font-family: helvetica, arial, sans-serif;\"><strong>Santa Fe:<\/strong> Leandro Castellanos; Carlos Mario Arboleda, Fainer Torijano, Jeisson Palacios, Dixon Renter\u00eda; Andr\u00e9s P\u00e9rez (Juan Sebasti\u00e1n Pedroza 64\u2019), Daniel Giraldo; Fabi\u00e1n Sambueza (Mauricio G\u00f3mez 76\u2019), Kelvin Osorio (Luis Maniel Seijas 59\u2019), Jhon Vel\u00e1squez (Patricio Cucchi 77\u2019); y Jorge Luis Ramos (Diego Vald\u00e9s 64\u2019).<\/span><\/p>\n<p style=\"text-align: justify;\"><span style=\"font-family: helvetica, arial, sans-serif;\"><strong>\u00c1rbitro:<\/strong> Carlos Ortega.<\/span><\/p>\n","protected":false},"excerpt":{"rendered":"<p>(Joel Graterol, portero del Am\u00e9rica, en entrevista con Win Sports) (Diego Vald\u00e9s, delantero de Independiente Santa Fe, en entrevista con Win Sports) (Yesus Cabrera, volante del Am\u00e9rica, en entrevista con Win Sports) El primer partido por la final de la Liga colombiana se lo llev\u00f3 con amplitud el Am\u00e9rica de Cali al derrotar 3-0 a [&hellip;]<\/p>\n","protected":false},"author":5,"featured_media":59583,"comment_status":"open","ping_status":"closed","sticky":false,"template":"","format":"video","meta":{"_acf_changed":false,"footnotes":""},"categories":[7],"tags":[150,279,118],"class_list":{"0":"post-59558","1":"post","2":"type-post","3":"status-publish","4":"format-video","5":"has-post-thumbnail","7":"category-liga-betplay","8":"tag-america","9":"tag-liga","10":"tag-santa-fe","11":"post_format-post-format-video"},"acf":[],"_links":{"self":[{"href":"https:\/\/futbolhoy.co\/index.php\/wp-json\/wp\/v2\/posts\/59558","targetHints":{"allow":["GET"]}}],"collection":[{"href":"https:\/\/futbolhoy.co\/index.php\/wp-json\/wp\/v2\/posts"}],"about":[{"href":"https:\/\/futbolhoy.co\/index.php\/wp-json\/wp\/v2\/types\/post"}],"author":[{"embeddable":true,"href":"https:\/\/futbolhoy.co\/index.php\/wp-json\/wp\/v2\/users\/5"}],"replies":[{"embeddable":true,"href":"https:\/\/futbolhoy.co\/index.php\/wp-json\/wp\/v2\/comments?post=59558"}],"version-history":[{"count":8,"href":"https:\/\/futbolhoy.co\/index.php\/wp-json\/wp\/v2\/posts\/59558\/revisions"}],"predecessor-version":[{"id":59591,"href":"https:\/\/futbolhoy.co\/index.php\/wp-json\/wp\/v2\/posts\/59558\/revisions\/59591"}],"wp:featuredmedia":[{"embeddable":true,"href":"https:\/\/futbolhoy.co\/index.php\/wp-json\/wp\/v2\/media\/59583"}],"wp:attachment":[{"href":"https:\/\/futbolhoy.co\/index.php\/wp-json\/wp\/v2\/media?parent=59558"}],"wp:term":[{"taxonomy":"category","embeddable":true,"href":"https:\/\/futbolhoy.co\/index.php\/wp-json\/wp\/v2\/categories?post=59558"},{"taxonomy":"post_tag","embeddable":true,"href":"https:\/\/futbolhoy.co\/index.php\/wp-json\/wp\/v2\/tags?post=59558"}],"curies":[{"name":"wp","href":"https:\/\/api.w.org\/{rel}","templated":true}]}}