{"id":59604,"date":"2020-12-21T17:42:31","date_gmt":"2020-12-21T22:42:31","guid":{"rendered":"https:\/\/futbolhoy.co\/?p=59604"},"modified":"2020-12-22T10:38:34","modified_gmt":"2020-12-22T15:38:34","slug":"osorio-podria-regresar-a-mexico","status":"publish","type":"post","link":"https:\/\/futbolhoy.co\/index.php\/2020\/12\/21\/osorio-podria-regresar-a-mexico\/","title":{"rendered":"Osorio podr\u00eda regresar a M\u00e9xico"},"content":{"rendered":"<p style=\"text-align: justify;\"><span style=\"font-family: helvetica, arial, sans-serif;\">El t\u00e9cnico risaraldense <strong>Juan Carlos Osorio<\/strong> integra la baraja de candidatos para dirigir al <strong>Am\u00e9rica de M\u00e9xico,<\/strong> tras la destituci\u00f3n de <strong>Miguel \u2018El Piojo\u2019 Herrera<\/strong>.<\/span><\/p>\n<p style=\"text-align: justify;\"><span style=\"font-family: helvetica, arial, sans-serif;\"><strong>Osorio,<\/strong> quien estuvo a cargo la selecci\u00f3n azteca entre 2015 y 2018 y hasta noviembre estuvo al frente del<strong> Atl\u00e9tico Nacional<\/strong>, fue incluido en la lista donde tambi\u00e9n aparecen<strong> Robert Dante Siboldi<\/strong>, <strong>Diego Alonso<\/strong> y <strong>Antonio Mohamed.<\/strong><\/span><\/p>\n<p style=\"text-align: justify;\"><span style=\"font-family: helvetica, arial, sans-serif;\">Las condiciones que fij\u00f3 el club para el nuevo estratega son: no tener compromisos y conocer el f\u00fatbol mexicano.<\/span><\/p>\n<p style=\"text-align: justify;\"><span style=\"font-family: helvetica, arial, sans-serif;\">La salida de <strong>Herrera<\/strong> se conoci\u00f3 despu\u00e9s que el equipo cay\u00f3 3-1 frente a<strong> Los \u00c1ngeles FC<\/strong>, en las semifinales de la <strong>Liga de Campeones de la Concacaf-2020<\/strong>.<\/span><\/p>\n<p style=\"text-align: justify;\"><span style=\"font-family: helvetica, arial, sans-serif;\"><strong>Las \u00c1guilas<\/strong> tambi\u00e9n quedaron eliminadas en cuartos de final del torneo Guard1anes-2020.<\/span><\/p>\n","protected":false},"excerpt":{"rendered":"<p>El t\u00e9cnico risaraldense Juan Carlos Osorio integra la baraja de candidatos para dirigir al Am\u00e9rica de M\u00e9xico, tras la destituci\u00f3n de Miguel \u2018El Piojo\u2019 Herrera. Osorio, quien estuvo a cargo la selecci\u00f3n azteca entre 2015 y 2018 y hasta noviembre estuvo al frente del Atl\u00e9tico Nacional, fue incluido en la lista donde tambi\u00e9n aparecen Robert [&hellip;]<\/p>\n","protected":false},"author":5,"featured_media":59607,"comment_status":"open","ping_status":"closed","sticky":false,"template":"","format":"standard","meta":{"_acf_changed":false,"footnotes":""},"categories":[152],"tags":[],"class_list":{"0":"post-59604","1":"post","2":"type-post","3":"status-publish","4":"format-standard","5":"has-post-thumbnail","7":"category-mundo-futbol"},"acf":[],"_links":{"self":[{"href":"https:\/\/futbolhoy.co\/index.php\/wp-json\/wp\/v2\/posts\/59604","targetHints":{"allow":["GET"]}}],"collection":[{"href":"https:\/\/futbolhoy.co\/index.php\/wp-json\/wp\/v2\/posts"}],"about":[{"href":"https:\/\/futbolhoy.co\/index.php\/wp-json\/wp\/v2\/types\/post"}],"author":[{"embeddable":true,"href":"https:\/\/futbolhoy.co\/index.php\/wp-json\/wp\/v2\/users\/5"}],"replies":[{"embeddable":true,"href":"https:\/\/futbolhoy.co\/index.php\/wp-json\/wp\/v2\/comments?post=59604"}],"version-history":[{"count":1,"href":"https:\/\/futbolhoy.co\/index.php\/wp-json\/wp\/v2\/posts\/59604\/revisions"}],"predecessor-version":[{"id":59613,"href":"https:\/\/futbolhoy.co\/index.php\/wp-json\/wp\/v2\/posts\/59604\/revisions\/59613"}],"wp:featuredmedia":[{"embeddable":true,"href":"https:\/\/futbolhoy.co\/index.php\/wp-json\/wp\/v2\/media\/59607"}],"wp:attachment":[{"href":"https:\/\/futbolhoy.co\/index.php\/wp-json\/wp\/v2\/media?parent=59604"}],"wp:term":[{"taxonomy":"category","embeddable":true,"href":"https:\/\/futbolhoy.co\/index.php\/wp-json\/wp\/v2\/categories?post=59604"},{"taxonomy":"post_tag","embeddable":true,"href":"https:\/\/futbolhoy.co\/index.php\/wp-json\/wp\/v2\/tags?post=59604"}],"curies":[{"name":"wp","href":"https:\/\/api.w.org\/{rel}","templated":true}]}}