{"id":59605,"date":"2020-12-21T17:42:25","date_gmt":"2020-12-21T22:42:25","guid":{"rendered":"https:\/\/futbolhoy.co\/?p=59605"},"modified":"2020-12-22T10:15:59","modified_gmt":"2020-12-22T15:15:59","slug":"no-hay-fecha-para-el-retorno-de-falcao","status":"publish","type":"post","link":"https:\/\/futbolhoy.co\/index.php\/2020\/12\/21\/no-hay-fecha-para-el-retorno-de-falcao\/","title":{"rendered":"No hay fecha para el retorno de Falcao"},"content":{"rendered":"<p style=\"text-align: justify;\"><span style=\"font-family: helvetica, arial, sans-serif;\"><strong>Falcao Garc\u00eda<\/strong> sufre una lesi\u00f3n muscular con sangrado interno\u00a0\u00a0grado dos, pero no est\u00e1 definido el tiempo que resta para su recuperaci\u00f3n, revel\u00f3 el <strong>Galatasaray<\/strong> de Turqu\u00eda.<\/span><\/p>\n<p style=\"text-align: justify;\"><span style=\"font-family: helvetica, arial, sans-serif;\">\u00abRadamel Falcao, quien continu\u00f3 su tratamiento por una distensi\u00f3n de segundo grado y sangrado en el grupo muscular anterior superior derecho, continu\u00f3 con la adaptaci\u00f3n al campo en el programa que le prepararon \u00ab, dice la nota de prensa del club.<\/span><\/p>\n<p style=\"text-align: justify;\"><span style=\"font-family: helvetica, arial, sans-serif;\">En principio se asegur\u00f3 que era una tensi\u00f3n moderada en su pierna derecha, pero el comunicado precis\u00f3 la lesi\u00f3n que padece el colombiano.<\/span><\/p>\n<p style=\"text-align: justify;\"><span style=\"font-family: helvetica, arial, sans-serif;\">El \u2018Tigre\u2019 completar\u00e1 este martes, ocho partidos por fuera de la formaci\u00f3n del equipo de <strong>Estambul.<\/strong><\/span><\/p>\n","protected":false},"excerpt":{"rendered":"<p>Falcao Garc\u00eda sufre una lesi\u00f3n muscular con sangrado interno\u00a0\u00a0grado dos, pero no est\u00e1 definido el tiempo que resta para su recuperaci\u00f3n, revel\u00f3 el Galatasaray de Turqu\u00eda. \u00abRadamel Falcao, quien continu\u00f3 su tratamiento por una distensi\u00f3n de segundo grado y sangrado en el grupo muscular anterior superior derecho, continu\u00f3 con la adaptaci\u00f3n al campo en el [&hellip;]<\/p>\n","protected":false},"author":5,"featured_media":59608,"comment_status":"open","ping_status":"closed","sticky":false,"template":"","format":"standard","meta":{"_acf_changed":false,"footnotes":""},"categories":[418],"tags":[],"class_list":{"0":"post-59605","1":"post","2":"type-post","3":"status-publish","4":"format-standard","5":"has-post-thumbnail","7":"category-colombia"},"acf":[],"_links":{"self":[{"href":"https:\/\/futbolhoy.co\/index.php\/wp-json\/wp\/v2\/posts\/59605","targetHints":{"allow":["GET"]}}],"collection":[{"href":"https:\/\/futbolhoy.co\/index.php\/wp-json\/wp\/v2\/posts"}],"about":[{"href":"https:\/\/futbolhoy.co\/index.php\/wp-json\/wp\/v2\/types\/post"}],"author":[{"embeddable":true,"href":"https:\/\/futbolhoy.co\/index.php\/wp-json\/wp\/v2\/users\/5"}],"replies":[{"embeddable":true,"href":"https:\/\/futbolhoy.co\/index.php\/wp-json\/wp\/v2\/comments?post=59605"}],"version-history":[{"count":1,"href":"https:\/\/futbolhoy.co\/index.php\/wp-json\/wp\/v2\/posts\/59605\/revisions"}],"predecessor-version":[{"id":59612,"href":"https:\/\/futbolhoy.co\/index.php\/wp-json\/wp\/v2\/posts\/59605\/revisions\/59612"}],"wp:featuredmedia":[{"embeddable":true,"href":"https:\/\/futbolhoy.co\/index.php\/wp-json\/wp\/v2\/media\/59608"}],"wp:attachment":[{"href":"https:\/\/futbolhoy.co\/index.php\/wp-json\/wp\/v2\/media?parent=59605"}],"wp:term":[{"taxonomy":"category","embeddable":true,"href":"https:\/\/futbolhoy.co\/index.php\/wp-json\/wp\/v2\/categories?post=59605"},{"taxonomy":"post_tag","embeddable":true,"href":"https:\/\/futbolhoy.co\/index.php\/wp-json\/wp\/v2\/tags?post=59605"}],"curies":[{"name":"wp","href":"https:\/\/api.w.org\/{rel}","templated":true}]}}